{"id":463478,"date":"2025-10-14T22:59:12","date_gmt":"2025-10-14T22:59:12","guid":{"rendered":"https:\/\/www.europesays.com\/fr\/463478\/"},"modified":"2025-10-14T22:59:12","modified_gmt":"2025-10-14T22:59:12","slug":"un-pere-menace-de-mort-le-chef-dun-service-de-reanimation-pediatrique-a-marseille","status":"publish","type":"post","link":"https:\/\/www.europesays.com\/fr\/463478\/","title":{"rendered":"Un p\u00e8re menace de mort le chef d\u2019un service de r\u00e9animation p\u00e9diatrique \u00e0 Marseille"},"content":{"rendered":"<p>Le personnel est encore sous le choc. Jeudi 9\u00a0octobre 2025, une agression est survenue au\u00a0service de r\u00e9animation p\u00e9diatrique de l\u2019h\u00f4pital de la Timone de Marseille (Bouches-du-Rh\u00f4ne). Vers 21\u00a0h, le p\u00e8re d\u2019un enfant hospitalis\u00e9 et une vingtaine de ses proches, issus de la communaut\u00e9 des gens du voyage, ont fait irruption \u00e0 l\u2019h\u00f4pital,\u00a0rapporte <a href=\"https:\/\/www.lefigaro.fr\/marseille\/je-vais-le-tuer-a-marseille-les-soignants-d-un-hopital-menaces-de-mort-par-un-pere-de-famille-et-ses-proches-20251010\" target=\"_blank\" rel=\"noopener\"> Le Figaro <\/a>.<\/p>\n<p>Le p\u00e8re en avait apparemment apr\u00e8s le chef du service, un professeur de m\u00e9decine, en raison de d\u00e9fauts, selon lui, dans la prise en charge de son enfant. Des menaces de mort ont \u00e9t\u00e9 prof\u00e9r\u00e9es \u00e0 plusieurs reprises contre le soignant, absent ce soir-l\u00e0, et contre l\u2019\u00e9quipe m\u00e9dicale de garde.\u00a0<strong>\u00ab\u00a0Des mots terribles, tr\u00e8s violents et r\u00e9p\u00e9t\u00e9s \u00e0 froid\u00a0\u00bb<\/strong>, souligne un t\u00e9moin aupr\u00e8s d\u2019<a href=\"https:\/\/www.francebleu.fr\/infos\/sante-sciences\/des-mots-violents-repetes-a-froid-une-plainte-deposee-pour-menaces-de-mort-par-l-hopital-de-la-timone-a-marseille-2875280\" target=\"_blank\" rel=\"noopener\"> Ici Provence <\/a>.<\/p>\n<p>Une violence d\u00e9sormais \u00ab\u00a0permanente\u00a0\u00bb dans les h\u00f4pitaux<\/p>\n<p>Selon le t\u00e9moignage d\u2019un d\u00e9l\u00e9gu\u00e9 syndical FO de l\u2019AP-HM aupr\u00e8s de\u00a0<a href=\"https:\/\/france3-regions.franceinfo.fr\/provence-alpes-cote-d-azur\/bouches-du-rhone\/marseille\/un-papa-a-menace-de-mort-les-personnels-violence-aux-urgences-pediatriques-l-homme-interpelle-une-plainte-deposee-3231929.html\" target=\"_blank\" rel=\"noopener\"> France 3\u00a0Provence-Alpes C\u00f4te d\u2019Azur <\/a>, l\u2019homme a \u00e9t\u00e9 jusqu\u2019\u00e0 faire un <strong>\u00ab\u00a0front contre front\u00a0\u00bb<\/strong> avec un membre du\u00a0personnel. Le service de s\u00e9curit\u00e9\u00a0puis la police sont rapidement intervenus. L\u2019homme a \u00e9t\u00e9 plac\u00e9 en garde \u00e0 vue et un \u00e9quipage de police est rest\u00e9 sur place le reste de la soir\u00e9e.<\/p>\n<p>Mis au courant, le chef du service a d\u00e9pos\u00e9 plainte le lendemain au nom de son service pour \u00ab\u00a0menaces de mort\u00a0\u00bb. Une enqu\u00eate a \u00e9t\u00e9 ouverte. Deux soignants tr\u00e8s choqu\u00e9s sont en arr\u00eat maladie. Le p\u00e8re, lui, est d\u00e9sormais interdit d\u2019entrer \u00e0 l\u2019h\u00f4pital.\u00a0<strong>\u00ab\u00a0Nous, on demande un plan s\u00e9curit\u00e9 puisque nous avons sur l\u2019ensemble de l\u2019AP-HM un pr\u00e9avis de gr\u00e8ve sur la s\u00e9curit\u00e9\u00a0\u00bb<\/strong>, a ajout\u00e9 le d\u00e9l\u00e9gu\u00e9 syndical.<\/p>\n<p>Ce nouvel \u00e9pisode de violences envers des soignants a beaucoup fait r\u00e9agir. La secr\u00e9taire g\u00e9n\u00e9rale FO des H\u00f4pitaux Universitaires de Marseille a ainsi d\u00e9nonc\u00e9 une\u00a0<strong>\u00ab\u00a0violence permanente qu\u2019on trouve maintenant dans tous les services\u00a0\u00bb<\/strong>, faisant \u00e9tat d\u2019autres agressions r\u00e9centes dans la ville.<\/p>\n<p>\u00a0<\/p>\n","protected":false},"excerpt":{"rendered":"Le personnel est encore sous le choc. Jeudi 9\u00a0octobre 2025, une agression est survenue au\u00a0service de r\u00e9animation p\u00e9diatrique&hellip;\n","protected":false},"author":2,"featured_media":463479,"comment_status":"","ping_status":"","sticky":false,"template":"","format":"standard","meta":{"footnotes":""},"categories":[2814],"tags":[1111,11,7818,1777,674,1011,27,884,1147,18,12,25040,6552,882,58755,25,3737,2310],"class_list":{"0":"post-463478","1":"post","2":"type-post","3":"status-publish","4":"format-standard","5":"has-post-thumbnail","7":"category-marseille","8":"tag-actu","9":"tag-actualites","10":"tag-chef","11":"tag-eu","12":"tag-europe","13":"tag-fr","14":"tag-france","15":"tag-marseille","16":"tag-menace","17":"tag-mort","18":"tag-news","19":"tag-pediatrique","20":"tag-pere","21":"tag-provence-alpes-cote-dazur","22":"tag-reanimation","23":"tag-republique-francaise","24":"tag-service","25":"tag-toulon"},"share_on_mastodon":{"url":"https:\/\/pubeurope.com\/@fr\/115375005059648738","error":""},"_links":{"self":[{"href":"https:\/\/www.europesays.com\/fr\/wp-json\/wp\/v2\/posts\/463478","targetHints":{"allow":["GET"]}}],"collection":[{"href":"https:\/\/www.europesays.com\/fr\/wp-json\/wp\/v2\/posts"}],"about":[{"href":"https:\/\/www.europesays.com\/fr\/wp-json\/wp\/v2\/types\/post"}],"author":[{"embeddable":true,"href":"https:\/\/www.europesays.com\/fr\/wp-json\/wp\/v2\/users\/2"}],"replies":[{"embeddable":true,"href":"https:\/\/www.europesays.com\/fr\/wp-json\/wp\/v2\/comments?post=463478"}],"version-history":[{"count":0,"href":"https:\/\/www.europesays.com\/fr\/wp-json\/wp\/v2\/posts\/463478\/revisions"}],"wp:featuredmedia":[{"embeddable":true,"href":"https:\/\/www.europesays.com\/fr\/wp-json\/wp\/v2\/media\/463479"}],"wp:attachment":[{"href":"https:\/\/www.europesays.com\/fr\/wp-json\/wp\/v2\/media?parent=463478"}],"wp:term":[{"taxonomy":"category","embeddable":true,"href":"https:\/\/www.europesays.com\/fr\/wp-json\/wp\/v2\/categories?post=463478"},{"taxonomy":"post_tag","embeddable":true,"href":"https:\/\/www.europesays.com\/fr\/wp-json\/wp\/v2\/tags?post=463478"}],"curies":[{"name":"wp","href":"https:\/\/api.w.org\/{rel}","templated":true}]}}