{"id":463482,"date":"2025-10-14T23:01:25","date_gmt":"2025-10-14T23:01:25","guid":{"rendered":"https:\/\/www.europesays.com\/fr\/463482\/"},"modified":"2025-10-14T23:01:25","modified_gmt":"2025-10-14T23:01:25","slug":"une-confirmation-de-la-stabilisation-des-prix-dans-le-rhone-note-efficity","status":"publish","type":"post","link":"https:\/\/www.europesays.com\/fr\/463482\/","title":{"rendered":"Une confirmation de la stabilisation des prix dans le Rh\u00f4ne, note Efficity"},"content":{"rendered":"<p><img width=\"487\" height=\"259\" src=\"https:\/\/www.europesays.com\/fr\/wp-content\/uploads\/2025\/10\/Lyonvuetoit3.jpg\" class=\"attachment-post-thumbnail size-post-thumbnail wp-post-image\" alt=\"\" decoding=\"async\" fetchpriority=\"high\" \/><\/p>\n<p>(SDH\/LPI)<\/p>\n<p><strong>Le r\u00e9seau de mandataires vient de publier son barom\u00e8tre du 1er semestre, qui confirme la stabilisation progressive du march\u00e9 immobilier lyonnais et rhodanien.<\/strong><\/p>\n<p>Efficity a publi\u00e9 lundi son barom\u00e8tre du 1er semestre. Celui-ci confirme la stabilisation progressive du march\u00e9 immobilier lyonnais et rhodanien, laquelle intervient apr\u00e8s des trimestres d\u2019ajustements. Apr\u00e8s plusieurs ann\u00e9es de hausse, le march\u00e9 immobilier du d\u00e9partement poursuit son r\u00e9\u00e9quilibrage, le dernier barom\u00e8tre des prix confirmant une stabilisation progressive.<\/p>\n<p>Prix l\u00e9g\u00e8rement en baisse<\/p>\n<p>Pour les appartements, les prix moyens au m\u00b2 sont en baisse continue de 1,3% depuis janvier 2025. Pour les maisons, la tendance est d\u00e9sormais l\u00e9g\u00e8rement baissi\u00e8re \u00e0 Lyon, de 0,6%, alors qu\u2019en juin, la m\u00e9tropole enregistrait encore une hausse de 1,1%.<\/p>\n<p>Le march\u00e9 a \u00ababsorb\u00e9 les corrections des derniers mois et s\u2019installe dans une dynamique de ralentissement ma\u00eetris\u00e9\u00a0\u00bb, note le r\u00e9seau de mandataire, qui ajoute que Lyon suit la tendance observ\u00e9e dans plusieurs grandes m\u00e9tropoles, \u00e0 savoir un march\u00e9 qui se stabilise \u00e0 un niveau \u00e9lev\u00e9, mais avec une \u00e9rosion lente des prix.<\/p>\n<p>Retour \u00e0 la normalit\u00e9 sur le front des marges de n\u00e9gociation<\/p>\n<p>Les marges de n\u00e9gociation se sont nettement contract\u00e9es, apr\u00e8s avoir fr\u00f4l\u00e9 les 10% en 2023-2024. Efficity rappelle que le barom\u00e8tre de juin relevait d\u00e9j\u00e0 une baisse avec une concession moyenne de 7,6 % entre le premier prix affich\u00e9 et le prix final, puis encore 3,1 % de n\u00e9gociation \u00e0 la signature. Les marges sont aujourd&rsquo;hui revenues \u00e0 un niveau plus mod\u00e9r\u00e9, signe d\u2019un march\u00e9 o\u00f9 les vendeurs ajustent davantage leur prix d\u00e8s la mise en vente.<\/p>\n<p><strong>Si vous avez appr\u00e9ci\u00e9 cet article, s&rsquo;il vous plait, prenez le temps de <a href=\"#comments\">laisser un commentaire<\/a> ou de <a href=\"http:\/\/www.lyonpoleimmo.com\/feed\/\" target=\"_blank\" rel=\"noopener\">souscrire au flux<\/a> afin de recevoir les futurs articles directement dans votre lecteur de flux.<br \/>\n    <\/strong><\/p>\n<p>\t<a href=\"http:\/\/www.lyonpoleimmo.com\/2025\/06\/09\/91176\/les-volumes-de-vente-dans-le-rhone-en-baisse-de-8-sur-un-an\/\" rel=\"bookmark noopener\" title=\"Lien Permanent vers Les volumes de vente dans le Rh\u00f4ne en baisse de 8% sur un an\" target=\"_blank\">Les volumes de vente dans le Rh\u00f4ne en baisse de 8% sur un an<\/a><\/p>\n<p>\t<a href=\"http:\/\/www.lyonpoleimmo.com\/2025\/06\/09\/91176\/les-volumes-de-vente-dans-le-rhone-en-baisse-de-8-sur-un-an\/\" rel=\"bookmark noopener\" title=\"Lien Permanent vers Les volumes de vente dans le Rh\u00f4ne en baisse de 8% sur un an\" target=\"_blank\"><\/p>\n<p><img decoding=\"async\" src=\"https:\/\/www.europesays.com\/fr\/wp-content\/uploads\/2025\/07\/immeubles42.jpg\" alt=\"null\" \/>L\u2019activit\u00e9 du march\u00e9 immobilier reste atone \u00e0 Lyon et dans le Rh\u00f4ne, selon le dernier barom\u00e8tre de juin de la Chambre interd\u00e9partementale des notaires de la Cour d\u2019appel de Lyon. La baisse des prix tend toutefois \u00e0 s\u2019amoindrir.<\/p>\n<p><\/a><\/p>\n<p>\t<a href=\"http:\/\/www.lyonpoleimmo.com\/2025\/04\/02\/90270\/immobilier-les-volumes-ont-recule-de-79-dans-le-rhone-en-2024\/\" rel=\"bookmark noopener\" title=\"Lien Permanent vers Immobilier : les volumes d\u2019appartements ont recul\u00e9 de 7,9% dans le Rh\u00f4ne en 2024\" target=\"_blank\">Immobilier : les volumes d\u2019appartements ont recul\u00e9 de 7,9% dans le Rh\u00f4ne en 2024<\/a><\/p>\n<p>\t<a href=\"http:\/\/www.lyonpoleimmo.com\/2025\/04\/02\/90270\/immobilier-les-volumes-ont-recule-de-79-dans-le-rhone-en-2024\/\" rel=\"bookmark noopener\" title=\"Lien Permanent vers Immobilier : les volumes d\u2019appartements ont recul\u00e9 de 7,9% dans le Rh\u00f4ne en 2024\" target=\"_blank\"><\/p>\n<p><img decoding=\"async\" src=\"https:\/\/www.europesays.com\/fr\/wp-content\/uploads\/2025\/07\/notairesrhone.jpg\" alt=\"null\" \/>La Chambre interd\u00e9partementale des notaires de la Cour d\u2019appel de Lyon a pr\u00e9sent\u00e9 mardi les grands chiffres de l\u2019ann\u00e9e \u00e9coul\u00e9e en mati\u00e8re d\u2019immobilier dans le d\u00e9partement et la M\u00e9tropole.<\/p>\n<p><\/a><\/p>\n<p>\t<a href=\"http:\/\/www.lyonpoleimmo.com\/2024\/10\/15\/87612\/un-marche-immobilier-en-voie-de-retournement-a-lyon\/\" rel=\"bookmark noopener\" title=\"Lien Permanent vers Un march\u00e9 immobilier en voie de retournement \u00e0 Lyon\" target=\"_blank\">Un march\u00e9 immobilier en voie de retournement \u00e0 Lyon<\/a><\/p>\n<p>\t<a href=\"http:\/\/www.lyonpoleimmo.com\/2024\/10\/15\/87612\/un-marche-immobilier-en-voie-de-retournement-a-lyon\/\" rel=\"bookmark noopener\" title=\"Lien Permanent vers Un march\u00e9 immobilier en voie de retournement \u00e0 Lyon\" target=\"_blank\"><\/p>\n<p><img decoding=\"async\" src=\"https:\/\/www.europesays.com\/fr\/wp-content\/uploads\/2025\/10\/gaucher-Nociar-villard-fnaim.jpg\" alt=\"null\" \/>La Chambre du Rh\u00f4ne de la FNAIM a, au cours d\u2019une conf\u00e9rence de presse, \u00e9voqu\u00e9 l\u2019\u00e9volution du march\u00e9 immobilier local, tant sur le front de la transaction que de la location.<\/p>\n<p><\/a><\/p>\n<p>\t<a href=\"http:\/\/www.lyonpoleimmo.com\/2024\/06\/06\/85813\/les-transactions-reculent-et-les-prix-baissent-dans-le-rhone\/\" rel=\"bookmark noopener\" title=\"Lien Permanent vers Les transactions reculent et les prix baissent dans le Rh\u00f4ne\" target=\"_blank\">Les transactions reculent et les prix baissent dans le Rh\u00f4ne<\/a><\/p>\n<p>\t<a href=\"http:\/\/www.lyonpoleimmo.com\/2024\/06\/06\/85813\/les-transactions-reculent-et-les-prix-baissent-dans-le-rhone\/\" rel=\"bookmark noopener\" title=\"Lien Permanent vers Les transactions reculent et les prix baissent dans le Rh\u00f4ne\" target=\"_blank\"><\/p>\n<p><img decoding=\"async\" src=\"https:\/\/www.europesays.com\/fr\/wp-content\/uploads\/2025\/10\/Pancrazio.jpg\" alt=\"null\" \/>La Chambre du Rh\u00f4ne de la FNAIM a organis\u00e9 la semaine derni\u00e8re un point sur le march\u00e9 immobilier \u00e0 Lyon. A notamment \u00e9t\u00e9 \u00e9voqu\u00e9e la situation du march\u00e9 immobilier ancien.<\/p>\n<p><\/a><\/p>\n<p>\t<a href=\"http:\/\/www.lyonpoleimmo.com\/2024\/04\/04\/84845\/le-prix-median-des-appartements-a-recule-de-51-a-lyon-en-2023\/\" rel=\"bookmark noopener\" title=\"Lien Permanent vers Le prix m\u00e9dian des appartements a recul\u00e9 de 5,1% \u00e0 Lyon en 2023\" target=\"_blank\">Le prix m\u00e9dian des appartements a recul\u00e9 de 5,1% \u00e0 Lyon en 2023<\/a><\/p>\n<p>\t<a href=\"http:\/\/www.lyonpoleimmo.com\/2024\/04\/04\/84845\/le-prix-median-des-appartements-a-recule-de-51-a-lyon-en-2023\/\" rel=\"bookmark noopener\" title=\"Lien Permanent vers Le prix m\u00e9dian des appartements a recul\u00e9 de 5,1% \u00e0 Lyon en 2023\" target=\"_blank\"><\/p>\n<p><img decoding=\"async\" src=\"https:\/\/www.europesays.com\/fr\/wp-content\/uploads\/2025\/10\/notaires-bilan2023.jpg\" alt=\"null\" \/>Le prix du m\u00b2 repasse sous les 5.000\u20ac, selon les notaires du Rh\u00f4ne qui organisaient jeudi leur traditionnelle conf\u00e9rence de presse de pr\u00e9sentation des chiffres de l\u2019immobilier.<\/p>\n<p><\/a><\/p>\n<p>\t<a href=\"http:\/\/www.lyonpoleimmo.com\/2024\/01\/30\/83692\/baisse-des-ventes-et-des-prix-de-limmobilier-dans-le-rhone-en-2023\/\" rel=\"bookmark noopener\" title=\"Lien Permanent vers Baisse des ventes et des prix de l\u2019immobilier dans le Rh\u00f4ne en 2023\" target=\"_blank\">Baisse des ventes et des prix de l\u2019immobilier dans le Rh\u00f4ne en 2023<\/a><\/p>\n<p>\t<a href=\"http:\/\/www.lyonpoleimmo.com\/2024\/01\/30\/83692\/baisse-des-ventes-et-des-prix-de-limmobilier-dans-le-rhone-en-2023\/\" rel=\"bookmark noopener\" title=\"Lien Permanent vers Baisse des ventes et des prix de l\u2019immobilier dans le Rh\u00f4ne en 2023\" target=\"_blank\"><\/p>\n<p>C\u2019est ce qu\u2019a indiqu\u00e9 la FNAIM dans sa note de conjoncture \u00e0 Lyon et le Rh\u00f4ne.<\/p>\n<p><\/a><\/p>\n<p>\t<a href=\"http:\/\/www.lyonpoleimmo.com\/2023\/09\/18\/81233\/la-fnaim-du-rhone-table-sur-une-chute-des-prix-de-10-en-2023\/\" rel=\"bookmark noopener\" title=\"Lien Permanent vers La FNAIM du Rh\u00f4ne table sur une chute des prix de 10% en 2023\" target=\"_blank\">La FNAIM du Rh\u00f4ne table sur une chute des prix de 10% en 2023<\/a><\/p>\n<p>\t<a href=\"http:\/\/www.lyonpoleimmo.com\/2023\/09\/18\/81233\/la-fnaim-du-rhone-table-sur-une-chute-des-prix-de-10-en-2023\/\" rel=\"bookmark noopener\" title=\"Lien Permanent vers La FNAIM du Rh\u00f4ne table sur une chute des prix de 10% en 2023\" target=\"_blank\"><\/p>\n<p><img decoding=\"async\" src=\"https:\/\/www.europesays.com\/fr\/wp-content\/uploads\/2025\/10\/immeubles.jpg\" alt=\"null\" \/>La Chambre FNAIM du Rh\u00f4ne a fait ce lundi un point sur le march\u00e9 immobilier rhodanien. Les volumes de transactions devraient reculer de 20% sur l\u2019ann\u00e9e.<\/p>\n<p><\/a><\/p>\n<p>\t<a href=\"http:\/\/www.lyonpoleimmo.com\/2023\/05\/24\/79448\/vers-une-baisse-des-prix-en-2023-en-rhone-alpes\/\" rel=\"bookmark noopener\" title=\"Lien Permanent vers Vers une baisse des prix en 2023 en Rh\u00f4ne-Alpes\" target=\"_blank\">Vers une baisse des prix en 2023 en Rh\u00f4ne-Alpes<\/a><\/p>\n<p>\t<a href=\"http:\/\/www.lyonpoleimmo.com\/2023\/05\/24\/79448\/vers-une-baisse-des-prix-en-2023-en-rhone-alpes\/\" rel=\"bookmark noopener\" title=\"Lien Permanent vers Vers une baisse des prix en 2023 en Rh\u00f4ne-Alpes\" target=\"_blank\"><\/p>\n<p><img decoding=\"async\" src=\"https:\/\/www.europesays.com\/fr\/wp-content\/uploads\/2025\/10\/notaires4871.jpg\" alt=\"null\" \/>C\u2019est le constat tir\u00e9 par les notaires de l\u2019ex-r\u00e9gion, qui ont publi\u00e9 leur note de conjoncture au titre du premier trimestre.<\/p>\n<p><\/a><\/p>\n<p>\t<a href=\"http:\/\/www.lyonpoleimmo.com\/2023\/05\/08\/79142\/immobilier-2022-annee-de-baisse-des-volumes-a-lyon\/\" rel=\"bookmark noopener\" title=\"Lien Permanent vers Immobilier : 2022, ann\u00e9e de baisse des volumes \u00e0 Lyon\" target=\"_blank\">Immobilier : 2022, ann\u00e9e de baisse des volumes \u00e0 Lyon<\/a><\/p>\n<p>\t<a href=\"http:\/\/www.lyonpoleimmo.com\/2023\/05\/08\/79142\/immobilier-2022-annee-de-baisse-des-volumes-a-lyon\/\" rel=\"bookmark noopener\" title=\"Lien Permanent vers Immobilier : 2022, ann\u00e9e de baisse des volumes \u00e0 Lyon\" target=\"_blank\"><\/p>\n<p><img decoding=\"async\" src=\"https:\/\/www.europesays.com\/fr\/wp-content\/uploads\/2025\/07\/notairesrhone.jpg\" \/>La Chambre des notaires du Rh\u00f4ne a fait part fin avril de son bilan 2022 des chiffres de l\u2019immobilier pour le d\u00e9partement du Rh\u00f4ne et la M\u00e9tropole de Lyon. Si les prix ont encore augment\u00e9, les volumes de transactions ont, eux, reflu\u00e9 par rapport \u00e0 une ann\u00e9e 2021 record.<\/p>\n<p><\/a><\/p>\n<p>\t<a href=\"http:\/\/www.lyonpoleimmo.com\/2023\/01\/29\/77170\/le-marche-immobilier-est-grippe\/\" rel=\"bookmark noopener\" title=\"Lien Permanent vers \u00abLe march\u00e9 immobilier est gripp\u00e9\u00bb\" target=\"_blank\">\u00abLe march\u00e9 immobilier est gripp\u00e9\u00bb<\/a><\/p>\n<p>\t<a href=\"http:\/\/www.lyonpoleimmo.com\/2023\/01\/29\/77170\/le-marche-immobilier-est-grippe\/\" rel=\"bookmark noopener\" title=\"Lien Permanent vers \u00abLe march\u00e9 immobilier est gripp\u00e9\u00bb\" target=\"_blank\"><\/p>\n<p>Pascal Pancrazio est le pr\u00e9sident de la chambre FNAIM du Rh\u00f4ne. Nous \u00e9voquons avec lui les grandes tendances du march\u00e9 immobilier en 2022 sur Lyon et le d\u00e9partement, ainsi que les perspectives sur 2023.<\/p>\n<p><\/a><\/p>\n<p>\t<a href=\"http:\/\/www.lyonpoleimmo.com\/2022\/11\/13\/75584\/immobilier-dans-le-rhone-erosion-des-ventes-mais-des-prix-toujours-eleves\/\" rel=\"bookmark noopener\" title=\"Lien Permanent vers Immobilier dans le Rh\u00f4ne : \u00e9rosion des ventes, mais des prix qui se maintiennent\" target=\"_blank\">Immobilier dans le Rh\u00f4ne : \u00e9rosion des ventes, mais des prix qui se maintiennent<\/a><\/p>\n<p>\t<a href=\"http:\/\/www.lyonpoleimmo.com\/2022\/11\/13\/75584\/immobilier-dans-le-rhone-erosion-des-ventes-mais-des-prix-toujours-eleves\/\" rel=\"bookmark noopener\" title=\"Lien Permanent vers Immobilier dans le Rh\u00f4ne : \u00e9rosion des ventes, mais des prix qui se maintiennent\" target=\"_blank\"><\/p>\n<p><img decoding=\"async\" src=\"https:\/\/www.europesays.com\/fr\/wp-content\/uploads\/2025\/10\/Conf-notaires-S2-2022.jpg\" alt=\"null\" \/>La Chambre des notaires du Rh\u00f4ne organisait jeudi un point march\u00e9 sur le march\u00e9 immobilier dans le d\u00e9partement du Rh\u00f4ne et la M\u00e9tropole de Lyon.<\/p>\n<p><\/a><\/p>\n<p>\t<a href=\"http:\/\/www.lyonpoleimmo.com\/2022\/10\/25\/75255\/immobilier-la-hausse-des-prix-et-les-ventes-serodent\/\" rel=\"bookmark noopener\" title=\"Lien Permanent vers Immobilier\u00a0: la hausse des prix et les ventes s\u2019\u00e9rodent\" target=\"_blank\">Immobilier\u00a0: la hausse des prix et les ventes s\u2019\u00e9rodent<\/a><\/p>\n<p>\t<a href=\"http:\/\/www.lyonpoleimmo.com\/2022\/10\/25\/75255\/immobilier-la-hausse-des-prix-et-les-ventes-serodent\/\" rel=\"bookmark noopener\" title=\"Lien Permanent vers Immobilier\u00a0: la hausse des prix et les ventes s\u2019\u00e9rodent\" target=\"_blank\"><\/p>\n<p>C\u2019est le constat du barom\u00e8tre mensuel d\u00e9voil\u00e9 par la FNAIM.<\/p>\n<p><\/a><\/p>\n<p>\t<a href=\"http:\/\/www.lyonpoleimmo.com\/2022\/10\/09\/74916\/des-projets-pour-le-rhone-au-sein-du-cper\/\" rel=\"bookmark noopener\" title=\"Lien Permanent vers Des projets pour le Rh\u00f4ne au sein du CPER\" target=\"_blank\">Des projets pour le Rh\u00f4ne au sein du CPER<\/a><\/p>\n<p>\t<a href=\"http:\/\/www.lyonpoleimmo.com\/2022\/10\/09\/74916\/des-projets-pour-le-rhone-au-sein-du-cper\/\" rel=\"bookmark noopener\" title=\"Lien Permanent vers Des projets pour le Rh\u00f4ne au sein du CPER\" target=\"_blank\"><\/p>\n<p>Dans le contrat de plan \u00c9tat\u2013R\u00e9gion (CPER) pr\u00e9sent\u00e9 vendredi, on compte plus de 67 millions d\u2019euros d\u2019investissements pour le d\u00e9partement du Rh\u00f4ne.<\/p>\n<p><\/a><\/p>\n<p>\t<a href=\"http:\/\/www.lyonpoleimmo.com\/2022\/10\/02\/74730\/les-prix-de-limmobilier-en-baisse-a-lyon-selon-la-fnaim\/\" rel=\"bookmark noopener\" title=\"Lien Permanent vers Les prix de l\u2019immobilier en hausse dans le Rh\u00f4ne mais en baisse \u00e0 Lyon\" target=\"_blank\">Les prix de l\u2019immobilier en hausse dans le Rh\u00f4ne mais en baisse \u00e0 Lyon<\/a><\/p>\n<p>\t<a href=\"http:\/\/www.lyonpoleimmo.com\/2022\/10\/02\/74730\/les-prix-de-limmobilier-en-baisse-a-lyon-selon-la-fnaim\/\" rel=\"bookmark noopener\" title=\"Lien Permanent vers Les prix de l\u2019immobilier en hausse dans le Rh\u00f4ne mais en baisse \u00e0 Lyon\" target=\"_blank\"><\/p>\n<p><img decoding=\"async\" src=\"https:\/\/www.europesays.com\/fr\/wp-content\/uploads\/2025\/10\/FNAIM-septembre2022.jpg\" \/><br \/>La FNAIM a fait part jeudi des chiffres du march\u00e9 immobilier rhodanien au terme du premier semestre.<\/p>\n<p><\/a><\/p>\n<p>\t<a href=\"http:\/\/www.lyonpoleimmo.com\/2022\/04\/13\/72011\/immobilier-lattrait-confirme-pour-la-grande-couronne-lyonnaise\/\" rel=\"bookmark noopener\" title=\"Lien Permanent vers Immobilier\u00a0: l\u2019attrait confirm\u00e9 pour la grande couronne lyonnaise\" target=\"_blank\">Immobilier\u00a0: l\u2019attrait confirm\u00e9 pour la grande couronne lyonnaise<\/a><\/p>\n<p>\t<a href=\"http:\/\/www.lyonpoleimmo.com\/2022\/04\/13\/72011\/immobilier-lattrait-confirme-pour-la-grande-couronne-lyonnaise\/\" rel=\"bookmark noopener\" title=\"Lien Permanent vers Immobilier\u00a0: l\u2019attrait confirm\u00e9 pour la grande couronne lyonnaise\" target=\"_blank\"><\/p>\n<p>L\u2019augmentation des prix m\u00e9dians des appartements et des maisons dans le Rh\u00f4ne surpasse celle de Lyon. L\u2019attrait pour la p\u00e9riph\u00e9rie, d\u00e9j\u00e0 perceptible en 2020, s\u2019est confirm\u00e9 en 2021.<\/p>\n<p><\/a><\/p>\n","protected":false},"excerpt":{"rendered":"(SDH\/LPI) Le r\u00e9seau de mandataires vient de publier son barom\u00e8tre du 1er semestre, qui confirme la stabilisation progressive&hellip;\n","protected":false},"author":2,"featured_media":463483,"comment_status":"","ping_status":"","sticky":false,"template":"","format":"standard","meta":{"footnotes":""},"categories":[1889],"tags":[1111,11,2430,1777,674,1011,27,2808,35636,2428,12,25,2429],"class_list":{"0":"post-463482","1":"post","2":"type-post","3":"status-publish","4":"format-standard","5":"has-post-thumbnail","7":"category-lyon","8":"tag-actu","9":"tag-actualites","10":"tag-auvergne-rhone-alpes","11":"tag-eu","12":"tag-europe","13":"tag-fr","14":"tag-france","15":"tag-grand-lyon","16":"tag-les-prix","17":"tag-lyon","18":"tag-news","19":"tag-republique-francaise","20":"tag-rhone"},"share_on_mastodon":{"url":"https:\/\/pubeurope.com\/@fr\/115375013587157812","error":""},"_links":{"self":[{"href":"https:\/\/www.europesays.com\/fr\/wp-json\/wp\/v2\/posts\/463482","targetHints":{"allow":["GET"]}}],"collection":[{"href":"https:\/\/www.europesays.com\/fr\/wp-json\/wp\/v2\/posts"}],"about":[{"href":"https:\/\/www.europesays.com\/fr\/wp-json\/wp\/v2\/types\/post"}],"author":[{"embeddable":true,"href":"https:\/\/www.europesays.com\/fr\/wp-json\/wp\/v2\/users\/2"}],"replies":[{"embeddable":true,"href":"https:\/\/www.europesays.com\/fr\/wp-json\/wp\/v2\/comments?post=463482"}],"version-history":[{"count":0,"href":"https:\/\/www.europesays.com\/fr\/wp-json\/wp\/v2\/posts\/463482\/revisions"}],"wp:featuredmedia":[{"embeddable":true,"href":"https:\/\/www.europesays.com\/fr\/wp-json\/wp\/v2\/media\/463483"}],"wp:attachment":[{"href":"https:\/\/www.europesays.com\/fr\/wp-json\/wp\/v2\/media?parent=463482"}],"wp:term":[{"taxonomy":"category","embeddable":true,"href":"https:\/\/www.europesays.com\/fr\/wp-json\/wp\/v2\/categories?post=463482"},{"taxonomy":"post_tag","embeddable":true,"href":"https:\/\/www.europesays.com\/fr\/wp-json\/wp\/v2\/tags?post=463482"}],"curies":[{"name":"wp","href":"https:\/\/api.w.org\/{rel}","templated":true}]}}