{"id":463498,"date":"2025-10-14T23:10:16","date_gmt":"2025-10-14T23:10:16","guid":{"rendered":"https:\/\/www.europesays.com\/fr\/463498\/"},"modified":"2025-10-14T23:10:16","modified_gmt":"2025-10-14T23:10:16","slug":"douze-petits-chevaux-en-bois-fabriques-a-monts-en-partance-pour-lukraine","status":"publish","type":"post","link":"https:\/\/www.europesays.com\/fr\/463498\/","title":{"rendered":"Douze petits chevaux en bois fabriqu\u00e9s \u00e0 Monts en partance pour l\u2019Ukraine"},"content":{"rendered":"<p>Le 25\u00a0octobre 2025, douze petits chevaux \u00e0 bascule en bois, fabriqu\u00e9s avec soin par l\u2019association\u00a0Familles solidaires, partiront \u00e0 destination de l\u2019Ukraine. Ces jouets seront offerts aux 46 orphelins, soutenus depuis deux ans par cette association montoise. \u00ab\u00a0Chaque cheval du sourire est fabriqu\u00e9 par nos\u00a032 adh\u00e9rents et parrain\u00e9 par un donateur, indique Patrice Merc&#8230; <\/p>\n<p>    Cet article a \u00e9t\u00e9 tronqu\u00e9. Abonnez-vous pour lire l&rsquo;article complet sur notre site.<\/p>\n<p style=\"margin: 0 !important; padding: 0 !important; font-size: 12px !important;\">Cet article a \u00e9t\u00e9 tronqu\u00e9. Abonnez-vous pour lire l&rsquo;article complet.<\/p>\n<p>    <a href=\"https:\/\/www.lanouvellerepublique.fr\/abonnements\" style=\"display: inline-block; margin-top: 5px !important; padding: 6px 12px !important; background: #cb1c27; color: white; text-decoration: none; border-radius: 4px; font-size: 12px !important;\" target=\"_blank\" rel=\"noopener\"><br \/>\n      S&rsquo;abonner<br \/>\n    <\/a><\/p>\n","protected":false},"excerpt":{"rendered":"Le 25\u00a0octobre 2025, douze petits chevaux \u00e0 bascule en bois, fabriqu\u00e9s avec soin par l\u2019association\u00a0Familles solidaires, partiront \u00e0&hellip;\n","protected":false},"author":2,"featured_media":463499,"comment_status":"","ping_status":"","sticky":false,"template":"","format":"standard","meta":{"footnotes":""},"categories":[1590],"tags":[11,1674,1057,1777,674,30042,12,3400,220],"class_list":{"0":"post-463498","1":"post","2":"type-post","3":"status-publish","4":"format-standard","5":"has-post-thumbnail","7":"category-ukraine","8":"tag-actualites","9":"tag-communes","10":"tag-education","11":"tag-eu","12":"tag-europe","13":"tag-monts","14":"tag-news","15":"tag-solidarite","16":"tag-ukraine"},"share_on_mastodon":{"url":"https:\/\/pubeurope.com\/@fr\/115375048236659714","error":""},"_links":{"self":[{"href":"https:\/\/www.europesays.com\/fr\/wp-json\/wp\/v2\/posts\/463498","targetHints":{"allow":["GET"]}}],"collection":[{"href":"https:\/\/www.europesays.com\/fr\/wp-json\/wp\/v2\/posts"}],"about":[{"href":"https:\/\/www.europesays.com\/fr\/wp-json\/wp\/v2\/types\/post"}],"author":[{"embeddable":true,"href":"https:\/\/www.europesays.com\/fr\/wp-json\/wp\/v2\/users\/2"}],"replies":[{"embeddable":true,"href":"https:\/\/www.europesays.com\/fr\/wp-json\/wp\/v2\/comments?post=463498"}],"version-history":[{"count":0,"href":"https:\/\/www.europesays.com\/fr\/wp-json\/wp\/v2\/posts\/463498\/revisions"}],"wp:featuredmedia":[{"embeddable":true,"href":"https:\/\/www.europesays.com\/fr\/wp-json\/wp\/v2\/media\/463499"}],"wp:attachment":[{"href":"https:\/\/www.europesays.com\/fr\/wp-json\/wp\/v2\/media?parent=463498"}],"wp:term":[{"taxonomy":"category","embeddable":true,"href":"https:\/\/www.europesays.com\/fr\/wp-json\/wp\/v2\/categories?post=463498"},{"taxonomy":"post_tag","embeddable":true,"href":"https:\/\/www.europesays.com\/fr\/wp-json\/wp\/v2\/tags?post=463498"}],"curies":[{"name":"wp","href":"https:\/\/api.w.org\/{rel}","templated":true}]}}