{"id":46350,"date":"2025-04-23T10:41:10","date_gmt":"2025-04-23T10:41:10","guid":{"rendered":"https:\/\/www.europesays.com\/fr\/46350\/"},"modified":"2025-04-23T10:41:10","modified_gmt":"2025-04-23T10:41:10","slug":"comment-nice-prepare-ses-habitants-au-sommet-mondial-de-lonu-sur-locean","status":"publish","type":"post","link":"https:\/\/www.europesays.com\/fr\/46350\/","title":{"rendered":"comment Nice pr\u00e9pare ses habitants au sommet mondial de l\u2019ONU sur l\u2019oc\u00e9an\u00a0?"},"content":{"rendered":"<p>Du 9 au 13 juin prochain, la capitale azur\u00e9enne vivra sous tr\u00e8s haute s\u00e9curit\u00e9. Aussi la municipalit\u00e9 lance-t-elle d\u00e8s cette semaine une op\u00e9ration de recensement afin de garantir aux habitants et commer\u00e7ants les acc\u00e8s \u00e0 leurs lieux de vie et de travail.<\/p>\n<p class=\"fig-paragraph\">Du 9 au 13 juin prochain, Nice accueillera\u00a0<a href=\"http:\/\/www.lefigaro.fr\/nice\/en-vue-du-sommet-de-l-onu-sur-l-ocean-a-nice-emmanuel-macron-fixe-une-serie-d-objectifs-20250401\" data-fig-type=\"NewsFlash\" data-gtm-custom-categorie=\"navigation\" data-gtm-custom-action=\"crossclick\" data-gtm-custom-label=\"Contextuel\" data-gtm-event=\"customEventSPE\" data-fig-domain=\"LEFIGARO\" target=\"_blank\" rel=\"noopener\">la 3e Conf\u00e9rence des Nations Unies sur l\u2019Oc\u00e9an<\/a>\u00a0(UNOC), un \u00e9v\u00e9nement majeur &#8211; pas moins de 70 d\u00e9l\u00e9gations internationales attendues et quelque 15.000 participants &#8211; qui transformera temporairement le visage de la capitale azur\u00e9enne. Plusieurs quartiers seront ainsi mis sous cloche d\u00e8s le 5 juin avec le d\u00e9ploiement d\u2019un dispositif de s\u00e9curit\u00e9 in\u00e9dit mobilisant jusqu\u2019\u00e0 4000 membres des forces de l\u2019ordre, dont 40 unit\u00e9s de force mobile, sous le commandement unique du pr\u00e9fet, comme ce fut le cas lors des\u00a0<a href=\"http:\/\/www.lefigaro.fr\/sports\/jeux-olympiques\/dossier\/les-jeux-de-paris-2024-ont-change-leur-vie-retrouvez-tous-les-episodes-de-notre-serie\" data-fig-type=\"Topic\" data-gtm-custom-categorie=\"navigation\" data-gtm-custom-action=\"crossclick\" data-gtm-custom-label=\"Contextuel\" data-gtm-event=\"customEventSPE\" data-fig-domain=\"LEFIGARO\" target=\"_blank\" rel=\"noopener\">Jeux olympiques de Paris 2024<\/a>.<\/p>\n<p class=\"fig-paragraph\">Consciente de l\u2019impact sur le quotidien des habitants, la municipalit\u00e9 de\u00a0<a href=\"http:\/\/www.lefigaro.fr\/nice\/municipales-2026-a-un-an-des-elections-christian-estrosi-deja-en-mode-campagne-a-nice-20250328\" data-fig-type=\"NewsFlash\" data-gtm-custom-categorie=\"navigation\" data-gtm-custom-action=\"crossclick\" data-gtm-custom-label=\"Contextuel\" data-gtm-event=\"customEventSPE\" data-fig-domain=\"LEFIGARO\" target=\"_blank\" rel=\"noopener\">Christian Estrosi<\/a>\u00a0met en place un accompagnement de terrain \u00e0 partir de mercredi. Objectif\u00a0: recenser les r\u00e9sidents, commer\u00e7ants et salari\u00e9s des zones potentiellement concern\u00e9es \u2013 notamment autour du port \u2013 afin de garantir leur acc\u00e8s aux lieux de vie ou de travail pendant toute la dur\u00e9e de l\u2019\u00e9v\u00e9nement.<\/p>\n<p>Recensement et accr\u00e9ditation<\/p>\n<p class=\"fig-paragraph\">Jusqu\u2019au 30 avril, des agents de la ville iront \u00e0 la rencontre des habitants pour collecter leurs informations\u00a0: identit\u00e9, justificatifs de domicile, carte grise, extrait\u00a0<a href=\"https:\/\/www.lefigaro.fr\/actualite-france\/2019\/02\/07\/01016-20190207ARTFIG00177-le-kbis-gratuit-pour-les-chefs-d-entreprise-et-les-administrations.php\" data-fig-type=\"Article\" data-gtm-custom-categorie=\"navigation\" data-gtm-custom-action=\"crossclick\" data-gtm-custom-label=\"Contextuel\" data-gtm-event=\"customEventSPE\" data-fig-domain=\"LEFIGARO\" target=\"_blank\" rel=\"noopener\">Kbis\u00a0<\/a>ou attestation employeur. Ce recensement permettra d\u2019obtenir une accr\u00e9ditation d\u2019acc\u00e8s dans les p\u00e9rim\u00e8tres s\u00e9curis\u00e9s, interdits \u00e0 la circulation des v\u00e9hicules d\u00e8s le 5 juin, et aux pi\u00e9tons d\u00e8s le 6.<\/p>\n<p class=\"fig-paragraph\">Un centre d\u2019appels est ouvert pour r\u00e9pondre aux interrogations (04 97 13 56 00), et des points d\u2019accueil fixes (poste de police du port, service des \u00e9lections) resteront accessibles jusqu\u2019au 2 juin pour les personnes non recens\u00e9es \u00e0 leur domicile. Pendant le sommet, des bornes d\u2019information seront \u00e9galement d\u00e9ploy\u00e9es aux lieux strat\u00e9giques\u00a0: Promenade du Paillon, Quai des \u00c9tats-Unis, place \u00cele de Beaut\u00e9.<\/p>\n<p class=\"fig-paragraph\">Loin d\u2019une simple formalit\u00e9 administrative, cette op\u00e9ration vise \u00e0 limiter les d\u00e9sagr\u00e9ments d\u2019un sommet hors norme, plac\u00e9 sous tr\u00e8s haute surveillance. \u00abC\u2019est simple, la couleur dominante sera le bleu\u00a0!\u00bb, avait affirm\u00e9 le pr\u00e9fet des Alpes-Maritimes Hugues Moutouh le 17 avril \u00e0 l\u2019occasion\u00a0<a href=\"http:\/\/www.lefigaro.fr\/nice\/a-nice-un-dispositif-de-securite-inedit-pour-le-sommet-de-l-onu-sur-l-ocean-20250417\" data-fig-type=\"NewsFlash\" data-gtm-custom-categorie=\"navigation\" data-gtm-custom-action=\"crossclick\" data-gtm-custom-label=\"Contextuel\" data-gtm-event=\"customEventSPE\" data-fig-domain=\"LEFIGARO\" target=\"_blank\" rel=\"noopener\">d\u2019une conf\u00e9rence de presse<\/a>\u00a0d\u00e9di\u00e9e \u00e0 la s\u00e9curisation de l\u2019\u00e9v\u00e8nement, en r\u00e9f\u00e9rence aux nombreux policiers et gendarmes mobilis\u00e9s.\u00a0<\/p>\n<p>Le repr\u00e9sentant de l\u2019\u00c9tat, qui quittera ses fonctions le 28 avril\u00a0<a href=\"http:\/\/www.lefigaro.fr\/nice\/le-prefet-hugues-moutouh-va-quitter-les-alpes-maritimes-pour-le-ministere-de-l-interieur-20250409\" target=\"_blank\" data-fig-type=\"NewsFlash\" rel=\"noopener\" data-gtm-custom-categorie=\"navigation\" data-gtm-custom-action=\"crossclick\" data-gtm-custom-label=\"Contextuel\" data-gtm-event=\"customEventSPE\" data-fig-domain=\"LEFIGARO\">pour rejoindre la place Beauvau<\/a>, avait expliqu\u00e9 qu\u2019il s\u2019agit de parer \u00e0 deux menaces principales, l\u2019une terroriste, l\u2019autre contestataire. \u00abAucune menace ne cible le sommet de l\u2019oc\u00e9an \u00e0 ce jour, mais il faut se tenir pr\u00eat\u00bb, avait-il insist\u00e9.<\/p>\n","protected":false},"excerpt":{"rendered":"Du 9 au 13 juin prochain, la capitale azur\u00e9enne vivra sous tr\u00e8s haute s\u00e9curit\u00e9. Aussi la municipalit\u00e9 lance-t-elle&hellip;\n","protected":false},"author":2,"featured_media":46351,"comment_status":"","ping_status":"","sticky":false,"template":"","format":"standard","meta":{"footnotes":""},"categories":[2819],"tags":[1111,11,2898,2829,2971,2972,2397,2973,2974,436,1777,674,2975,1011,27,2969,2970,2987,2980,12,2401,2897,2976,2977,2978,2985,2986,2979,2981,2982,2983,2984,2991,2992,2993,2994,2996,2997,2998,2999,3000,3001,3002,2995,3003,3004,3005,3007,12687,2268,3521,882,25,2988,2989,2990,2968,3006],"class_list":{"0":"post-46350","1":"post","2":"type-post","3":"status-publish","4":"format-standard","5":"has-post-thumbnail","7":"category-nice","8":"tag-actu","9":"tag-actualites","10":"tag-alpes-maritimes","11":"tag-baumettes","12":"tag-carabacel","13":"tag-caucade","14":"tag-christian-estrosi","15":"tag-cimiez","16":"tag-cremat","17":"tag-environnement","18":"tag-eu","19":"tag-europe","20":"tag-fabron","21":"tag-fr","22":"tag-france","23":"tag-larenas","24":"tag-lariane","25":"tag-le-ray","26":"tag-lingostiere","27":"tag-news","28":"tag-nice","29":"tag-nice-cote-dazur","30":"tag-nice-gairaut","31":"tag-nice-gambetta","32":"tag-nice-jean-medecin","33":"tag-nice-le-piol","34":"tag-nice-le-port","35":"tag-nice-liberation","36":"tag-nice-magnan","37":"tag-nice-mantega-mont-boron","38":"tag-nice-pasteur","39":"tag-nice-pessicart","40":"tag-nice-rue-de-france","41":"tag-nice-saint-antoine","42":"tag-nice-saint-augustin","43":"tag-nice-saint-isidore","44":"tag-nice-saint-maurice","45":"tag-nice-saint-pancrace","46":"tag-nice-saint-philippe","47":"tag-nice-saint-pierre-de-feric","48":"tag-nice-saint-roch","49":"tag-nice-saint-roman-de-bellet","50":"tag-nice-saint-sylvestre","51":"tag-nice-sainte-marguerite","52":"tag-nice-thiers","53":"tag-nice-ventabrun","54":"tag-nice-vernier","55":"tag-nice-vinaigrier","56":"tag-oceans","57":"tag-ogc-nice","58":"tag-onu","59":"tag-provence-alpes-cote-dazur","60":"tag-republique-francaise","61":"tag-rimiez","62":"tag-riquier","63":"tag-roquebilliere","64":"tag-sud-est","65":"tag-vieux-nice"},"share_on_mastodon":{"url":"","error":"Validation failed: Text character limit of 500 exceeded"},"_links":{"self":[{"href":"https:\/\/www.europesays.com\/fr\/wp-json\/wp\/v2\/posts\/46350","targetHints":{"allow":["GET"]}}],"collection":[{"href":"https:\/\/www.europesays.com\/fr\/wp-json\/wp\/v2\/posts"}],"about":[{"href":"https:\/\/www.europesays.com\/fr\/wp-json\/wp\/v2\/types\/post"}],"author":[{"embeddable":true,"href":"https:\/\/www.europesays.com\/fr\/wp-json\/wp\/v2\/users\/2"}],"replies":[{"embeddable":true,"href":"https:\/\/www.europesays.com\/fr\/wp-json\/wp\/v2\/comments?post=46350"}],"version-history":[{"count":0,"href":"https:\/\/www.europesays.com\/fr\/wp-json\/wp\/v2\/posts\/46350\/revisions"}],"wp:featuredmedia":[{"embeddable":true,"href":"https:\/\/www.europesays.com\/fr\/wp-json\/wp\/v2\/media\/46351"}],"wp:attachment":[{"href":"https:\/\/www.europesays.com\/fr\/wp-json\/wp\/v2\/media?parent=46350"}],"wp:term":[{"taxonomy":"category","embeddable":true,"href":"https:\/\/www.europesays.com\/fr\/wp-json\/wp\/v2\/categories?post=46350"},{"taxonomy":"post_tag","embeddable":true,"href":"https:\/\/www.europesays.com\/fr\/wp-json\/wp\/v2\/tags?post=46350"}],"curies":[{"name":"wp","href":"https:\/\/api.w.org\/{rel}","templated":true}]}}