{"id":46354,"date":"2025-04-23T10:43:13","date_gmt":"2025-04-23T10:43:13","guid":{"rendered":"https:\/\/www.europesays.com\/fr\/46354\/"},"modified":"2025-04-23T10:43:13","modified_gmt":"2025-04-23T10:43:13","slug":"ou-sera-implantee-la-future-halte-ferroviaire","status":"publish","type":"post","link":"https:\/\/www.europesays.com\/fr\/46354\/","title":{"rendered":"o\u00f9 sera implant\u00e9e la future halte ferroviaire\u00a0?"},"content":{"rendered":"<p>            Par<br \/>\n        <strong><br \/>\n            <a href=\"https:\/\/actu.fr\/auteur\/thomas-bernard\" title=\"Consulter tous les articles de Thomas Bernard\" target=\"_blank\" rel=\"noopener\">Thomas Bernard<\/a><br \/>\n        <\/strong><\/p>\n<p>        Publi\u00e9 le<\/p>\n<p>            23 avr. 2025 \u00e0 12h15        <\/p>\n<p>Inscrit dans l\u2019avenant \u00ab\u2009Infrastructures de transport et mobilit\u00e9s\u2009\u00bb du Contrat de Plan \u00c9tat-R\u00e9gion 2021-2027, sign\u00e9 le 27\u00a0juin 2024, <strong>le projet de future halte ferroviaire<\/strong> sur la ligne TER Nantes \u2013 Saint-Gilles-Croix-de-Vie\/Pornic doit voir le jour <strong>d\u2019ici 2030<\/strong>.<\/p>\n<p class=\" wall-content\">Une cr\u00e9ation port\u00e9e par SNCF Gares &amp; Connexions. Dans un communiqu\u00e9 transmis \u00e0 <a href=\"https:\/\/actu.fr\/nantes\/\" target=\"_blank\" rel=\"noopener\">actu Nantes<\/a>, la soci\u00e9t\u00e9 ferroviaire annonce l\u2019organisation d\u2019une <strong>r\u00e9union publique g\u00e9n\u00e9rale le mercredi 14\u00a0mai<\/strong>, \u00e0 18\u2009h\u200930, au <a href=\"https:\/\/maps.app.goo.gl\/GSB351Nxhu1KPLHs9\" target=\"_blank\" rel=\"noopener\">Technocampus Ocean<\/a>, 5, rue de l\u2019Halbrane \u00e0 <a href=\"https:\/\/actu.fr\/pays-de-la-loire\/bouguenais_44020\" target=\"_blank\" rel=\"noopener\">Bouguenais<\/a> (rencontre sur inscription). La r\u00e9union sera aussi retransmise en direct depuis<a href=\"http:\/\/www.concertation-halte-nantes-atlantique.fr\/\" target=\"_blank\" rel=\"noopener\"> le site internet de la concertation<\/a>.<\/p>\n<p class=\" wall-content\"><strong>Une concertation publique, organis\u00e9e du 5\u00a0mai au 15\u00a0juin 2025,<\/strong> dont le but est de pr\u00e9senter le projet de halte ferroviaire aux riverains, au grand public et aux salari\u00e9s de la zone.<\/p>\n<p>Les sc\u00e9narios retenus<\/p>\n<p class=\" wall-content\">Selon SNCF Gares &amp; Connexions, <strong>deux hypoth\u00e8ses d\u2019implantation<\/strong> pour la nouvelle halte ferroviaire \u00e0 Bouguenais ont \u00e9t\u00e9 retenues\u2009:<\/p>\n<ul class=\" wall-content\">\n<li>sc\u00e9nario 1\u2009: une halte situ\u00e9e \u00e0 l\u2019intersection de la voie ferr\u00e9e et de la route reliant le p\u00e9riph\u00e9rique \u00e0 l\u2019a\u00e9roport, avec soit un quai central, soit des quais lat\u00e9raux\u2009;<\/li>\n<li>sc\u00e9nario 2\u2009: une halte situ\u00e9e un peu plus au nord, pr\u00e8s du site Airbus.<\/li>\n<\/ul>\n<p>Vid\u00e9os : en ce moment sur Actu<\/p>\n<p class=\" wall-content\">\u00ab\u2009Diff\u00e9rents am\u00e9nagements permettront d\u2019optimiser les d\u00e9placements <strong>en connectant la halte aux autres modes de transport.<\/strong> Une analyse environnementale a \u00e9galement \u00e9t\u00e9 conduite\u2009\u00bb, annonce SNCF Gares &amp; Connexions.<\/p>\n<p>Un bus plus rapide<\/p>\n<p class=\" wall-content\">Depuis la gare SNCF de Nantes situ\u00e9e en centre-ville, il ne faudra que <a href=\"https:\/\/actu.fr\/societe\/de-la-gare-a-l-aeroport-de-nantes-il-ne-faudra-que-13-minutes-en-train-d-ici-2030_39465913.html\" target=\"_blank\" rel=\"noopener\">13\u00a0minutes pour rejoindre l\u2019a\u00e9roport Nantes-Atlantique<\/a>.<\/p>\n<p class=\" wall-content\">Outre la cr\u00e9ation de cette halte ferroviaire d\u2019autres modalit\u00e9s de transports sont pr\u00e9vues dans le sch\u00e9ma directeur d\u2019accessibilit\u00e9 du secteur de l\u2019a\u00e9roport nantais.<\/p>\n<p class=\" wall-content\"><strong>Un bus \u00e0 haut niveau de service<\/strong> (BHNS) depuis la gare de Nantes, desservant la halte ferroviaire et la zone a\u00e9roportuaire, sera mis en place. Ce BHNS remplacera l\u2019actuelle navette a\u00e9roport. Une concertation concernant ce projet est \u00e9galement envisag\u00e9e.<\/p>\n<p><strong>Informations pratiques<\/strong>\u2009:<br \/>R\u00e9union publique halte ferroviaire a\u00e9roport de Nantes, mercredi 14\u00a0mai, \u00e0 18\u2009h\u200930, au Technocampus Ocean, 5 rue de l\u2019Halbrane \u00e0 Bouguenais.<\/p>\n<p class=\" wall-content\">Suivez toute l\u2019actualit\u00e9 de vos villes et m\u00e9dias favoris en vous inscrivant \u00e0 <a href=\"https:\/\/moncompte.actu.fr\" title=\"D\u00e9couvez Mon Actu\" rel=\"nofollow noopener\" data-trk=\"{&quot;cta&quot;:{&quot;action&quot;:&quot;https:\\\/\\\/moncompte.actu.fr&quot;,&quot;category&quot;:&quot;mon compte&quot;,&quot;from&quot;:&quot;article footer&quot;,&quot;name&quot;:&quot;Mon actu&quot;,&quot;type&quot;:&quot;cta&quot;}}\" target=\"_blank\">Mon Actu<\/a>.<\/p>\n<ul class=\"ac-article-tag wall-content\">\n<li><a href=\"https:\/\/actu.fr\/tag\/aeroport-de-nantes\" data-trk=\"{&quot;cta&quot;:{&quot;action&quot;:&quot;A\\u00e9roport de Nantes&quot;,&quot;category&quot;:&quot;tag&quot;,&quot;from&quot;:&quot;article footer&quot;,&quot;name&quot;:&quot;A\\u00e9roport de Nantes&quot;,&quot;type&quot;:&quot;cta&quot;}}\" target=\"_blank\" rel=\"noopener\">#A\u00e9roport de Nantes<\/a><\/li>\n<li><a href=\"https:\/\/actu.fr\/tag\/nantes-atlantique-aeroport\" data-trk=\"{&quot;cta&quot;:{&quot;action&quot;:&quot;Nantes Atlantique (a\\u00e9roport)&quot;,&quot;category&quot;:&quot;tag&quot;,&quot;from&quot;:&quot;article footer&quot;,&quot;name&quot;:&quot;Nantes Atlantique (a\\u00e9roport)&quot;,&quot;type&quot;:&quot;cta&quot;}}\" target=\"_blank\" rel=\"noopener\">#Nantes Atlantique (a\u00e9roport)<\/a><\/li>\n<\/ul>\n","protected":false},"excerpt":{"rendered":"Par Thomas Bernard Publi\u00e9 le 23 avr. 2025 \u00e0 12h15 Inscrit dans l\u2019avenant \u00ab\u2009Infrastructures de transport et mobilit\u00e9s\u2009\u00bb&hellip;\n","protected":false},"author":2,"featured_media":46355,"comment_status":"","ping_status":"","sticky":false,"template":"","format":"standard","meta":{"footnotes":""},"categories":[2818],"tags":[1111,11,754,1777,674,1011,27,766,755,12,2636,25,104],"class_list":{"0":"post-46354","1":"post","2":"type-post","3":"status-publish","4":"format-standard","5":"has-post-thumbnail","7":"category-nantes","8":"tag-actu","9":"tag-actualites","10":"tag-aeroport-de-nantes","11":"tag-eu","12":"tag-europe","13":"tag-fr","14":"tag-france","15":"tag-nantes","16":"tag-nantes-atlantique-aeroport","17":"tag-news","18":"tag-pays-de-la-loire","19":"tag-republique-francaise","20":"tag-societe"},"share_on_mastodon":{"url":"https:\/\/pubeurope.com\/@fr\/114386868934665621","error":""},"_links":{"self":[{"href":"https:\/\/www.europesays.com\/fr\/wp-json\/wp\/v2\/posts\/46354","targetHints":{"allow":["GET"]}}],"collection":[{"href":"https:\/\/www.europesays.com\/fr\/wp-json\/wp\/v2\/posts"}],"about":[{"href":"https:\/\/www.europesays.com\/fr\/wp-json\/wp\/v2\/types\/post"}],"author":[{"embeddable":true,"href":"https:\/\/www.europesays.com\/fr\/wp-json\/wp\/v2\/users\/2"}],"replies":[{"embeddable":true,"href":"https:\/\/www.europesays.com\/fr\/wp-json\/wp\/v2\/comments?post=46354"}],"version-history":[{"count":0,"href":"https:\/\/www.europesays.com\/fr\/wp-json\/wp\/v2\/posts\/46354\/revisions"}],"wp:featuredmedia":[{"embeddable":true,"href":"https:\/\/www.europesays.com\/fr\/wp-json\/wp\/v2\/media\/46355"}],"wp:attachment":[{"href":"https:\/\/www.europesays.com\/fr\/wp-json\/wp\/v2\/media?parent=46354"}],"wp:term":[{"taxonomy":"category","embeddable":true,"href":"https:\/\/www.europesays.com\/fr\/wp-json\/wp\/v2\/categories?post=46354"},{"taxonomy":"post_tag","embeddable":true,"href":"https:\/\/www.europesays.com\/fr\/wp-json\/wp\/v2\/tags?post=46354"}],"curies":[{"name":"wp","href":"https:\/\/api.w.org\/{rel}","templated":true}]}}