{"id":463617,"date":"2025-10-15T00:19:16","date_gmt":"2025-10-15T00:19:16","guid":{"rendered":"https:\/\/www.europesays.com\/fr\/463617\/"},"modified":"2025-10-15T00:19:16","modified_gmt":"2025-10-15T00:19:16","slug":"guerre-en-ukraine-donald-trump-se-redit-tres-decu-de-vladimir-poutine","status":"publish","type":"post","link":"https:\/\/www.europesays.com\/fr\/463617\/","title":{"rendered":"Guerre en Ukraine : Donald Trump se redit \u00ab\u00a0tr\u00e8s d\u00e9\u00e7u\u00a0\u00bb de Vladimir Poutine"},"content":{"rendered":"<p>L&rsquo;aide militaire apport\u00e9e par les pays europ\u00e9ens \u00e0 l&rsquo;Ukraine a fortement faibli pendant l&rsquo;\u00e9t\u00e9, malgr\u00e9 la r\u00e9cente initiative de l&rsquo;Otan en vue de l&rsquo;achat par les Europ\u00e9ens et le Canada d&rsquo;armes am\u00e9ricaines, a d\u00e9clar\u00e9 mardi l&rsquo;institut de recherche allemand Kiel Institute.<\/p>\n<p>L&rsquo;Europe a allou\u00e9 en juillet et ao\u00fbt un total de 3,3 milliards d&rsquo;euros d&rsquo;aide militaire, soit une moyenne mensuelle d&rsquo;1,65 milliard. Cette moyenne est en chute de 57% par rapport \u00e0 celle des mois de janvier \u00e0 juin (3,85 milliards). Gr\u00e2ce \u00e0 un important don du Canada annonc\u00e9 fin ao\u00fbt, la baisse tous pays confondus se limite \u00e0 43%.<\/p>\n<p>\u00ab\u00a0L&rsquo;Europe r\u00e9duit son soutien militaire g\u00e9n\u00e9ral. Ce qui sera crucial d\u00e9sormais est la mani\u00e8re dont les chiffres vont \u00e9voluer \u00e0 l&rsquo;automne\u00a0\u00bb, a soulign\u00e9 Christoph Trebesch, directeur de recherche au Kiel Institute et responsable du programme \u00ab\u00a0Ukraine Support Tracker\u00a0\u00bb de ce centre. Les Europ\u00e9ens ont donn\u00e9 ou allou\u00e9 \u00e0 l&rsquo;Ukraine 83 milliards d&rsquo;euros au total d&rsquo;aide militaire entre le d\u00e9but de la guerre d\u00e9clench\u00e9e par la Russie en f\u00e9vrier 2022 et fin ao\u00fbt 2025, contre 64,6 milliards pour les \u00c9tats-Unis.<\/p>\n","protected":false},"excerpt":{"rendered":"L&rsquo;aide militaire apport\u00e9e par les pays europ\u00e9ens \u00e0 l&rsquo;Ukraine a fortement faibli pendant l&rsquo;\u00e9t\u00e9, malgr\u00e9 la r\u00e9cente initiative&hellip;\n","protected":false},"author":2,"featured_media":402305,"comment_status":"","ping_status":"","sticky":false,"template":"","format":"standard","meta":{"footnotes":""},"categories":[1590],"tags":[1111,11,1921,75,73,1777,674,1922,12,220,1917,50704,133,1920,134],"class_list":{"0":"post-463617","1":"post","2":"type-post","3":"status-publish","4":"format-standard","5":"has-post-thumbnail","7":"category-ukraine","8":"tag-actu","9":"tag-actualites","10":"tag-article-video","11":"tag-donald-trump","12":"tag-etats-unis","13":"tag-eu","14":"tag-europe","15":"tag-info","16":"tag-news","17":"tag-ukraine","18":"tag-ukraine-4-annee-de-guerre","19":"tag-ukraine-russie-des-negociations-dans-limpasse","20":"tag-video","21":"tag-video-international","22":"tag-volodymyr-zelensky"},"share_on_mastodon":{"url":"https:\/\/pubeurope.com\/@fr\/115375319564170254","error":""},"_links":{"self":[{"href":"https:\/\/www.europesays.com\/fr\/wp-json\/wp\/v2\/posts\/463617","targetHints":{"allow":["GET"]}}],"collection":[{"href":"https:\/\/www.europesays.com\/fr\/wp-json\/wp\/v2\/posts"}],"about":[{"href":"https:\/\/www.europesays.com\/fr\/wp-json\/wp\/v2\/types\/post"}],"author":[{"embeddable":true,"href":"https:\/\/www.europesays.com\/fr\/wp-json\/wp\/v2\/users\/2"}],"replies":[{"embeddable":true,"href":"https:\/\/www.europesays.com\/fr\/wp-json\/wp\/v2\/comments?post=463617"}],"version-history":[{"count":0,"href":"https:\/\/www.europesays.com\/fr\/wp-json\/wp\/v2\/posts\/463617\/revisions"}],"wp:featuredmedia":[{"embeddable":true,"href":"https:\/\/www.europesays.com\/fr\/wp-json\/wp\/v2\/media\/402305"}],"wp:attachment":[{"href":"https:\/\/www.europesays.com\/fr\/wp-json\/wp\/v2\/media?parent=463617"}],"wp:term":[{"taxonomy":"category","embeddable":true,"href":"https:\/\/www.europesays.com\/fr\/wp-json\/wp\/v2\/categories?post=463617"},{"taxonomy":"post_tag","embeddable":true,"href":"https:\/\/www.europesays.com\/fr\/wp-json\/wp\/v2\/tags?post=463617"}],"curies":[{"name":"wp","href":"https:\/\/api.w.org\/{rel}","templated":true}]}}