{"id":463618,"date":"2025-10-15T00:20:10","date_gmt":"2025-10-15T00:20:10","guid":{"rendered":"https:\/\/www.europesays.com\/fr\/463618\/"},"modified":"2025-10-15T00:20:10","modified_gmt":"2025-10-15T00:20:10","slug":"lentraineur-du-heat-de-miami-nomme-entraineur-des-usa-jusquaux-jo-2028","status":"publish","type":"post","link":"https:\/\/www.europesays.com\/fr\/463618\/","title":{"rendered":"L\u2019entra\u00eeneur du Heat de Miami nomm\u00e9 entra\u00eeneur des USA jusqu\u2019aux JO-2028"},"content":{"rendered":"<p class=\"c-paragraph\">L\u2019entra\u00eeneur du <a href=\"https:\/\/www.rds.ca\/basketball\/nba\/equipe\/heat-miami\/14\" rel=\"noopener\" title=\"https:\/\/www.rds.ca\/basketball\/nba\/equipe\/heat-miami\/14\" target=\"_blank\">Heat de Miami<\/a> Erik Spoelstra a \u00e9t\u00e9 nomm\u00e9 mardi entra\u00eeneur de l\u2019\u00e9quipe masculine des \u00c9tats-Unis jusqu\u2019aux Jeux olympiques de Los Angeles de 2028, par la F\u00e9d\u00e9ration am\u00e9ricaine de basketball.<\/p>\n<p class=\"c-paragraph\">Les \u00e9quipes am\u00e9ricaines compos\u00e9es de vedettes de la NBA ont remport\u00e9 dix-sept titres olympiques dans l\u2019histoire, dont les cinq derni\u00e8res m\u00e9dailles d\u2019or cons\u00e9cutivement, depuis 2008.<\/p>\n<p class=\"c-paragraph\">\u00ab C\u2019est un immense honneur, a d\u00e9clar\u00e9 Spoelstra. Repr\u00e9senter notre pays et diriger des athl\u00e8tes de classe mondiale dans des comp\u00e9titions de prestige est l\u2019un des plus grands privil\u00e8ges dans le sport. Je me r\u00e9jouis de perp\u00e9tuer la tradition d\u2019excellence et de travail d\u2019\u00e9quipe qui d\u00e9finit USA Basketball. \u00bb<\/p>\n<p class=\"c-paragraph\">Spoelstra, 54 ans, \u00e9tait entra\u00eeneur adjoint dans l\u2019\u00e9quipe championne olympique de Paris en 2024 et assistant de Steve Kerr au sein de l\u2019\u00e9quipe qui a termin\u00e9 quatri\u00e8me de la Coupe du monde 2023.<\/p>\n<p class=\"c-paragraph\">A Miami, Spoelstra \u00e9tait entra\u00eeneur adjoint de l\u2019\u00e9quipe championne de NBA en 2006 et, en tant qu\u2019entra\u00eeneur principal, il a guid\u00e9 Miami vers les titres NBA en 2012 et 2013. En plus des Jeux olympiques de 2028 qui auront lieu \u00e0 domicile, Spoelstra dirigera l\u2019\u00e9quipe des Etats-Unis lors de la Coupe du monde FIBA 2027 \u00e0 Doha.<\/p>\n","protected":false},"excerpt":{"rendered":"L\u2019entra\u00eeneur du Heat de Miami Erik Spoelstra a \u00e9t\u00e9 nomm\u00e9 mardi entra\u00eeneur de l\u2019\u00e9quipe masculine des \u00c9tats-Unis jusqu\u2019aux&hellip;\n","protected":false},"author":2,"featured_media":463619,"comment_status":"","ping_status":"","sticky":false,"template":"","format":"standard","meta":{"footnotes":""},"categories":[1589],"tags":[58784,11,58783,73,1866,3996,12,1864,1865,1863,308],"class_list":{"0":"post-463618","1":"post","2":"type-post","3":"status-publish","4":"format-standard","5":"has-post-thumbnail","7":"category-etats-unis","8":"tag-58784","9":"tag-actualites","10":"tag-erik-spoelstra","11":"tag-etats-unis","12":"tag-etats-unis-damerique","13":"tag-jeux-olympiques","14":"tag-news","15":"tag-united-states","16":"tag-united-states-of-america","17":"tag-us","18":"tag-usa"},"share_on_mastodon":{"url":"https:\/\/pubeurope.com\/@fr\/115375323467912425","error":""},"_links":{"self":[{"href":"https:\/\/www.europesays.com\/fr\/wp-json\/wp\/v2\/posts\/463618","targetHints":{"allow":["GET"]}}],"collection":[{"href":"https:\/\/www.europesays.com\/fr\/wp-json\/wp\/v2\/posts"}],"about":[{"href":"https:\/\/www.europesays.com\/fr\/wp-json\/wp\/v2\/types\/post"}],"author":[{"embeddable":true,"href":"https:\/\/www.europesays.com\/fr\/wp-json\/wp\/v2\/users\/2"}],"replies":[{"embeddable":true,"href":"https:\/\/www.europesays.com\/fr\/wp-json\/wp\/v2\/comments?post=463618"}],"version-history":[{"count":0,"href":"https:\/\/www.europesays.com\/fr\/wp-json\/wp\/v2\/posts\/463618\/revisions"}],"wp:featuredmedia":[{"embeddable":true,"href":"https:\/\/www.europesays.com\/fr\/wp-json\/wp\/v2\/media\/463619"}],"wp:attachment":[{"href":"https:\/\/www.europesays.com\/fr\/wp-json\/wp\/v2\/media?parent=463618"}],"wp:term":[{"taxonomy":"category","embeddable":true,"href":"https:\/\/www.europesays.com\/fr\/wp-json\/wp\/v2\/categories?post=463618"},{"taxonomy":"post_tag","embeddable":true,"href":"https:\/\/www.europesays.com\/fr\/wp-json\/wp\/v2\/tags?post=463618"}],"curies":[{"name":"wp","href":"https:\/\/api.w.org\/{rel}","templated":true}]}}