{"id":463626,"date":"2025-10-15T00:24:13","date_gmt":"2025-10-15T00:24:13","guid":{"rendered":"https:\/\/www.europesays.com\/fr\/463626\/"},"modified":"2025-10-15T00:24:13","modified_gmt":"2025-10-15T00:24:13","slug":"quel-role-pour-lunion-europeenne-a-gaza-apres-la-fin-de-la-guerre","status":"publish","type":"post","link":"https:\/\/www.europesays.com\/fr\/463626\/","title":{"rendered":"Quel r\u00f4le pour l&rsquo;Union europ\u00e9enne \u00e0 Gaza apr\u00e8s la fin de la guerre ?"},"content":{"rendered":"<p class=\"mb-4 text-lg md:leading-8 break-words\">L&rsquo;acheminement imm\u00e9diat de l&rsquo;aide humanitaire pour r\u00e9pondre aux besoins les plus \u00e9l\u00e9mentaires dans la bande de Gaza et la mise en place d&rsquo;un syst\u00e8me de gouvernance durable avec la participation des Palestiniens : ce sont les priorit\u00e9s de l&rsquo;Union europ\u00e9enne au Proche-Orient, selon le chef de la d\u00e9l\u00e9gation europ\u00e9enne en Cisjordanie occup\u00e9e et dans la bande de Gaza, Alexandre Stutzmann.<\/p>\n<p class=\"mb-4 text-lg md:leading-8 break-words\">Lors d&rsquo;une conf\u00e9rence \u00e0 Ath\u00e8nes, il a d\u00e9clar\u00e9 \u00e0 Euronews : \u00ab\u00a0l&rsquo;Europe a une ligne claire, qui est celle des besoins fondamentaux et humanitaires, c&rsquo;est la priorit\u00e9, toute l&rsquo;aide humanitaire qui n&rsquo;a pas pu entrer librement \u00e0 Gaza ces derniers mois doit pouvoir circuler. Cela se fera en collaboration avec d&rsquo;autres organisations internationales, notamment les Nations unies, qui sont \u00e9quip\u00e9es \u00e0 cet effet, et cela a toujours \u00e9t\u00e9 la ligne de l&rsquo;UE. L&rsquo;autre perspective, \u00e0 plus long terme, est de construire un syst\u00e8me de gouvernance durable. Cela signifie qu&rsquo;il faut impliquer les Palestiniens, et non pas discuter et d\u00e9cider au nom des Palestiniens sans les impliquer, car le pass\u00e9 a montr\u00e9 que cela ne fonctionnait pas. C&rsquo;est donc ce que l&rsquo;Union europ\u00e9enne demandera \u00e9galement, de m\u00eame que le retour de l&rsquo;Autorit\u00e9 palestinienne pour participer au moins \u00e0 la nouvelle structure de gouvernance. Je pense que l&rsquo;Autorit\u00e9 palestinienne est dispos\u00e9e \u00e0 le faire, mais il est \u00e9vident que cela n\u00e9cessitera une participation internationale probablement plus importante que par le pass\u00e9.\u00a0\u00bb<\/p>\n<p class=\"mb-4 text-lg md:leading-8 break-words\">Plus de 450 millions d&rsquo;euros ont \u00e9t\u00e9 d\u00e9pens\u00e9s par l&rsquo;Union europ\u00e9enne depuis 2023 pour l&rsquo;aide humanitaire \u00e0 Gaza. Plus de 3 800 tonnes d&rsquo;aide ont \u00e9galement \u00e9t\u00e9 largu\u00e9es par avion.<\/p>\n<p class=\"mb-4 text-lg md:leading-8 break-words\">\u00ab\u00a0Nous avons beaucoup investi ces deux derni\u00e8res ann\u00e9es, \u00e0 J\u00e9rusalem, \u00e0 J\u00e9rusalem-Est et dans le reste de la Cisjordanie, mais maintenant, c&rsquo;est Gaza qui va passer au premier plan. Le pr\u00e9sident de la Commission europ\u00e9enne a annonc\u00e9 le mois dernier, dans le discours sur l&rsquo;\u00e9tat de l&rsquo;Union prononc\u00e9 devant le Parlement europ\u00e9en, que l&rsquo;UE serait effectivement pr\u00e9sente \u00e0 Gaza avec des moyens suppl\u00e9mentaires. En novembre, nous lancerons \u00e0 Bruxelles le Groupe des donateurs pour la Palestine, qui est une id\u00e9e de l&rsquo;UE visant \u00e0 rassembler les \u00c9tats arabes, les \u00c9tats europ\u00e9ens et d&rsquo;autres \u00c9tats internationaux autour de cet ensemble de mesures visant \u00e0 accro\u00eetre la stabilit\u00e9 et \u00e0 mettre en place une structure de gouvernance plus solide pour les territoires palestiniens\u00a0\u00bb ajoute Alexandre Stutzmann.<\/p>\n<p class=\"mb-4 text-lg md:leading-8 break-words\">La mission europ\u00e9enne de surveillance des fronti\u00e8res au point de passage de Rafah, principal lieu de transition entre Gaza et l&rsquo;\u00c9gypte, doit \u00e9galement reprendre imm\u00e9diatement. L&rsquo;objectif est de soutenir le maintien du cessez-le-feu.<\/p>\n","protected":false},"excerpt":{"rendered":"L&rsquo;acheminement imm\u00e9diat de l&rsquo;aide humanitaire pour r\u00e9pondre aux besoins les plus \u00e9l\u00e9mentaires dans la bande de Gaza et&hellip;\n","protected":false},"author":2,"featured_media":463627,"comment_status":"","ping_status":"","sticky":false,"template":"","format":"standard","meta":{"footnotes":""},"categories":[1586],"tags":[11,4628,2486,1777,674,1779,1011,27,665,25410,49094,12,7621,58786,7612,25,1778,364],"class_list":{"0":"post-463626","1":"post","2":"type-post","3":"status-publish","4":"format-standard","5":"has-post-thumbnail","7":"category-europe","8":"tag-actualites","9":"tag-bande-de-gaza","10":"tag-cisjordanie","11":"tag-eu","12":"tag-europe","13":"tag-european-union","14":"tag-fr","15":"tag-france","16":"tag-gaza","17":"tag-laide-humanitaire","18":"tag-lunion-europeenne-2","19":"tag-news","20":"tag-palestiniens","21":"tag-point-de-passage","22":"tag-proche-orient","23":"tag-republique-francaise","24":"tag-ue","25":"tag-union-europeenne"},"share_on_mastodon":{"url":"https:\/\/pubeurope.com\/@fr\/115375339419689380","error":""},"_links":{"self":[{"href":"https:\/\/www.europesays.com\/fr\/wp-json\/wp\/v2\/posts\/463626","targetHints":{"allow":["GET"]}}],"collection":[{"href":"https:\/\/www.europesays.com\/fr\/wp-json\/wp\/v2\/posts"}],"about":[{"href":"https:\/\/www.europesays.com\/fr\/wp-json\/wp\/v2\/types\/post"}],"author":[{"embeddable":true,"href":"https:\/\/www.europesays.com\/fr\/wp-json\/wp\/v2\/users\/2"}],"replies":[{"embeddable":true,"href":"https:\/\/www.europesays.com\/fr\/wp-json\/wp\/v2\/comments?post=463626"}],"version-history":[{"count":0,"href":"https:\/\/www.europesays.com\/fr\/wp-json\/wp\/v2\/posts\/463626\/revisions"}],"wp:featuredmedia":[{"embeddable":true,"href":"https:\/\/www.europesays.com\/fr\/wp-json\/wp\/v2\/media\/463627"}],"wp:attachment":[{"href":"https:\/\/www.europesays.com\/fr\/wp-json\/wp\/v2\/media?parent=463626"}],"wp:term":[{"taxonomy":"category","embeddable":true,"href":"https:\/\/www.europesays.com\/fr\/wp-json\/wp\/v2\/categories?post=463626"},{"taxonomy":"post_tag","embeddable":true,"href":"https:\/\/www.europesays.com\/fr\/wp-json\/wp\/v2\/tags?post=463626"}],"curies":[{"name":"wp","href":"https:\/\/api.w.org\/{rel}","templated":true}]}}