{"id":463639,"date":"2025-10-15T00:34:12","date_gmt":"2025-10-15T00:34:12","guid":{"rendered":"https:\/\/www.europesays.com\/fr\/463639\/"},"modified":"2025-10-15T00:34:12","modified_gmt":"2025-10-15T00:34:12","slug":"hadjar-en-passe-degaler-un-record-de-verstappen-chez-racing-bulls","status":"publish","type":"post","link":"https:\/\/www.europesays.com\/fr\/463639\/","title":{"rendered":"Hadjar en passe d&rsquo;\u00e9galer un record de Verstappen chez Racing Bulls"},"content":{"rendered":"<p>Il ne fait aucun doute qu\u2019Isack Hadjar r\u00e9alise une premi\u00e8re saison impressionnante en <a href=\"https:\/\/www.autohebdo.fr\/actualites\/f1\" data-internallinksmanager029f6b8e52c=\"1\" title=\"F1\" target=\"_blank\" rel=\"noopener\">Formule 1<\/a>. Dans l\u2019environnement ultra s\u00e9lectif qu\u2019est le giron <a href=\"https:\/\/www.autohebdo.fr\/actualites\/ecurie\/red-bull-racing\" data-internallinksmanager029f6b8e52c=\"78\" title=\"Ecurie F1 Red Bull Racing\" target=\"_blank\" rel=\"noopener\">Red Bull<\/a>, le jeune Fran\u00e7ais a vite trouv\u00e9 ses marques. Apr\u00e8s avoir essuy\u00e9 la d\u00e9ception d\u2019un abandon lors de son premier d\u00e9part en cat\u00e9gorie reine, il n\u2019a pas tard\u00e9 \u00e0 d\u00e9bloquer son compteur. Au terme du Grand Prix du Japon, il empoche les 4 points de la huiti\u00e8me place. Il r\u00e9it\u00e9rera la prouesse de se classer dans le top-10 \u00e0 cinq reprises en premi\u00e8re partie de saison.<\/p>\n<\/p>\n<p>Et que dire de la reprise du championnat ? D\u00e8s le Grand Prix des Pays-Bas, Isack Hadjar arrache une 4e place en Qualifications sous la pluie, pour transformer l\u2019essai le dimanche, et d\u00e9crocher son premier podium en Formule 1. En Italie et en Azerba\u00efdjan, il prend encore une unit\u00e9 \u00e0 chaque fois. Encha\u00eenant les arriv\u00e9es dans les points, Isack Hadjar se rapproche d\u2019un record de <a href=\"https:\/\/www.autohebdo.fr\/pilote\/f1\/max-verstappen\" data-internallinksmanager029f6b8e52c=\"2\" title=\"Max Verstappen\" target=\"_blank\" rel=\"noopener\">Max Verstappen<\/a> dans l\u2019\u00e9curie.<\/p>\n<p>Hadjar peut-il d\u00e9passer Verstappen et Vettel ?<\/p>\n<p>Lors de sa premi\u00e8re saison dans la discipline, le quadruple champion du monde \u2013 pass\u00e9 par la structure de Faenza lorsque celle-ci \u00e9tait encore engag\u00e9e sous le nom de <a href=\"https:\/\/www.autohebdo.fr\/actualites\/ecurie\/scuderia-alphatauri-scuderia-toro-rosso\" data-internallinksmanager029f6b8e52c=\"75\" title=\"Ecurie F1 Racing Bulls\" target=\"_blank\" rel=\"noopener\">Toro Rosso<\/a> \u2013 avait enregistr\u00e9 un total de 10 apparitions dans les points. Isack Hadjar en compte d\u00e9j\u00e0 huit.<\/p>\n<p>Autre cible pour le Tricolore : <a href=\"https:\/\/www.autohebdo.fr\/pilote\/f1\/sebastian-vettel\" data-internallinksmanager029f6b8e52c=\"13\" title=\"Sebastian Vettel\" target=\"_blank\" rel=\"noopener\">Sebastian Vettel<\/a>. Au cours de sa premi\u00e8re saison compl\u00e8te en F1, chez Toro Rosso, en 2008, il termine dix fois parmi les dix premiers. Seule diff\u00e9rence ? Dans les dix top-10 comptabilis\u00e9s par l\u2019Allemand, seuls neuf ont aliment\u00e9 son compteur. En effet, \u00e0 l\u2019\u00e9poque, seuls les huit premiers repartaient avec des unit\u00e9s. Sa neuvi\u00e8me place en Chine a donc compt\u00e9 comme un r\u00e9sultat blanc. Malgr\u00e9 tout, dans son panel de r\u00e9sultats, il peut se targuer d\u2019avoir d\u00e9crocher une victoire, en Italie.<\/p>\n<p>Alors qu\u2019il reste six manches \u00e0 disputer en 2025, dont la premi\u00e8re ce week-end, sur le circuit des Am\u00e9riques, Isack Hadjar pourrait bien r\u00e9aliser la meilleure saison de rookie de l\u2019histoire de son \u00e9quipe du point de vue de sa capacit\u00e9 \u00e0 faire grossir r\u00e9guli\u00e8rement son score.<\/p>\n<p><strong>\u00c0 LIRE AUSSI &gt;\u00a0<a href=\"https:\/\/www.autohebdo.fr\/actualites\/f1\/isack-hadjar-termine-le-gp-de-singapour-hors-des-points-on-perdait-un-peu-partout.html\" target=\"_blank\" rel=\"noopener\">Isack Hadjar termine le GP de Singapour hors des points : \u00ab On perdait un peu partout \u00bb<\/a><\/strong><\/p>\n","protected":false},"excerpt":{"rendered":"Il ne fait aucun doute qu\u2019Isack Hadjar r\u00e9alise une premi\u00e8re saison impressionnante en Formule 1. Dans l\u2019environnement ultra&hellip;\n","protected":false},"author":2,"featured_media":463640,"comment_status":"","ping_status":"","sticky":false,"template":"","format":"standard","meta":{"footnotes":""},"categories":[1412],"tags":[1451,1452,1453,1454,1455,1011,27,60],"class_list":{"0":"post-463639","1":"post","2":"type-post","3":"status-publish","4":"format-standard","5":"has-post-thumbnail","7":"category-f1","8":"tag-f1","9":"tag-formula-1","10":"tag-formula1","11":"tag-formule-1","12":"tag-formule1","13":"tag-fr","14":"tag-france","15":"tag-sports"},"share_on_mastodon":{"url":"https:\/\/pubeurope.com\/@fr\/115375378537124535","error":""},"_links":{"self":[{"href":"https:\/\/www.europesays.com\/fr\/wp-json\/wp\/v2\/posts\/463639","targetHints":{"allow":["GET"]}}],"collection":[{"href":"https:\/\/www.europesays.com\/fr\/wp-json\/wp\/v2\/posts"}],"about":[{"href":"https:\/\/www.europesays.com\/fr\/wp-json\/wp\/v2\/types\/post"}],"author":[{"embeddable":true,"href":"https:\/\/www.europesays.com\/fr\/wp-json\/wp\/v2\/users\/2"}],"replies":[{"embeddable":true,"href":"https:\/\/www.europesays.com\/fr\/wp-json\/wp\/v2\/comments?post=463639"}],"version-history":[{"count":0,"href":"https:\/\/www.europesays.com\/fr\/wp-json\/wp\/v2\/posts\/463639\/revisions"}],"wp:featuredmedia":[{"embeddable":true,"href":"https:\/\/www.europesays.com\/fr\/wp-json\/wp\/v2\/media\/463640"}],"wp:attachment":[{"href":"https:\/\/www.europesays.com\/fr\/wp-json\/wp\/v2\/media?parent=463639"}],"wp:term":[{"taxonomy":"category","embeddable":true,"href":"https:\/\/www.europesays.com\/fr\/wp-json\/wp\/v2\/categories?post=463639"},{"taxonomy":"post_tag","embeddable":true,"href":"https:\/\/www.europesays.com\/fr\/wp-json\/wp\/v2\/tags?post=463639"}],"curies":[{"name":"wp","href":"https:\/\/api.w.org\/{rel}","templated":true}]}}