{"id":46364,"date":"2025-04-23T10:48:32","date_gmt":"2025-04-23T10:48:32","guid":{"rendered":"https:\/\/www.europesays.com\/fr\/46364\/"},"modified":"2025-04-23T10:48:32","modified_gmt":"2025-04-23T10:48:32","slug":"ilevia-adapte-son-offre-pour-le-concert-de-ninho-a-la-decathlon-arena-stade-pierre-mauroy-ce-mercredi-23-avril","status":"publish","type":"post","link":"https:\/\/www.europesays.com\/fr\/46364\/","title":{"rendered":"il\u00e9via adapte son offre pour le concert de Ninho \u00e0 la Decathlon Arena &#8211; Stade Pierre Mauroy ce mercredi 23 avril"},"content":{"rendered":"<p style=\"text-align: justify;\"><strong>Il\u00e9via<\/strong> <strong>module son offre <\/strong>pour <strong>garantir aux spectateurs <\/strong>des <strong>d\u00e9placements sereins et faciles <\/strong>lors du <strong>concert de Ninho<\/strong> qui aura lieu ce <strong>mercredi 23 avril 2025 \u00e0 20h<\/strong> \u00e0 la <strong>Decathlon Arena \u2013 Stade Pierre Mauroy. <\/strong>Les <strong>fr\u00e9quences des deux lignes de m\u00e9tro<\/strong> seront notamment<strong> renforc\u00e9es apr\u00e8s le concert.<\/strong><\/p>\n<p style=\"text-align: justify;\"><strong>Un offre adapt\u00e9 sur les deux lignes d m\u00e9tro<\/strong><br \/>Pour permettre aux spectateurs de se <strong>d\u00e9placer dans les meilleures conditions \u00e0 la fin du concert,<\/strong> les<strong> fr\u00e9quences de passage des rames sont renforc\u00e9es <\/strong>sur les <strong>deux lignes de m\u00e9tro.<\/strong><\/p>\n<p style=\"text-align: justify;\">Les <strong>spectateurs <\/strong>seront ainsi <strong>invit\u00e9s \u00e0 emprunter,<\/strong> dans la <strong>mesure du possible,<\/strong> les <strong>stations 4 Cantons<br \/>et Cit\u00e9 Scintifique.<\/strong><\/p>\n<p style=\"text-align: justify;\">Des <strong>navett<\/strong><strong>es <\/strong>entre<strong>Les Pr\u00e9s<\/strong> et la <strong>Decathlon Arena \u2013 Stade Pierre Mauroy <\/strong><strong>avant et apr\u00e8s le concert<\/strong>.<\/p>\n<p style=\"text-align: justify;\"><strong>L\u2019ouverture des portes <\/strong>de la <strong>Decathlon Arena \u2013 Stade Pierre Mauroy <\/strong> s\u2019effectuant <strong>deux heures avant l\u2019\u00e9v\u00e9nement, il\u00e9via <\/strong>invite les <strong>voyageurs \u00e0 anticiper leur trajet <\/strong>en raison de<strong> l\u2019affluence attendue sur le r\u00e9seau le jour du concert.<\/strong><\/p>\n<p style=\"text-align: justify;\"><strong>Des navettes gratuites<\/strong> et <strong>accessibles \u00e0 tous les passagers d\u00e9tenteurs d\u2019un billet du concert<\/strong> et<strong> munis<br \/>d\u2019un titre de transport valide,<\/strong> <strong>circuleront <\/strong>entre la<strong> station de m\u00e9tro <\/strong><strong>Les Pr\u00e9s<\/strong> (ligne 2) et la <strong>Decathlon Arena \u2013 Stade Pierre Mauroy.<\/strong><\/p>\n<p style=\"text-align: justify;\"><strong>Il\u00e9via<\/strong> <strong>recommande \u00e0 ses usagers d\u2019anticiper leurs d\u00e9placements<\/strong> et de<strong> consulter en temps r\u00e9el les informations<\/strong> sur <a href=\"https:\/\/www.ilevia.fr\/\" target=\"_blank\" rel=\"noreferrer noopener\">ilevia.fr<\/a> ou <strong>via l\u2019application mobile<\/strong>.<\/p>\n<p class=\"has-text-align-right\">Source : Il\u00e9via \u2013 Photo : \u00a9 Zoom Sur Lille<\/p>\n","protected":false},"excerpt":{"rendered":"Il\u00e9via module son offre pour garantir aux spectateurs des d\u00e9placements sereins et faciles lors du concert de Ninho&hellip;\n","protected":false},"author":2,"featured_media":31048,"comment_status":"","ping_status":"","sticky":false,"template":"","format":"standard","meta":{"footnotes":""},"categories":[2815],"tags":[13592,1111,11,1697,13593,13594,1777,674,1011,27,811,4288,1307,4047,12,13447,25,13595],"class_list":{"0":"post-46364","1":"post","2":"type-post","3":"status-publish","4":"format-standard","5":"has-post-thumbnail","7":"category-lille","8":"tag-23-avril-2025","9":"tag-actu","10":"tag-actualites","11":"tag-concert","12":"tag-decathlon-arena","13":"tag-decathlon-arena-stade-pierre-mauroy","14":"tag-eu","15":"tag-europe","16":"tag-fr","17":"tag-france","18":"tag-hauts-de-france","19":"tag-ilevia","20":"tag-lille","21":"tag-metro","22":"tag-news","23":"tag-ninho","24":"tag-republique-francaise","25":"tag-stade-pierre-mauroy"},"share_on_mastodon":{"url":"https:\/\/pubeurope.com\/@fr\/114386888769097293","error":""},"_links":{"self":[{"href":"https:\/\/www.europesays.com\/fr\/wp-json\/wp\/v2\/posts\/46364","targetHints":{"allow":["GET"]}}],"collection":[{"href":"https:\/\/www.europesays.com\/fr\/wp-json\/wp\/v2\/posts"}],"about":[{"href":"https:\/\/www.europesays.com\/fr\/wp-json\/wp\/v2\/types\/post"}],"author":[{"embeddable":true,"href":"https:\/\/www.europesays.com\/fr\/wp-json\/wp\/v2\/users\/2"}],"replies":[{"embeddable":true,"href":"https:\/\/www.europesays.com\/fr\/wp-json\/wp\/v2\/comments?post=46364"}],"version-history":[{"count":0,"href":"https:\/\/www.europesays.com\/fr\/wp-json\/wp\/v2\/posts\/46364\/revisions"}],"wp:featuredmedia":[{"embeddable":true,"href":"https:\/\/www.europesays.com\/fr\/wp-json\/wp\/v2\/media\/31048"}],"wp:attachment":[{"href":"https:\/\/www.europesays.com\/fr\/wp-json\/wp\/v2\/media?parent=46364"}],"wp:term":[{"taxonomy":"category","embeddable":true,"href":"https:\/\/www.europesays.com\/fr\/wp-json\/wp\/v2\/categories?post=46364"},{"taxonomy":"post_tag","embeddable":true,"href":"https:\/\/www.europesays.com\/fr\/wp-json\/wp\/v2\/tags?post=46364"}],"curies":[{"name":"wp","href":"https:\/\/api.w.org\/{rel}","templated":true}]}}