{"id":463641,"date":"2025-10-15T00:35:17","date_gmt":"2025-10-15T00:35:17","guid":{"rendered":"https:\/\/www.europesays.com\/fr\/463641\/"},"modified":"2025-10-15T00:35:17","modified_gmt":"2025-10-15T00:35:17","slug":"une-quatrieme-recrue-pour-ma-petite-entreprise-actualite","status":"publish","type":"post","link":"https:\/\/www.europesays.com\/fr\/463641\/","title":{"rendered":"Une quatri\u00e8me recrue pour Ma Petite Entreprise &#8211; Actualit\u00e9"},"content":{"rendered":"<p style=\"text-align: justify;\">La nouvelle \u00e9quipe fran\u00e7aise\u00a0<strong><a href=\"https:\/\/www.directvelo.com\/equipe\/11164\/ma-petite-entreprise\" target=\"_blank\" rel=\"noopener\">Ma Petite Entreprise<\/a><\/strong> compte une quatri\u00e8me recrue pour la saison 2026, \u00e0 savoir la Suissesse\u00a0<strong><a href=\"https:\/\/www.directvelo.com\/coureur\/43833\/lea-stern\" target=\"_blank\" rel=\"noopener\">L\u00e9a Stern<\/a><\/strong> qui arrive de chez KDM-Pack.<\/p>\n<p>L\u2019athl\u00e8te de 24 ans a remport\u00e9 cette ann\u00e9e une \u00e9tape et le g\u00e9n\u00e9ral de l\u2019Altitude Tour Gard ainsi qu\u2019une \u00e9tape et le g\u00e9n\u00e9ral du Tour de Charente-Maritime.<\/p>\n<p>Elle a aussi fini 2e du GP du Tessin, 4e du prologue du Tour El Salvador (2.1) et du Tour de Berne, 5e du Championnat de Suisse du contre-la-montre et du GP Cham-Hagendorn, 6e du Championnat de Suisse, 10e du GP Surf City (1.1) et du Tour de Feminin (2.2).<\/p>\n<p>L\u00e9a Stern a d\u00e9j\u00e0 \u00e9volu\u00e9 dans les \u00e9quipes fran\u00e7aises Komugi-Grand Est, en 2022, et au Team Buffaz Gestion de patrimoine, en 2023.<\/p>\n<p>Retrouvez tous les transferts f\u00e9minins de l&rsquo;intersaison 2025-2026\u00a0<a href=\"https:\/\/www.directvelo.com\/mutations\/2026#teams-women\" target=\"_blank\" rel=\"noopener\"><strong>en cliquant ici<\/strong><\/a>.<\/p>\n","protected":false},"excerpt":{"rendered":"La nouvelle \u00e9quipe fran\u00e7aise\u00a0Ma Petite Entreprise compte une quatri\u00e8me recrue pour la saison 2026, \u00e0 savoir la Suissesse\u00a0L\u00e9a&hellip;\n","protected":false},"author":2,"featured_media":463642,"comment_status":"","ping_status":"","sticky":false,"template":"","format":"standard","meta":{"footnotes":""},"categories":[1411],"tags":[834,828,836,829,837,827,83,826,824,823,1154,207,814,817,815,816,822,821,832,211,839,1011,27,820,818,819,835,831,830,833,838,60,212,208,825],"class_list":{"0":"post-463641","1":"post","2":"type-post","3":"status-publish","4":"format-standard","5":"has-post-thumbnail","7":"category-cyclisme","8":"tag-attaque","9":"tag-belgique","10":"tag-braquet","11":"tag-bretagne","12":"tag-chute","13":"tag-competition","14":"tag-coupe-de-france","15":"tag-coureur","16":"tag-course-cyclisme","17":"tag-course-cycliste","18":"tag-cycling","19":"tag-cyclisme","20":"tag-direct","21":"tag-direct-velo","22":"tag-directvelo","23":"tag-directvelo-com","24":"tag-epreuve","25":"tag-epreuve-cycliste","26":"tag-federation-francaise-de-cyclisme","27":"tag-ffc","28":"tag-flandres","29":"tag-fr","30":"tag-france","31":"tag-live","32":"tag-live-course","33":"tag-live-epreuve","34":"tag-peloton","35":"tag-radio-peloton","36":"tag-radio-tour","37":"tag-ravitaillement","38":"tag-relance","39":"tag-sports","40":"tag-uci","41":"tag-velo","42":"tag-velos"},"share_on_mastodon":{"url":"https:\/\/pubeurope.com\/@fr\/115375382429348162","error":""},"_links":{"self":[{"href":"https:\/\/www.europesays.com\/fr\/wp-json\/wp\/v2\/posts\/463641","targetHints":{"allow":["GET"]}}],"collection":[{"href":"https:\/\/www.europesays.com\/fr\/wp-json\/wp\/v2\/posts"}],"about":[{"href":"https:\/\/www.europesays.com\/fr\/wp-json\/wp\/v2\/types\/post"}],"author":[{"embeddable":true,"href":"https:\/\/www.europesays.com\/fr\/wp-json\/wp\/v2\/users\/2"}],"replies":[{"embeddable":true,"href":"https:\/\/www.europesays.com\/fr\/wp-json\/wp\/v2\/comments?post=463641"}],"version-history":[{"count":0,"href":"https:\/\/www.europesays.com\/fr\/wp-json\/wp\/v2\/posts\/463641\/revisions"}],"wp:featuredmedia":[{"embeddable":true,"href":"https:\/\/www.europesays.com\/fr\/wp-json\/wp\/v2\/media\/463642"}],"wp:attachment":[{"href":"https:\/\/www.europesays.com\/fr\/wp-json\/wp\/v2\/media?parent=463641"}],"wp:term":[{"taxonomy":"category","embeddable":true,"href":"https:\/\/www.europesays.com\/fr\/wp-json\/wp\/v2\/categories?post=463641"},{"taxonomy":"post_tag","embeddable":true,"href":"https:\/\/www.europesays.com\/fr\/wp-json\/wp\/v2\/tags?post=463641"}],"curies":[{"name":"wp","href":"https:\/\/api.w.org\/{rel}","templated":true}]}}