{"id":463649,"date":"2025-10-15T00:39:19","date_gmt":"2025-10-15T00:39:19","guid":{"rendered":"https:\/\/www.europesays.com\/fr\/463649\/"},"modified":"2025-10-15T00:39:19","modified_gmt":"2025-10-15T00:39:19","slug":"les-collegiens-rencontrent-un-auteur-au-salon-du-livre-a-troyes","status":"publish","type":"post","link":"https:\/\/www.europesays.com\/fr\/463649\/","title":{"rendered":"Les coll\u00e9giens rencontrent un auteur au Salon du livre \u00e0 Troyes"},"content":{"rendered":"<p>                                        <a data-no-instant=\"1\" href=\"https:\/\/jhm.fr\/boutique\/?mtm_campaign=BannAboOct&amp;mtm_kwd=BannAboOct&amp;mtm_source=BannAboOct&amp;mtm_medium=BannAboOct&amp;mtm_content=BannAboOct&amp;mtm_cid=BannAboOct&amp;mtm_group=BannAboOct&amp;mtm_placement=BannAboOct\" rel=\"noopener sponsored nofollow\" class=\"a2t-link\" target=\"_blank\" aria-label=\"CTI150790-1-Offre-abonnement-num\u00e9rique-2025 (2)\"><img loading=\"lazy\" decoding=\"async\" src=\"https:\/\/www.europesays.com\/fr\/wp-content\/uploads\/2025\/10\/CTI150790-1-Offre-abonnement-numerique-2025-2.gif\" alt=\"\" width=\"1800\" height=\"180\"\/><\/a>                                    <\/p>\n<p><strong>Vendredi 10 octobre, les \u00e9l\u00e8ves de 5e du coll\u00e8ge se sont rendus au 39e Salon r\u00e9gional du livre pour la jeunesse \u00e0 Troyes, une sortie organis\u00e9e chaque ann\u00e9e par Mme Fernandes, professeure documentaliste, dans le cadre du Parcours d\u2019\u00e9ducation artistique et culturelle.<\/strong><\/p>\n<p>Accompagn\u00e9s de Mme Dassonville (professeure de lettres), Mme Fernandes et Mme Langlais (assistante d\u2019\u00e9ducation), les coll\u00e9giens ont plong\u00e9 avec curiosit\u00e9 dans l\u2019univers de la litt\u00e9rature jeunesse. Entre les stands d\u2019\u00e9diteurs, les rencontres avec des auteurs et la d\u00e9couverte de nombreuses \u0153uvres, ils ont pu nourrir leur go\u00fbt pour la lecture et \u00e9largir leur horizon culturel. Le temps fort de la journ\u00e9e a \u00e9t\u00e9 la rencontre avec Fr\u00e9d\u00e9ric Maupom\u00e9, auteur de bandes dessin\u00e9es et mangaka. Il a \u00e9crit plusieurs s\u00e9ries dont la derni\u00e8re, \u201cLa qu\u00eate\u201d, en deux tomes, est sortie en 2024. Plusieurs de ses livres ont \u00e9t\u00e9 achet\u00e9s et d\u00e9dicac\u00e9s pour le CDI. L\u2019auteur s\u2019est montr\u00e9 particuli\u00e8rement chaleureux et disponible. L\u2019\u00e9change, sous forme de questions-r\u00e9ponses, a passionn\u00e9 les \u00e9l\u00e8ves, ravis de pouvoir interroger l\u2019artiste sur son parcours, ses sources d\u2019inspiration et son m\u00e9tier. La journ\u00e9e s\u2019est poursuivie par un circuit culturel dans le centre de Troyes, \u00e0 la d\u00e9couverte des sculptures le long du canal, apr\u00e8s un pique-nique \u201cz\u00e9ro d\u00e9chet\u201d, initiative \u00e9coresponsable du salon. Enfin, les \u00e9l\u00e8ves ont visit\u00e9 la Cit\u00e9 du vitrail, et ont particip\u00e9 \u00e0 un livret-jeu leur permettant de comprendre les diff\u00e9rentes \u00e9tapes de fabrication des vitraux, de la conception \u00e0 la mise en couleur. Fatigu\u00e9s mais enthousiastes, les coll\u00e9giens sont rentr\u00e9s \u00e0 Colombey avec de nouveaux livres sous le bras, heureux d\u2019avoir v\u00e9cu une journ\u00e9e aussi enrichissante.<\/p>\n<ul class=\"splide__list\">\n<li class=\"splide__slide\">\n                    <img decoding=\"async\" src=\"https:\/\/www.europesays.com\/fr\/wp-content\/uploads\/2025\/10\/925696.HR_.jpg\" alt=\"\"\/><br \/>\n                                            La rencontre avec un auteur est toujours un moment privil\u00e9gi\u00e9.\n                                    <\/li>\n<li class=\"splide__slide\">\n                    <img decoding=\"async\" src=\"https:\/\/www.europesays.com\/fr\/wp-content\/uploads\/2025\/10\/925697.HR_.jpg\" alt=\"\"\/><br \/>\n                                            Rallye d\u00e9couverte dans la ville de Troyes.\n                                    <\/li>\n<li class=\"splide__slide\">\n                    <img decoding=\"async\" src=\"https:\/\/www.europesays.com\/fr\/wp-content\/uploads\/2025\/10\/925698.HR_.jpg\" alt=\"\"\/><br \/>\n                                            Fr\u00e9d\u00e9ric Maupom\u00e9 a d\u00e9dicac\u00e9 ses livres et offert quelques dessins aux coll\u00e9giens.\n                                    <\/li>\n<li class=\"splide__slide\">\n                    <img decoding=\"async\" src=\"https:\/\/www.europesays.com\/fr\/wp-content\/uploads\/2025\/10\/925699.HR_.jpg\" alt=\"\"\/><br \/>\n                                            Visite de la Cit\u00e9 du vitrail.\n                                    <\/li>\n<\/ul>\n","protected":false},"excerpt":{"rendered":"Vendredi 10 octobre, les \u00e9l\u00e8ves de 5e du coll\u00e8ge se sont rendus au 39e Salon r\u00e9gional du livre&hellip;\n","protected":false},"author":2,"featured_media":463650,"comment_status":"","ping_status":"","sticky":false,"template":"","format":"standard","meta":{"footnotes":""},"categories":[1357],"tags":[1379,58,59,1011,27,1380],"class_list":{"0":"post-463649","1":"post","2":"type-post","3":"status-publish","4":"format-standard","5":"has-post-thumbnail","7":"category-livres","8":"tag-books","9":"tag-divertissement","10":"tag-entertainment","11":"tag-fr","12":"tag-france","13":"tag-livres"},"share_on_mastodon":{"url":"https:\/\/pubeurope.com\/@fr\/115375398942835027","error":""},"_links":{"self":[{"href":"https:\/\/www.europesays.com\/fr\/wp-json\/wp\/v2\/posts\/463649","targetHints":{"allow":["GET"]}}],"collection":[{"href":"https:\/\/www.europesays.com\/fr\/wp-json\/wp\/v2\/posts"}],"about":[{"href":"https:\/\/www.europesays.com\/fr\/wp-json\/wp\/v2\/types\/post"}],"author":[{"embeddable":true,"href":"https:\/\/www.europesays.com\/fr\/wp-json\/wp\/v2\/users\/2"}],"replies":[{"embeddable":true,"href":"https:\/\/www.europesays.com\/fr\/wp-json\/wp\/v2\/comments?post=463649"}],"version-history":[{"count":0,"href":"https:\/\/www.europesays.com\/fr\/wp-json\/wp\/v2\/posts\/463649\/revisions"}],"wp:featuredmedia":[{"embeddable":true,"href":"https:\/\/www.europesays.com\/fr\/wp-json\/wp\/v2\/media\/463650"}],"wp:attachment":[{"href":"https:\/\/www.europesays.com\/fr\/wp-json\/wp\/v2\/media?parent=463649"}],"wp:term":[{"taxonomy":"category","embeddable":true,"href":"https:\/\/www.europesays.com\/fr\/wp-json\/wp\/v2\/categories?post=463649"},{"taxonomy":"post_tag","embeddable":true,"href":"https:\/\/www.europesays.com\/fr\/wp-json\/wp\/v2\/tags?post=463649"}],"curies":[{"name":"wp","href":"https:\/\/api.w.org\/{rel}","templated":true}]}}