{"id":463651,"date":"2025-10-15T00:40:17","date_gmt":"2025-10-15T00:40:17","guid":{"rendered":"https:\/\/www.europesays.com\/fr\/463651\/"},"modified":"2025-10-15T00:40:17","modified_gmt":"2025-10-15T00:40:17","slug":"les-coulisses-de-la-selection-presque-surprise-de-jayde","status":"publish","type":"post","link":"https:\/\/www.europesays.com\/fr\/463651\/","title":{"rendered":"Les coulisses de la s\u00e9lection (presque) surprise de Jayde"},"content":{"rendered":"<p> \u00abJe ne voulais pas venir moi, de base\u00a0!\u00a0\u00bb C\u2019est une \u00e9tonnante s\u00e9quence qui a marqu\u00e9 le lancement de la 20e saison de \u00ab\u00a0<a href=\"https:\/\/www.20minutes.fr\/dossier\/la_france_a_un_incroyable_talent\" class=\"c-link c-link--is-underlined\" target=\"_blank\" rel=\"noopener\">La France a un incroyable talent<\/a>\u00a0\u00bb ce mardi soir sur <a href=\"https:\/\/www.20minutes.fr\/dossier\/m6\" class=\"c-link c-link--is-underlined\" target=\"_blank\" rel=\"noopener\">M6<\/a>. Venue assister \u00e0 l\u2019enregistrement de l\u2019\u00e9mission comme simple spectatrice, Jayde, 25 ans, s\u2019est vue propuls\u00e9e sur sc\u00e8ne par le chauffeur de salle et a stup\u00e9fi\u00e9 les jur\u00e9s avec sa reprise de I Wanna Dance With Somebody de Whitney Houston.<\/p>\n<p>\u00ab\u00a0Si la prod est d\u2019accord, on t\u2019inscrit maintenant au casting\u00a0\u00bb, s\u2019est alors \u00e9cri\u00e9e H\u00e9l\u00e8ne S\u00e9gara, de concert avec les autres membres du jury, tous bouche b\u00e9e apr\u00e8s la prestation de la jeune femme. Une surprise de taille pour cette professeure d\u2019anglais originaire de <a href=\"https:\/\/www.20minutes.fr\/dossier\/normandie\" class=\"c-link c-link--is-underlined\" target=\"_blank\" rel=\"noopener\">Normandie<\/a>, d\u00e9sormais candidate de <a href=\"https:\/\/www.20minutes.fr\/diaporama\/diaporama-4178912-image-france-incroyable-talent-eric-antoine-marina-kaye-stars-revelees-emission\" class=\"c-link c-link--is-underlined\" target=\"_blank\" rel=\"noopener\">cette saison anniversaire<\/a>. Un \u00e9v\u00e9nement aussi heureux qu\u2019inattendu\u00a0? Pour Jayde et le jury oui, mais pas pour la production du programme et le petit copain de la chanteuse.<\/p>\n<p>Un casting faussement rat\u00e9<\/p>\n<p>\u00ab\u00a0Ce n\u2019est pas du hasard\u00a0\u00bb, a ainsi d\u00e9voil\u00e9 M6 lors d\u2019une conf\u00e9rence de presse en septembre dernier. Jayde, prof d\u2019anglais et chanteuse autodidacte depuis une dizaine d\u2019ann\u00e9es, avait d\u00e9pos\u00e9 sa candidature pour participer au casting de cette 20e saison. Elle avait toutefois essuy\u00e9 un refus. \u00ab\u00a0Quand j\u2019ai eu la personne qui m\u2019a dit que je n\u2019\u00e9tais pas prise, je me suis dit\u00a0: \u00ab\u00a0bon, ce n\u2019est pas grave, un casting de plus de loup\u00e9 finalement\u00a0\u00bb\u00a0\u00bb, raconte \u00e0 20 Minutes cette artiste qui se produit tous les week-ends en concert dans sa r\u00e9gion. Une d\u00e9ception, tout de m\u00eame, pour cette jeune femme qui, enfant, \u00e9tait fan de Caroline Costa &#8211; une chanteuse r\u00e9v\u00e9l\u00e9e par l\u2019\u00e9mission en\u00a02008 &#8211; et se r\u00eavait elle aussi sur la sc\u00e8ne de \u00ab\u00a0Incroyable talent\u00a0\u00bb.<\/p>\n<p>Jayde \u00e9tait alors loin de se douter qu\u2019une surprise se tramait derri\u00e8re cette d\u00e9convenue. Car en r\u00e9alit\u00e9, la candidate avait bien \u00e9t\u00e9 s\u00e9lectionn\u00e9e. \u00ab\u00a0Ils ont mis mon compagnon dans la confidence et lui ont dit qu\u2019il fallait me faire venir \u00e0 tout prix assister aux enregistrements\u00a0\u00bb, r\u00e9v\u00e8le-t-elle.<\/p>\n<p>\u00ab\u00a0Des personnes dans le public savent jouer du piano\u00a0?\u00a0\u00bb<\/p>\n<p>Quelque peu \u00e9chaud\u00e9e, Jayde accepte finalement de se rendre \u00e0 cet \u00e9v\u00e9nement, encourag\u00e9e par son ami. Elle pense encore n\u2019\u00eatre qu\u2019une simple spectatrice et ne s\u2019appr\u00eate pas particuli\u00e8rement. \u00ab\u00a0Je n\u2019\u00e9tais ni maquill\u00e9e, ni coiff\u00e9e, pr\u00e9cise-t-elle. J\u2019ai juste \u00e9t\u00e9 assez intelligente pour me dire qu\u2019une cam\u00e9ra passerait peut-\u00eatre sur moi, j\u2019ai donc mis le costume que je mets sur sc\u00e8ne d\u2019habitude.\u00a0\u00bb<\/p>\n<p>Elle assiste donc au spectacle lorsque le chauffeur de salle Eric Mend\u00e8s fait une demande particuli\u00e8re\u00a0: \u00ab\u00a0En attendant qu\u2019on installe le prochain talent, est-ce qu\u2019il y a des personnes dans le public qui savent jouer du piano\u00a0?\u00a0\u00bb Une jeune fille se l\u00e8ve, puis une deuxi\u00e8me. Mais pas Jayde. \u00ab\u00a0Je ne voulais pas. Je disais \u00e0 mon compagnon que c\u2019\u00e9tait hors de question. J\u2019avais \u00e9chou\u00e9 au casting, je ne me l\u00e8verai pas. En fait, ils n\u2019attendaient que \u00e7a, mais moi, je ne le savais pas.\u00a0\u00bb Sur l\u2019insistance de son ami, elle finit par se lancer, non sans pression.<\/p>\n<blockquote class=\"mx-m@xs mx-xxl@md color-ultramarine c-citation\">\n<p class=\"font-weight-regular@xs text-italic font-source-serif-pro text-l@xs c-citation__content\">\u00ab\u00a0\u00ab\u00a0J\u2019\u00e9tais tellement tremblante en descendant les escaliers vers la sc\u00e8ne\u2026 C\u2019est quand m\u00eame impressionnant. Et je n\u2019\u00e9tais plus habitu\u00e9e \u00e0 ce que quelqu\u2019un juge ma voix, mon talent. En plus, je ne suis pas tellement pianiste. Je le pr\u00e9cise d\u2019ailleurs au micro. Par contre, je sais un petit peu chanter.\u00a0\u00bb\u00a0\u00bb<\/p>\n<\/blockquote>\n<p>De quoi largement bluffer le jury et les t\u00e9l\u00e9spectateurs\u2026 \u00ab\u00a0Elle aurait pu se planter et vous n\u2019auriez pas eu cette s\u00e9quence dans le programme, souligne le directeur adjoint des programmes de flux externes de M6 William Lebugle. Mais il s\u2019av\u00e8re qu\u2019elle a fait cette prestation et que le jury, de mani\u00e8re tr\u00e8s spontan\u00e9e, lui a propos\u00e9 de s\u2019inscrire aux auditions.\u00a0\u00bb<\/p>\n<p>\u00ab\u00a0Mais comment tu as pu me faire \u00e7a\u00a0?\u00a0\u00bb<\/p>\n<p>Jayde comptera donc parmi les incroyables talents de cette 20e saison. Elle aborde d\u00e9sormais la suite du concours et les prochaines \u00e9tapes avec s\u00e9r\u00e9nit\u00e9. \u00ab\u00a0J\u2019essaye de me dire que si \u00e7a a fonctionn\u00e9 en ayant peu de convictions, peut-\u00eatre que je ne devrais pas me prendre la t\u00eate et faire juste ce que je ressens, sans me mettre de pression\u00a0\u00bb, explique-t-elle. Par ailleurs, la chanteuse voit d\u00e9j\u00e0 cette exp\u00e9rience comme une \u00ab\u00a0opportunit\u00e9 \u00e9norme\u00a0\u00bb et se dit \u00ab\u00a0extr\u00eamement heureuse\u00a0\u00bb d\u2019avoir pu participer \u00e0 cette premi\u00e8re \u00e9mission.<\/p>\n<p><a href=\"https:\/\/www.20minutes.fr\/dossier\/m6\" class=\"c-link c-btn c-btn--primary\" target=\"_blank\" rel=\"noopener\">Nos articles sur M6<\/a><\/p>\n<p>Elle se souviendra longtemps de cet ascenseur \u00e9motionnel sous les feux des projecteurs. Tout comme son copain, complice de la production. \u00ab\u00a0Je lui en ai voulu \u00e0 mort, confie-t-elle en rigolant. On est sortis et je lui ai dit\u00a0: \u00ab\u00a0mais comment t\u2019as pu me faire \u00e7a\u00a0\u00bb\u00a0?\u00a0\u00bb Rassurez-vous, tout est bien qui finit bien. \u00ab\u00a0Je lui en suis reconnaissante, et aussi d\u2019avoir pris sur lui. Il n\u2019est pas tr\u00e8s friand de tout ce qui est \u00e9missions de t\u00e9l\u00e9. Il a fait un effort pour moi et je l\u2019aime plus que tout parce que c\u2019est quand m\u00eame adorable d\u2019avoir fait \u00e7a.\u00a0\u00bb<\/p>\n","protected":false},"excerpt":{"rendered":"\u00abJe ne voulais pas venir moi, de base\u00a0!\u00a0\u00bb C\u2019est une \u00e9tonnante s\u00e9quence qui a marqu\u00e9 le lancement de&hellip;\n","protected":false},"author":2,"featured_media":463652,"comment_status":"","ping_status":"","sticky":false,"template":"","format":"standard","meta":{"footnotes":""},"categories":[1356],"tags":[2704,903,58,4739,59,1011,27,5366,494,252,1364],"class_list":{"0":"post-463651","1":"post","2":"type-post","3":"status-publish","4":"format-standard","5":"has-post-thumbnail","7":"category-television","8":"tag-chanteuse","9":"tag-concours","10":"tag-divertissement","11":"tag-emission-de-television","12":"tag-entertainment","13":"tag-fr","14":"tag-france","15":"tag-la-france-a-un-incroyable-talent","16":"tag-m6","17":"tag-television","18":"tag-tv"},"share_on_mastodon":{"url":"https:\/\/pubeurope.com\/@fr\/115375402151412019","error":""},"_links":{"self":[{"href":"https:\/\/www.europesays.com\/fr\/wp-json\/wp\/v2\/posts\/463651","targetHints":{"allow":["GET"]}}],"collection":[{"href":"https:\/\/www.europesays.com\/fr\/wp-json\/wp\/v2\/posts"}],"about":[{"href":"https:\/\/www.europesays.com\/fr\/wp-json\/wp\/v2\/types\/post"}],"author":[{"embeddable":true,"href":"https:\/\/www.europesays.com\/fr\/wp-json\/wp\/v2\/users\/2"}],"replies":[{"embeddable":true,"href":"https:\/\/www.europesays.com\/fr\/wp-json\/wp\/v2\/comments?post=463651"}],"version-history":[{"count":0,"href":"https:\/\/www.europesays.com\/fr\/wp-json\/wp\/v2\/posts\/463651\/revisions"}],"wp:featuredmedia":[{"embeddable":true,"href":"https:\/\/www.europesays.com\/fr\/wp-json\/wp\/v2\/media\/463652"}],"wp:attachment":[{"href":"https:\/\/www.europesays.com\/fr\/wp-json\/wp\/v2\/media?parent=463651"}],"wp:term":[{"taxonomy":"category","embeddable":true,"href":"https:\/\/www.europesays.com\/fr\/wp-json\/wp\/v2\/categories?post=463651"},{"taxonomy":"post_tag","embeddable":true,"href":"https:\/\/www.europesays.com\/fr\/wp-json\/wp\/v2\/tags?post=463651"}],"curies":[{"name":"wp","href":"https:\/\/api.w.org\/{rel}","templated":true}]}}