{"id":463657,"date":"2025-10-15T00:43:14","date_gmt":"2025-10-15T00:43:14","guid":{"rendered":"https:\/\/www.europesays.com\/fr\/463657\/"},"modified":"2025-10-15T00:43:14","modified_gmt":"2025-10-15T00:43:14","slug":"rhumatisme-ces-objets-atypiques-qui-changent-la-vie-des-malades","status":"publish","type":"post","link":"https:\/\/www.europesays.com\/fr\/463657\/","title":{"rendered":"Rhumatisme: ces objets atypiques qui changent la vie des malades"},"content":{"rendered":"<p>Deux millions de Suissesses et Suisses sont concern\u00e9s par des rhumatismes, selon la Ligue suisse \u00e9ponyme.\u00a0Une ligue qui milite pour la reconnaissance des petits \u00ab\u00a0moyens auxiliaires\u00a0\u00bb, des objets m\u00e9connus du quotidien, pratiques et peu chers. Alors qu&rsquo;ils facilitent la vie des malades, ils ne sont pas toujours rembours\u00e9s par les assurances.<\/p>\n<p>En Suisse, environ une personne sur quatre souffre de rhumatismes, un terme qui englobe plus de 200 maladies affectant les os, les articulations et les muscles, comme l&rsquo;arthrose, l&rsquo;ost\u00e9oporose, la polyarthrite rhumato\u00efde ou les maux de dos. Autant de maladies qui entravent le mouvement et l&rsquo;autonomie. Pour se soigner, les patients et patientes peuvent prendre des m\u00e9dicaments comme des anti-inflammatoires, de la cortisone ou des immunosuppresseurs. Il existe aussi des th\u00e9rapies: manuelles, par ondes de choc ou par infiltration locale.<\/p>\n<p>Des objets \u00e0 priori banals et peu co\u00fbteux peuvent aider ces personnes dans leur quotidien: pince de ramassage, fixe-\u00e9plucheur, tire-bouchon \u00e9lectrique, couteaux ergonomiques, enfile-chaussettes et si\u00e8ge \u00e9l\u00e9vateur de bain sont autant de moyens auxiliaires leur garantissant un confort et une autonomie de vie. Pourtant, les assurances maladies ne les remboursent pas toujours. Selon la Ligue suisse contre le rhumatisme, leur utilit\u00e9 n&rsquo;est pas assez reconnue.<\/p>\n<p>Des petits montants non pris en charge par les assurances<\/p>\n<p>\u00ab\u00a0La plupart des objets qui figurent sur le catalogue de la Ligue suisse contre le rhumatisme ne sont pas syst\u00e9matiquement pris en charge, que ce soit par l&rsquo;assurance maladie ou un autre organisme\u00a0\u00bb, a expliqu\u00e9 l&rsquo;ergoth\u00e9rapeute Marianne Schubert lundi dans l&rsquo;\u00e9mission On en parle du lundi 13 octobre 2025. \u00ab\u00a0L&rsquo;AI prend en charge les montants assez cons\u00e9quents, ce qui peut se comprendre. En ce qui concerne les assurances maladie, en tant qu&rsquo;ergoth\u00e9rapeute et dans le cadre de la convention avec les assurances maladie, je devrais pouvoir facturer jusqu&rsquo;\u00e0 250 francs de ces petits moyens auxiliaires.\u00a0Mais malheureusement, depuis quelques ann\u00e9es, les caisses maladie ont des r\u00e8gles internes et elles refusent parfois, m\u00eame avec une ordonnance m\u00e9dicale, cette prise en charge financi\u00e8re.\u00a0\u00bb<\/p>\n<p>La raison invoqu\u00e9e: il s&rsquo;agit de petits montants. \u00ab\u00a0Cela peut \u00eatre tout de m\u00eame difficile pour certaines personnes de les payer\u00a0\u00bb, r\u00e9pond Marianne Schubert. \u00ab\u00a0Par exemple, imaginez que vous \u00eates en d\u00e9placement. Vous achetez une boisson, vous voulez ouvrir la bouteille.\u00a0Pour les personnes souffrant de certaines maladies rhumatismales, c&rsquo;est tr\u00e8s difficile, voire impossible.\u00a0Mais en utilisant un petit capuchon antiglisse, elles sont \u00e0 nouveau autonomes pour le faire.\u00a0Cet objet co\u00fbte 10 francs, plus 15 francs de frais de port, soit 25 francs.\u00a0Ce n&rsquo;est pas grand-chose, mais pour certaines personnes, c&rsquo;est beaucoup.\u00a0\u00bb<\/p>\n<p>De plus, les rhumatismes ne concernent pas uniquement les personnes \u00e2g\u00e9es. Marianne Schubert cite l&rsquo;exemple d&rsquo;une patiente \u00e2g\u00e9e de 17 ans, atteinte du syndrome d&rsquo;Ehlers-Danlos. \u00ab\u00a0Gr\u00e2ce \u00e0 un grand coussin de relaxation, cette jeune fille pouvait dormir avec moins de douleurs et ses articulations ne se d\u00e9bo\u00eetaient plus syst\u00e9matiquement.\u00a0\u00bb<\/p>\n<p class=\"sources\">Sujet radio: Christophe Ungar<\/p>\n<p class=\"credit\">Adaptation web: Myriam Semaani<\/p>\n","protected":false},"excerpt":{"rendered":"Deux millions de Suissesses et Suisses sont concern\u00e9s par des rhumatismes, selon la Ligue suisse \u00e9ponyme.\u00a0Une ligue qui&hellip;\n","protected":false},"author":2,"featured_media":463658,"comment_status":"","ping_status":"","sticky":false,"template":"","format":"standard","meta":{"footnotes":""},"categories":[10],"tags":[1117,732,13643,1011,27,72,3022,226,33202,9532,26345,9303,71,767,27390],"class_list":{"0":"post-463657","1":"post","2":"type-post","3":"status-publish","4":"format-standard","5":"has-post-thumbnail","7":"category-sante","8":"tag-assurance","9":"tag-assurance-maladie","10":"tag-autonomie","11":"tag-fr","12":"tag-france","13":"tag-health","14":"tag-ligue","15":"tag-maladie","16":"tag-maladies-et-etat-de-sante","17":"tag-patient","18":"tag-recherche-medicale","19":"tag-recherche-scientifique","20":"tag-sante","21":"tag-science-et-technologie","22":"tag-suisses"},"share_on_mastodon":{"url":"https:\/\/pubeurope.com\/@fr\/115375413911339842","error":""},"_links":{"self":[{"href":"https:\/\/www.europesays.com\/fr\/wp-json\/wp\/v2\/posts\/463657","targetHints":{"allow":["GET"]}}],"collection":[{"href":"https:\/\/www.europesays.com\/fr\/wp-json\/wp\/v2\/posts"}],"about":[{"href":"https:\/\/www.europesays.com\/fr\/wp-json\/wp\/v2\/types\/post"}],"author":[{"embeddable":true,"href":"https:\/\/www.europesays.com\/fr\/wp-json\/wp\/v2\/users\/2"}],"replies":[{"embeddable":true,"href":"https:\/\/www.europesays.com\/fr\/wp-json\/wp\/v2\/comments?post=463657"}],"version-history":[{"count":0,"href":"https:\/\/www.europesays.com\/fr\/wp-json\/wp\/v2\/posts\/463657\/revisions"}],"wp:featuredmedia":[{"embeddable":true,"href":"https:\/\/www.europesays.com\/fr\/wp-json\/wp\/v2\/media\/463658"}],"wp:attachment":[{"href":"https:\/\/www.europesays.com\/fr\/wp-json\/wp\/v2\/media?parent=463657"}],"wp:term":[{"taxonomy":"category","embeddable":true,"href":"https:\/\/www.europesays.com\/fr\/wp-json\/wp\/v2\/categories?post=463657"},{"taxonomy":"post_tag","embeddable":true,"href":"https:\/\/www.europesays.com\/fr\/wp-json\/wp\/v2\/tags?post=463657"}],"curies":[{"name":"wp","href":"https:\/\/api.w.org\/{rel}","templated":true}]}}