{"id":463666,"date":"2025-10-15T00:48:12","date_gmt":"2025-10-15T00:48:12","guid":{"rendered":"https:\/\/www.europesays.com\/fr\/463666\/"},"modified":"2025-10-15T00:48:12","modified_gmt":"2025-10-15T00:48:12","slug":"la-television-du-hamas-diffuse-une-video-dexecution-sommaire-de-collaborateurs-dans-la-ville-de-gaza-liberation","status":"publish","type":"post","link":"https:\/\/www.europesays.com\/fr\/463666\/","title":{"rendered":"La t\u00e9l\u00e9vision du Hamas diffuse une vid\u00e9o d\u2019ex\u00e9cution sommaire de \u00abcollaborateurs\u00bb dans la ville de Gaza \u2013 Lib\u00e9ration"},"content":{"rendered":"<p class=\"sc-cPiKLX AiZTS text-element\">La t\u00e9l\u00e9vision du Hamas a publi\u00e9 une vid\u00e9o montrant ce qu\u2019elle pr\u00e9sente comme l\u2019ex\u00e9cution de huit hommes \u00abcollaborateurs\u00bb d\u2019Isra\u00ebl en pleine rue dans la ville de Gaza apr\u00e8s le retrait de l\u2019arm\u00e9e isra\u00e9lienne dans le cadre du <a href=\"https:\/\/www.liberation.fr\/international\/amerique\/accord-a-gaza-comment-donald-trump-est-alle-dexces-en-succes-20251012_KP6KF6Q4DVFHTOBTPMDBID3M2E\/\" target=\"_blank\" rel=\"noopener\" title=\"https:\/\/www.liberation.fr\/international\/amerique\/accord-a-gaza-comment-donald-trump-est-alle-dexces-en-succes-20251012_KP6KF6Q4DVFHTOBTPMDBID3M2E\/\">cessez-le-feu parrain\u00e9 par les Etats-Unis<\/a>. <\/p>\n<p class=\"sc-cPiKLX AiZTS text-element\">La vid\u00e9o, dont l\u2019AFP n\u2019est pas en mesure de d\u00e9terminer dans l\u2019imm\u00e9diat l\u2019authenticit\u00e9, la date de tournage ou le lieu, a \u00e9t\u00e9 publi\u00e9e lundi soir sur le canal Telegram d\u2019Al-Aqsa TV accompagn\u00e9e de cette l\u00e9gende : \u00abLa r\u00e9sistance ex\u00e9cute la peine de mort contre un certain nombre de collaborateurs et de hors-la-loi dans la ville de Gaza.\u00bb <\/p>\n<p class=\"sc-cPiKLX AiZTS text-element\">On y voit huit hommes les mains li\u00e9es dans le dos et les yeux ou la t\u00eate band\u00e9s, se faire tra\u00eener sur une place, \u00eatre mis \u00e0 genoux, et align\u00e9s avant de se faire abattre, chacun d\u2019une rafale par des hommes arm\u00e9s post\u00e9s derri\u00e8re eux alors que la lumi\u00e8re du jour d\u00e9cro\u00eet.<\/p>\n<p class=\"sc-cPiKLX AiZTS text-element\">La Commission ind\u00e9pendante pour les droits de l\u2019homme (ICHR), organisme cr\u00e9\u00e9 par l\u2019Autorit\u00e9 palestinienne en 1993, a exig\u00e9 mardi \u00abla fin des ex\u00e9cutions extrajudiciaires et arbitraires dans la bande de Gaza\u00bb. \u00abLa vague d\u2019ex\u00e9cutions extrajudiciaires et de tirs dans les jambes survenue apr\u00e8s le cessez-le-feu dans la bande de Gaza ne peut \u00eatre justifi\u00e9e en aucune circonstance\u00bb, a ajout\u00e9 la Commission, d\u00e9non\u00e7ant \u00abun crime l\u00e9gal et moral\u00bb et appelant \u00e0 ce que les coupables soient traduits en justice et condamn\u00e9s. <\/p>\n<p class=\"sc-cPiKLX AiZTS text-element\">Selon une source s\u00e9curitaire palestinienne \u00e0 Gaza, une \u00abunit\u00e9 de s\u00e9curit\u00e9 de la r\u00e9sistance a ex\u00e9cut\u00e9\u00bb lundi \u00abhuit collaborateurs de la famille Doghmoush\u00bb dans la ville de Gaza. Selon des sources concordantes, des affrontements arm\u00e9s entre forces du Hamas et membres du clan Doghmoush, une grande famille palestinienne de la bande de Gaza, ont fait plusieurs morts de part et d\u2019autre vendredi, date de l\u2019entr\u00e9e en vigueur du cessez-le-feu entre le Hamas et Isra\u00ebl, et dimanche soir. <\/p>\n<p class=\"sc-cPiKLX AiZTS text-element\">Accusant le clan Doghmoush d\u2019\u00eatre \u00abaffili\u00e9 \u00e0 l\u2019occupation\u00bb et de plusieurs meurtres, une source au sein du minist\u00e8re de l\u2019Int\u00e9rieur de Gaza, plac\u00e9 sous l\u2019autorit\u00e9 du Hamas, avait indiqu\u00e9 dimanche soir qu\u2019une soixantaine de membres de cette famille avaient \u00e9t\u00e9 arr\u00eat\u00e9s \u00e0 la suite de ces violents heurts. <\/p>\n<p class=\"sc-cPiKLX AiZTS text-element\">Ces derniers jours, \u00abil suffisait d\u2019appartenir \u00e0 la famille Doghmoush pour se faire tirer dans les jambes, se faire tuer, arr\u00eater ou br\u00fbler sa maison\u00bb, a d\u00e9nonc\u00e9 Abou al-Hassan Doghmoush, figure du clan, sur Facebook en rejetant les accusations de collaboration avec Isra\u00ebl. <\/p>\n<p class=\"sc-cPiKLX AiZTS text-element\"><b>Mise \u00e0 jour<\/b> \u00e0 21 h 10 avec davantage de d\u00e9tails <\/p>\n","protected":false},"excerpt":{"rendered":"La t\u00e9l\u00e9vision du Hamas a publi\u00e9 une vid\u00e9o montrant ce qu\u2019elle pr\u00e9sente comme l\u2019ex\u00e9cution de huit hommes \u00abcollaborateurs\u00bb&hellip;\n","protected":false},"author":2,"featured_media":463667,"comment_status":"","ping_status":"","sticky":false,"template":"","format":"standard","meta":{"footnotes":""},"categories":[5],"tags":[11,1011,27,3522,3519,14,664,12,28],"class_list":{"0":"post-463666","1":"post","2":"type-post","3":"status-publish","4":"format-standard","5":"has-post-thumbnail","7":"category-international","8":"tag-actualites","9":"tag-fr","10":"tag-france","11":"tag-guerre-hamas-israel","12":"tag-hamas","13":"tag-international","14":"tag-israel","15":"tag-news","16":"tag-world"},"share_on_mastodon":{"url":"https:\/\/pubeurope.com\/@fr\/115375433604156397","error":""},"_links":{"self":[{"href":"https:\/\/www.europesays.com\/fr\/wp-json\/wp\/v2\/posts\/463666","targetHints":{"allow":["GET"]}}],"collection":[{"href":"https:\/\/www.europesays.com\/fr\/wp-json\/wp\/v2\/posts"}],"about":[{"href":"https:\/\/www.europesays.com\/fr\/wp-json\/wp\/v2\/types\/post"}],"author":[{"embeddable":true,"href":"https:\/\/www.europesays.com\/fr\/wp-json\/wp\/v2\/users\/2"}],"replies":[{"embeddable":true,"href":"https:\/\/www.europesays.com\/fr\/wp-json\/wp\/v2\/comments?post=463666"}],"version-history":[{"count":0,"href":"https:\/\/www.europesays.com\/fr\/wp-json\/wp\/v2\/posts\/463666\/revisions"}],"wp:featuredmedia":[{"embeddable":true,"href":"https:\/\/www.europesays.com\/fr\/wp-json\/wp\/v2\/media\/463667"}],"wp:attachment":[{"href":"https:\/\/www.europesays.com\/fr\/wp-json\/wp\/v2\/media?parent=463666"}],"wp:term":[{"taxonomy":"category","embeddable":true,"href":"https:\/\/www.europesays.com\/fr\/wp-json\/wp\/v2\/categories?post=463666"},{"taxonomy":"post_tag","embeddable":true,"href":"https:\/\/www.europesays.com\/fr\/wp-json\/wp\/v2\/tags?post=463666"}],"curies":[{"name":"wp","href":"https:\/\/api.w.org\/{rel}","templated":true}]}}