{"id":463670,"date":"2025-10-15T00:50:16","date_gmt":"2025-10-15T00:50:16","guid":{"rendered":"https:\/\/www.europesays.com\/fr\/463670\/"},"modified":"2025-10-15T00:50:16","modified_gmt":"2025-10-15T00:50:16","slug":"violemment-attaquee-et-mordue-par-son-chien-une-femme-enceinte-de-7-mois-perd-son-bebe-en-loire-atlantique","status":"publish","type":"post","link":"https:\/\/www.europesays.com\/fr\/463670\/","title":{"rendered":"Violemment attaqu\u00e9e et mordue par son chien, une femme enceinte de 7 mois perd son b\u00e9b\u00e9 en Loire-Atlantique"},"content":{"rendered":"<p class=\"paragraph text_align_left lp-f-body-02\">C\u2019est un v\u00e9ritable drame qui s\u2019est produit ce lundi apr\u00e8s-midi \u00e0 La Chapelle-Heulin, pr\u00e8s Nantes (<a href=\"https:\/\/www.leparisien.fr\/loire-atlantique-44\/\" target=\"_blank\" rel=\"noreferrer noopener\">Loire-Atlantique<\/a>). Une femme de 36 ans, enceinte de sept mois, a \u00e9t\u00e9 violemment attaqu\u00e9e et mordue par son propre chien, <a href=\"https:\/\/www.leparisien.fr\/faits-divers\/cetait-une-boucherie-un-couple-violemment-attaque-et-blesse-par-un-american-bully-leur-chiot-entre-la-vie-et-la-mort-08-04-2025-Q5VFZX4MMRHHXJBUISUTC5IDKQ.php\" target=\"_blank\" rel=\"noreferrer noopener\">un American Bully XL<\/a>, a fait savoir la gendarmerie au Parisien.<\/p>\n<p class=\"paragraph text_align_left lp-f-body-02\">Malgr\u00e9 l\u2019intervention des secours, la jeune femme, hospitalis\u00e9e, a perdu son b\u00e9b\u00e9, ce mardi. Une autre femme, une voisine de 45 ans qui a tent\u00e9 d\u2019intervenir apr\u00e8s avoir entendu les cris de la future maman, a elle aussi \u00e9t\u00e9 bless\u00e9e par l\u2019animal. Selon nos informations, elle souffre de blessures \u00ab l\u00e9g\u00e8res \u00bb.<\/p>\n<p>L\u2019American Bully X interdit au Royaume-Uni<\/p>\n<p class=\"paragraph text_align_left lp-f-body-02\">Des sapeurs-pompiers, une \u00e9quipe du Smur et des gendarmes ont \u00e9t\u00e9 d\u00e9p\u00each\u00e9s sur place pour prendre en charge les deux victimes. L\u2019American Bully XL, issu d\u2019un croisement entre un American Pit-Bull Terrier et un American Staffordshire Terrier, lui, a \u00e9t\u00e9 euthanasi\u00e9 par un v\u00e9t\u00e9rinaire peu apr\u00e8s les faits \u00ab sur d\u00e9cision des autorit\u00e9s \u00bb.<\/p>\n<p class=\"paragraph text_align_left lp-f-body-02\">Le chien avait \u00e9t\u00e9 adopt\u00e9 dans un refuge de la SPA il y a quelques mois par la trentenaire et son compagnon. Une enqu\u00eate a \u00e9t\u00e9 ouverte pour tenter de <a href=\"https:\/\/www.leparisien.fr\/oise-60\/sans-laisse-tout-peut-arriver-dans-loise-un-enfant-de-5-ans-mordu-aux-jambes-par-un-chien-09-05-2025-3R6HV5EXKVD2VAOL5XYB2BESZI.php\" target=\"_blank\" rel=\"noreferrer noopener\">comprendre pourquoi le chien s\u2019en est pris \u00e0 sa ma\u00eetresse avec une telle violence<\/a>.<\/p>\n<p class=\"paragraph text_align_left lp-f-body-02\">En France, l\u2019American Bully XL, qui est une race crois\u00e9e, ne figure pas sur la liste des chiens de cat\u00e9gorie 1 et 2, c\u2019est-\u00e0-dire des chiens dits \u00ab dangereux \u00bb. Mais au Royaume-Uni, l\u2019American Bully XL a \u00e9t\u00e9 interdit en 2023 apr\u00e8s plusieurs attaques mortelles.<\/p>\n","protected":false},"excerpt":{"rendered":"C\u2019est un v\u00e9ritable drame qui s\u2019est produit ce lundi apr\u00e8s-midi \u00e0 La Chapelle-Heulin, pr\u00e8s Nantes (Loire-Atlantique). Une femme&hellip;\n","protected":false},"author":2,"featured_media":463671,"comment_status":"","ping_status":"","sticky":false,"template":"","format":"standard","meta":{"footnotes":""},"categories":[2],"tags":[11,459,1011,27,19723,12],"class_list":{"0":"post-463670","1":"post","2":"type-post","3":"status-publish","4":"format-standard","5":"has-post-thumbnail","7":"category-actualites","8":"tag-actualites","9":"tag-departements-horsidfo","10":"tag-fr","11":"tag-france","12":"tag-loire-atlantique-44","13":"tag-news"},"share_on_mastodon":{"url":"https:\/\/pubeurope.com\/@fr\/115375441427538852","error":""},"_links":{"self":[{"href":"https:\/\/www.europesays.com\/fr\/wp-json\/wp\/v2\/posts\/463670","targetHints":{"allow":["GET"]}}],"collection":[{"href":"https:\/\/www.europesays.com\/fr\/wp-json\/wp\/v2\/posts"}],"about":[{"href":"https:\/\/www.europesays.com\/fr\/wp-json\/wp\/v2\/types\/post"}],"author":[{"embeddable":true,"href":"https:\/\/www.europesays.com\/fr\/wp-json\/wp\/v2\/users\/2"}],"replies":[{"embeddable":true,"href":"https:\/\/www.europesays.com\/fr\/wp-json\/wp\/v2\/comments?post=463670"}],"version-history":[{"count":0,"href":"https:\/\/www.europesays.com\/fr\/wp-json\/wp\/v2\/posts\/463670\/revisions"}],"wp:featuredmedia":[{"embeddable":true,"href":"https:\/\/www.europesays.com\/fr\/wp-json\/wp\/v2\/media\/463671"}],"wp:attachment":[{"href":"https:\/\/www.europesays.com\/fr\/wp-json\/wp\/v2\/media?parent=463670"}],"wp:term":[{"taxonomy":"category","embeddable":true,"href":"https:\/\/www.europesays.com\/fr\/wp-json\/wp\/v2\/categories?post=463670"},{"taxonomy":"post_tag","embeddable":true,"href":"https:\/\/www.europesays.com\/fr\/wp-json\/wp\/v2\/tags?post=463670"}],"curies":[{"name":"wp","href":"https:\/\/api.w.org\/{rel}","templated":true}]}}