{"id":463682,"date":"2025-10-15T00:57:16","date_gmt":"2025-10-15T00:57:16","guid":{"rendered":"https:\/\/www.europesays.com\/fr\/463682\/"},"modified":"2025-10-15T00:57:16","modified_gmt":"2025-10-15T00:57:16","slug":"allah-akbar-crie-dans-la-rue-deux-fois-en-une-journee-pourquoi","status":"publish","type":"post","link":"https:\/\/www.europesays.com\/fr\/463682\/","title":{"rendered":"\u00ab\u00a0Allah Akbar\u00a0\u00bb cri\u00e9 dans la rue deux fois en une journ\u00e9e, pourquoi\u00a0?"},"content":{"rendered":"<p>            Par<br \/>\n        <strong><br \/>\n            <a href=\"https:\/\/actu.fr\/auteur\/lea-pippinato\" title=\"Consulter tous les articles de L\u00e9a Pippinato\" target=\"_blank\" rel=\"noopener\">L\u00e9a Pippinato<\/a><br \/>\n        <\/strong><\/p>\n<p>        Publi\u00e9 le<\/p>\n<p>            14 oct. 2025 \u00e0 13h36        <\/p>\n<p><strong>Ce vendredi 10 octobre 2025<\/strong>, \u00e0 10h30, plusieurs t\u00e9moins alertent la police. Dans le secteur de l\u2019avenue du Pic Saint-Loup, quartier du Plan des 4 Seigneurs, un homme hurle \u00ab\u00a0Allah Akbar\u00a0\u00bb sur la voie publique. Il bouscule une jeune fille et insulte les passants.\u00a0<\/p>\n<p>    <a href=\"https:\/\/www.google.com\/maps\/embed?pb=!1m18!1m12!1m3!1d2887.394793572933!2d3.8525120764613727!3d43.639953871102655!2m3!1f0!2f0!3f0!3m2!1i1024!2i768!4f13.1!3m3!1m2!1s0x12b6aecff062b2f3%3A0x83f5ca93151d41bf!2sAv.%20du%20Pic%20Saint-Loup%2C%2034090%20Montpellier!5e0!3m2!1sen!2sfr!4v1760425289668!5m2!1sen!2sfr\" title=\"Ouvrie le lien\" target=\"_blank\" rel=\"noopener\">Cliquez ici pour visualiser le contenu<\/a><\/p>\n<p class=\" wall-content\">D\u00e8s qu\u2019il aper\u00e7oit les agents, l\u2019individu leur fonce dessus. Il porte plusieurs coups de pied avant d\u2019\u00eatre ma\u00eetris\u00e9 et interpell\u00e9. L\u2019homme de 27 ans se trouve en situation irr\u00e9guli\u00e8re sur le territoire fran\u00e7ais. Durant sa garde \u00e0 vue, il refuse de s\u2019exprimer sur les faits. \u00c0 son issue, il est conduit au centre de r\u00e9tention administrative (CRA) de Toulouse.<\/p>\n<p>Nouvelle alerte place de la Com\u00e9die<\/p>\n<p class=\" wall-content\">Quelques heures plus tard, \u00e0 18h25, la place de la Com\u00e9die conna\u00eet \u00e0 son tour un \u00e9pisode similaire. Une patrouille de la police municipale est abord\u00e9e par une femme qui s\u2019avance \u00e0 distance en criant \u00ab\u00a0Allah Akbar\u00a0\u00bb. Elle ajoute qu\u2019elle va tuer les agents. La femme porte un grand sac et garde la main \u00e0 l\u2019int\u00e9rieur. En raison du contexte Vigipirate, la tension est maximale. L\u2019interpellation se d\u00e9roule sans incident. Aucune arme ni objet dangereux n\u2019est d\u00e9couvert dans le sac.<\/p>\n<p class=\" wall-content\">Contrairement \u00e0 l\u2019homme du matin, la femme pr\u00e9sente un tout autre profil. Elle refuse elle aussi de faire des d\u00e9clarations, mais son comportement alerte les enqu\u00eateurs. Un examen psychiatrique est ordonn\u00e9 durant sa garde \u00e0 vue. Les m\u00e9decins d\u00e9cident de son placement d\u2019office \u00e0 l\u2019h\u00f4pital psychiatrique de la Colombi\u00e8re.<\/p>\n<p class=\" wall-content\">Personnalisez votre actualit\u00e9 en ajoutant vos villes et m\u00e9dias en favori avec <a href=\"https:\/\/moncompte.actu.fr\" title=\"D\u00e9couvez Mon Actu\" rel=\"nofollow noopener\" data-trk=\"{&quot;cta&quot;:{&quot;action&quot;:&quot;https:\\\/\\\/moncompte.actu.fr&quot;,&quot;category&quot;:&quot;mon compte&quot;,&quot;from&quot;:&quot;article footer&quot;,&quot;name&quot;:&quot;Mon actu&quot;,&quot;type&quot;:&quot;cta&quot;}}\" target=\"_blank\">Mon Actu<\/a>.<\/p>\n","protected":false},"excerpt":{"rendered":"Par L\u00e9a Pippinato Publi\u00e9 le 14 oct. 2025 \u00e0 13h36 Ce vendredi 10 octobre 2025, \u00e0 10h30, plusieurs&hellip;\n","protected":false},"author":2,"featured_media":463683,"comment_status":"","ping_status":"","sticky":false,"template":"","format":"standard","meta":{"footnotes":""},"categories":[9599],"tags":[1111,11,1777,674,118,1011,27,2208,12,2680,1072,25,1254],"class_list":{"0":"post-463682","1":"post","2":"type-post","3":"status-publish","4":"format-standard","5":"has-post-thumbnail","7":"category-montpellier","8":"tag-actu","9":"tag-actualites","10":"tag-eu","11":"tag-europe","12":"tag-faits-divers","13":"tag-fr","14":"tag-france","15":"tag-montpellier","16":"tag-news","17":"tag-occitanie","18":"tag-police","19":"tag-republique-francaise","20":"tag-terrorisme"},"share_on_mastodon":{"url":"https:\/\/pubeurope.com\/@fr\/115375469066445291","error":""},"_links":{"self":[{"href":"https:\/\/www.europesays.com\/fr\/wp-json\/wp\/v2\/posts\/463682","targetHints":{"allow":["GET"]}}],"collection":[{"href":"https:\/\/www.europesays.com\/fr\/wp-json\/wp\/v2\/posts"}],"about":[{"href":"https:\/\/www.europesays.com\/fr\/wp-json\/wp\/v2\/types\/post"}],"author":[{"embeddable":true,"href":"https:\/\/www.europesays.com\/fr\/wp-json\/wp\/v2\/users\/2"}],"replies":[{"embeddable":true,"href":"https:\/\/www.europesays.com\/fr\/wp-json\/wp\/v2\/comments?post=463682"}],"version-history":[{"count":0,"href":"https:\/\/www.europesays.com\/fr\/wp-json\/wp\/v2\/posts\/463682\/revisions"}],"wp:featuredmedia":[{"embeddable":true,"href":"https:\/\/www.europesays.com\/fr\/wp-json\/wp\/v2\/media\/463683"}],"wp:attachment":[{"href":"https:\/\/www.europesays.com\/fr\/wp-json\/wp\/v2\/media?parent=463682"}],"wp:term":[{"taxonomy":"category","embeddable":true,"href":"https:\/\/www.europesays.com\/fr\/wp-json\/wp\/v2\/categories?post=463682"},{"taxonomy":"post_tag","embeddable":true,"href":"https:\/\/www.europesays.com\/fr\/wp-json\/wp\/v2\/tags?post=463682"}],"curies":[{"name":"wp","href":"https:\/\/api.w.org\/{rel}","templated":true}]}}