{"id":463684,"date":"2025-10-15T00:58:30","date_gmt":"2025-10-15T00:58:30","guid":{"rendered":"https:\/\/www.europesays.com\/fr\/463684\/"},"modified":"2025-10-15T00:58:30","modified_gmt":"2025-10-15T00:58:30","slug":"anciens-valere-germain-jaurais-aime-rendre-un-peu-plus-a-montpellier","status":"publish","type":"post","link":"https:\/\/www.europesays.com\/fr\/463684\/","title":{"rendered":"[Anciens] Val\u00e8re Germain: \u201cJ\u2019aurais aim\u00e9 rendre un peu plus \u00e0 Montpellier\u201d"},"content":{"rendered":"<p>Depuis plusieurs mois maintenant, \u00e0 35 ans, Val\u00e8re Germain donne un dernier virage \u00e0 sa carri\u00e8re avec une pige au Japon du c\u00f4t\u00e9 d\u2019Hiroshima o\u00f9 il semble totalement s\u2019\u00e9panouir. En entretien pour<a href=\"https:\/\/www.eurosport.fr\/football\/hiroshima-sanfrecce-football-au-japon-j-league-ses-souvenirs-a-monaco-et-lom...-valere-germain-sest-confie-a-eurosport_sto23224627\/story.shtml\" title=\" Eurosport, \" target=\"_blank\" rel=\"noopener\"> Eurosport, <\/a>l\u2019ancien attaquant du MHSC, au moment de d\u00e9crire la J-League, regrette que les clubs de Ligue 1 ne s\u2019int\u00e9ressent pas aux joueurs locaux:<\/p>\n<p>Au niveau de la qualit\u00e9 technique, c\u2019est vraiment tr\u00e8s fort. J\u2019ai rarement jou\u00e9 avec des d\u00e9fenseurs centraux et des arri\u00e8res lat\u00e9raux avec une telle qualit\u00e9 technique, que ce soit sur les centres, les transversales\u2026 Il y a pas mal d\u2019intensit\u00e9, \u00e7a court beaucoup. C\u2019est aussi tr\u00e8s respectueux par rapport aux consignes donn\u00e9es par le coach. Puis c\u2019est souvent des \u00e9quipes qui jouent \u00e0 cinq derri\u00e8re avec un marquage individuel. Apr\u00e8s, \u00e7a manque peut-\u00eatre de folie et de cr\u00e9ativit\u00e9 dans le jeu. Mais honn\u00eatement, c\u2019est un championnat que les clubs fran\u00e7ais devraient plus regarder. Chaque week-end, je vois de tr\u00e8s bons joueurs qui auraient largement leur place en Ligue 1.\u00a0<\/p>\n<p><img loading=\"lazy\" title=\"Val\u00e8re Germain | AllezPaillade.com\" decoding=\"async\" width=\"1024\" height=\"683\" src=\"https:\/\/www.europesays.com\/fr\/wp-content\/uploads\/2025\/10\/Icon_FID_7976-2-1024x683.jpg\" alt=\"\" class=\"wp-image-115239\"  \/>Cr\u00e9dits Iconsport<\/p>\n<p>Plus loin dans l\u2019entretien, on lui demandait de dresser un bilan de sa carri\u00e8re et il \u00e9voquait bri\u00e8vement quelques regrets sur son passage au Montpellier H\u00e9rault:<\/p>\n<p>Le meilleur moment restera quand m\u00eame cette saison du titre avec Monaco en 2017. On se sentait imbattables et tellement puissants que ce soit en Ligue 1 ou en Ligue des champions. \u00c0 ce moment-l\u00e0, on fait tous nos meilleures saisons de nos carri\u00e8res respectives hormis peut-\u00eatre Radamel Falcao, qui avait connu mieux avec l\u2019Atl\u00e9tico de Madrid. On gagnait tous les week-ends en Ligue 1, on mettait des scores fleuves, 4-0 ou 5-0. Il y avait vraiment une bonne ambiance et \u00e7a s\u2019est termin\u00e9 sur un titre en L1 et une demi-finale de C1. \u00c7a reste une p\u00e9riode exceptionnelle et le faire apr\u00e8s avoir connu deux ans en L2 avec mon club formateur, \u00e7a restera le meilleur moment.<strong> Le moins bon moment ? (Il r\u00e9fl\u00e9chit). Ce n\u2019est pas le pire moment, mais j\u2019aurais aim\u00e9 rendre un peu plus \u00e0 Montpellier juste par rapport \u00e0 la confiance qu\u2019on m\u2019a accord\u00e9, au pr\u00e9sident qui est un homme exceptionnel et \u00e0 toutes les personnes qui travaillent dans ce club exceptionnel et familial.\u00a0<\/strong><\/p>\n","protected":false},"excerpt":{"rendered":"Depuis plusieurs mois maintenant, \u00e0 35 ans, Val\u00e8re Germain donne un dernier virage \u00e0 sa carri\u00e8re avec une&hellip;\n","protected":false},"author":2,"featured_media":463685,"comment_status":"","ping_status":"","sticky":false,"template":"","format":"standard","meta":{"footnotes":""},"categories":[9599],"tags":[328,1111,11,8132,1777,674,1011,27,2208,12,2680,25],"class_list":{"0":"post-463684","1":"post","2":"type-post","3":"status-publish","4":"format-standard","5":"has-post-thumbnail","7":"category-montpellier","8":"tag-a-la-une","9":"tag-actu","10":"tag-actualites","11":"tag-anciens","12":"tag-eu","13":"tag-europe","14":"tag-fr","15":"tag-france","16":"tag-montpellier","17":"tag-news","18":"tag-occitanie","19":"tag-republique-francaise"},"share_on_mastodon":{"url":"https:\/\/pubeurope.com\/@fr\/115375473655825699","error":""},"_links":{"self":[{"href":"https:\/\/www.europesays.com\/fr\/wp-json\/wp\/v2\/posts\/463684","targetHints":{"allow":["GET"]}}],"collection":[{"href":"https:\/\/www.europesays.com\/fr\/wp-json\/wp\/v2\/posts"}],"about":[{"href":"https:\/\/www.europesays.com\/fr\/wp-json\/wp\/v2\/types\/post"}],"author":[{"embeddable":true,"href":"https:\/\/www.europesays.com\/fr\/wp-json\/wp\/v2\/users\/2"}],"replies":[{"embeddable":true,"href":"https:\/\/www.europesays.com\/fr\/wp-json\/wp\/v2\/comments?post=463684"}],"version-history":[{"count":0,"href":"https:\/\/www.europesays.com\/fr\/wp-json\/wp\/v2\/posts\/463684\/revisions"}],"wp:featuredmedia":[{"embeddable":true,"href":"https:\/\/www.europesays.com\/fr\/wp-json\/wp\/v2\/media\/463685"}],"wp:attachment":[{"href":"https:\/\/www.europesays.com\/fr\/wp-json\/wp\/v2\/media?parent=463684"}],"wp:term":[{"taxonomy":"category","embeddable":true,"href":"https:\/\/www.europesays.com\/fr\/wp-json\/wp\/v2\/categories?post=463684"},{"taxonomy":"post_tag","embeddable":true,"href":"https:\/\/www.europesays.com\/fr\/wp-json\/wp\/v2\/tags?post=463684"}],"curies":[{"name":"wp","href":"https:\/\/api.w.org\/{rel}","templated":true}]}}