{"id":463690,"date":"2025-10-15T01:04:14","date_gmt":"2025-10-15T01:04:14","guid":{"rendered":"https:\/\/www.europesays.com\/fr\/463690\/"},"modified":"2025-10-15T01:04:14","modified_gmt":"2025-10-15T01:04:14","slug":"marquer-lengagement-de-luniversite-a-rennes-un-paleoclimatologue-a-un","status":"publish","type":"post","link":"https:\/\/www.europesays.com\/fr\/463690\/","title":{"rendered":"\u00abMarquer l\u2019engagement de l\u2019universit\u00e9\u00bb\u00a0: \u00e0 Rennes, un pal\u00e9oclimatologue a un"},"content":{"rendered":"<p>C\u2019est en pr\u00e9sence du pal\u00e9oclimatologue <a href=\"https:\/\/quimper.maville.com\/actu\/actudet_--la-transition-n-est-pas-une-punition-jean-jouzel-invite-les-jeunes-a-agir-pour-l-environnement-_6-6691192_actu.Htm\" target=\"_blank\" rel=\"nofollow noopener\">Jean Jouzel, originaire de Janz\u00e9, <\/a>que l\u2019amphith\u00e9\u00e2tre, portant son nom et situ\u00e9 sur le campus de Beaulieu, a \u00e9t\u00e9 inaugur\u00e9 vendredi 10\u00a0octobre 2025. Par cette action, David Alis, le pr\u00e9sident de l\u2019Universit\u00e9 de Rennes (Ille-et-Vilaine) a souhait\u00e9 <strong>\u00ab\u00a0marquer l\u2019engagement de l\u2019universit\u00e9 rennaise en faveur des transitions \u00e9cologiques\u00a0\u00bb.<\/strong><\/p>\n<p><strong>Lire aussi\u00a0:<\/strong> <a href=\"https:\/\/brest.maville.com\/actu\/actudet_-especes-menacees-flore-unique...-un-livret-inedit-presente-la-biodiversite-des-forets-bretonnes-_6-7011105_actu.Htm\" target=\"_blank\" rel=\"nofollow noopener\">Esp\u00e8ces menac\u00e9es, flore unique\u2026 Un livret in\u00e9dit pr\u00e9sente la biodiversit\u00e9 des for\u00eats bretonnes<\/a><\/p>\n<p>Mais pourquoi le nom de Jean Jouzel a-t-il \u00e9t\u00e9 choisi\u00a0? En f\u00e9vrier\u00a02022, l\u2019ancien vice-pr\u00e9sident du GIEC et membre de l\u2019Acad\u00e9mie des sciences, et Luc Abbadie, professeur en \u00e9cologie \u00e0 l\u2019Universit\u00e9 Pierre et Marie Curie de Paris, ont r\u00e9dig\u00e9 un rapport transmis au minist\u00e8re de l\u2019Enseignement sup\u00e9rieur et de la recherche sur\u00a0la sensibilisation et la formation aux enjeux de la transition \u00e9cologique et du d\u00e9veloppement durable dans l\u2019Enseignement sup\u00e9rieur. L\u2019id\u00e9e derri\u00e8re ce rapport \u00e9tait simple\u00a0: <strong>\u00ab\u00a0encourager les universit\u00e9s \u00e0 s\u2019approprier les disciplines\u00a0\u00bb,<\/strong> d\u00e9taille Jean Jouzel.<\/p>\n<p><strong>Lire aussi\u00a0:<\/strong> <a href=\"https:\/\/rennes.maville.com\/actu\/actudet_-pluvieux-septembre-2025-a-aussi-ete-le-troisieme-mois-de-septembre-le-plus-chaud-au-niveau-mondial-_54135-7011614_actu.Htm\" target=\"_blank\" rel=\"nofollow noopener\">Pluvieux, septembre\u00a02025 a aussi \u00e9t\u00e9 le troisi\u00e8me mois de septembre le plus chaud au niveau mondial<\/a><\/p>\n<p>L\u2019Universit\u00e9 de Rennes s\u2019en est tout de suite saisie et a mis en place d\u00e8s la rentr\u00e9e suivante le CPES SEnS, un cycle pluridisciplinaire d\u2019\u00e9tudes sup\u00e9rieures Sciences Environnement-Soci\u00e9t\u00e9 avec un cursus sp\u00e9cifique de trois ann\u00e9es associant l\u2019\u00c9cole normale sup\u00e9rieure de Rennes, l\u2019Universit\u00e9 de Rennes et le lyc\u00e9e Chateaubriand \u00e0 Rennes.<\/p>\n<p><strong>Une formation pour travailler sur les grands enjeux climatiques<\/strong><\/p>\n<p>\u00a0La formation a pour objectif de permettre aux \u00e9tudiants de ma\u00eetriser les connaissances et de d\u00e9velopper les comp\u00e9tences n\u00e9cessaires pour appr\u00e9hender la complexit\u00e9 de l\u2019impact des soci\u00e9t\u00e9s sur leurs environnements\u00a0, explique Pascal Mognot, pr\u00e9sident de l\u2019Ecole normale sup\u00e9rieure de Rennes.<\/p>\n<p><strong>\u00ab\u00a0C\u2019est l\u2019occasion pour les jeunes d\u2019\u00eatre mieux arm\u00e9s pour prendre \u00e0 bras-le-corps cette transition,<\/strong> insiste Jean Jouzel. Ce n\u2019\u00e9tait pas le cas des g\u00e9n\u00e9rations pr\u00e9c\u00e9dentes.\u00a0\u00bb Selon lui, <strong>\u00ab\u00a0tr\u00e8s peu de nos \u00e9lites savent de quoi elles parlent quand elles \u00e9voquent le r\u00e9chauffement climatique, la biodiversit\u00e9, les probl\u00e8mes environnementaux au sens large\u00a0\u00bb<\/strong>.<\/p>\n<p>\u00a0<\/p>\n","protected":false},"excerpt":{"rendered":"C\u2019est en pr\u00e9sence du pal\u00e9oclimatologue Jean Jouzel, originaire de Janz\u00e9, que l\u2019amphith\u00e9\u00e2tre, portant son nom et situ\u00e9 sur&hellip;\n","protected":false},"author":2,"featured_media":463691,"comment_status":"","ping_status":"","sticky":false,"template":"","format":"standard","meta":{"footnotes":""},"categories":[2821],"tags":[1111,11,58792,829,24794,1777,674,1011,27,21724,12,19800,58791,584,25,5768],"class_list":{"0":"post-463690","1":"post","2":"type-post","3":"status-publish","4":"format-standard","5":"has-post-thumbnail","7":"category-rennes","8":"tag-actu","9":"tag-actualites","10":"tag-amphitheatre","11":"tag-bretagne","12":"tag-engagement","13":"tag-eu","14":"tag-europe","15":"tag-fr","16":"tag-france","17":"tag-marquer","18":"tag-news","19":"tag-nom","20":"tag-paleoclimatologue","21":"tag-rennes","22":"tag-republique-francaise","23":"tag-universite"},"share_on_mastodon":{"url":"https:\/\/pubeurope.com\/@fr\/115375496600284090","error":""},"_links":{"self":[{"href":"https:\/\/www.europesays.com\/fr\/wp-json\/wp\/v2\/posts\/463690","targetHints":{"allow":["GET"]}}],"collection":[{"href":"https:\/\/www.europesays.com\/fr\/wp-json\/wp\/v2\/posts"}],"about":[{"href":"https:\/\/www.europesays.com\/fr\/wp-json\/wp\/v2\/types\/post"}],"author":[{"embeddable":true,"href":"https:\/\/www.europesays.com\/fr\/wp-json\/wp\/v2\/users\/2"}],"replies":[{"embeddable":true,"href":"https:\/\/www.europesays.com\/fr\/wp-json\/wp\/v2\/comments?post=463690"}],"version-history":[{"count":0,"href":"https:\/\/www.europesays.com\/fr\/wp-json\/wp\/v2\/posts\/463690\/revisions"}],"wp:featuredmedia":[{"embeddable":true,"href":"https:\/\/www.europesays.com\/fr\/wp-json\/wp\/v2\/media\/463691"}],"wp:attachment":[{"href":"https:\/\/www.europesays.com\/fr\/wp-json\/wp\/v2\/media?parent=463690"}],"wp:term":[{"taxonomy":"category","embeddable":true,"href":"https:\/\/www.europesays.com\/fr\/wp-json\/wp\/v2\/categories?post=463690"},{"taxonomy":"post_tag","embeddable":true,"href":"https:\/\/www.europesays.com\/fr\/wp-json\/wp\/v2\/tags?post=463690"}],"curies":[{"name":"wp","href":"https:\/\/api.w.org\/{rel}","templated":true}]}}