{"id":463707,"date":"2025-10-15T01:13:12","date_gmt":"2025-10-15T01:13:12","guid":{"rendered":"https:\/\/www.europesays.com\/fr\/463707\/"},"modified":"2025-10-15T01:13:12","modified_gmt":"2025-10-15T01:13:12","slug":"previsions-du-mercredi-15-octobre-2025-10","status":"publish","type":"post","link":"https:\/\/www.europesays.com\/fr\/463707\/","title":{"rendered":"pr\u00e9visions du mercredi 15 octobre 2025"},"content":{"rendered":"<p class=\"mb-4 text-lg md:leading-8 break-words\"><strong>M\u00e9t\u00e9o &#8211; Aujourd&rsquo;hui, les Bordelais vont pouvoir b\u00e9n\u00e9ficier d&rsquo;un soleil radieux. Les temp\u00e9ratures seront de 14\u00b0C la matin\u00e9e et de 22\u00b0C l&rsquo;apr\u00e8s-midi&#8230;<\/strong><\/p>\n<p class=\"mb-4 text-lg md:leading-8 break-words\">Cette journ\u00e9e rimera avec beau soleil pour Bordeaux. Les valeurs seront comprises entre 10 et 23\u00b0C. Un vent de nord-est soufflera un peu, avec 8 km\/h. Le matin, le mercure affichera 14\u00b0C en moyenne. Les temp\u00e9ratures vont enregistrer une augmentation de plusieurs degr\u00e9s dans l&rsquo;apr\u00e8s-midi. Les maximales iront jusqu&rsquo;\u00e0 23\u00b0C tandis que les minimales seront de 19\u00b0C. Des \u00e9claircies feront leur apparition dans la soir\u00e9e. Les temp\u00e9ratures tourneront autour des 16\u00b0C. C&rsquo;est un ciel limpide que conna\u00eetra la nuit de mercredi \u00e0 jeudi.<\/p>\n<p class=\"mb-4 text-lg md:leading-8 break-words\">C&rsquo;est un soleil splendide qui va se montrer demain sur Bordeaux. Les temp\u00e9ratures afficheront entre 10 et 24\u00b0C. Un vent de nord-est rafra\u00eechira sensiblement l&rsquo;atmosph\u00e8re. Le matin, on anticipe des valeurs avoisinant 16\u00b0C. Les temp\u00e9ratures vont conna\u00eetre une hausse de plusieurs degr\u00e9s au cours de l&rsquo;apr\u00e8s-midi. Les valeurs s&rsquo;\u00e9chelonneront entre 19 et 24\u00b0C. Demain soir, le vent va progressivement \u00e9loigner les nuages.<\/p>\n<p class=\"mb-4 text-lg md:leading-8 break-words\">Peu d&rsquo;\u00e9volutions pour la suite. Des temp\u00e9ratures dans les 18\u00b0C accompagneront un ciel ensoleill\u00e9.<\/p>\n<p class=\"mb-4 text-lg md:leading-8 break-words\"><a href=\"https:\/\/www.20minutes.fr\/planete\/previsions-meteo\/4179340-20251015-meteo-bordeaux-previsions-mercredi-15-octobre-2025?at_medium=RSS%20feed&amp;at_campaign=ynews&amp;utm_source=yahoo&amp;utm_medium=rss&amp;utm_campaign=news_feed&amp;utm_content=read_more_link&quot;\" rel=\"nofollow noopener\" target=\"_blank\" data-ylk=\"slk:Lire la suite sur 20minutes;elm:context_link;itc:0;sec:content-canvas\" class=\"link \">Lire la suite sur 20minutes<\/a><\/p>\n","protected":false},"excerpt":{"rendered":"M\u00e9t\u00e9o &#8211; Aujourd&rsquo;hui, les Bordelais vont pouvoir b\u00e9n\u00e9ficier d&rsquo;un soleil radieux. Les temp\u00e9ratures seront de 14\u00b0C la matin\u00e9e&hellip;\n","protected":false},"author":2,"featured_media":463708,"comment_status":"","ping_status":"","sticky":false,"template":"","format":"standard","meta":{"footnotes":""},"categories":[2817],"tags":[1111,11,1997,1777,674,1011,27,44166,2487,12,2219,25,56804],"class_list":{"0":"post-463707","1":"post","2":"type-post","3":"status-publish","4":"format-standard","5":"has-post-thumbnail","7":"category-bordeaux","8":"tag-actu","9":"tag-actualites","10":"tag-bordeaux","11":"tag-eu","12":"tag-europe","13":"tag-fr","14":"tag-france","15":"tag-le-matin","16":"tag-meteo","17":"tag-news","18":"tag-nouvelle-aquitaine","19":"tag-republique-francaise","20":"tag-soleil-radieux"},"share_on_mastodon":{"url":"https:\/\/pubeurope.com\/@fr\/115375531889765962","error":""},"_links":{"self":[{"href":"https:\/\/www.europesays.com\/fr\/wp-json\/wp\/v2\/posts\/463707","targetHints":{"allow":["GET"]}}],"collection":[{"href":"https:\/\/www.europesays.com\/fr\/wp-json\/wp\/v2\/posts"}],"about":[{"href":"https:\/\/www.europesays.com\/fr\/wp-json\/wp\/v2\/types\/post"}],"author":[{"embeddable":true,"href":"https:\/\/www.europesays.com\/fr\/wp-json\/wp\/v2\/users\/2"}],"replies":[{"embeddable":true,"href":"https:\/\/www.europesays.com\/fr\/wp-json\/wp\/v2\/comments?post=463707"}],"version-history":[{"count":0,"href":"https:\/\/www.europesays.com\/fr\/wp-json\/wp\/v2\/posts\/463707\/revisions"}],"wp:featuredmedia":[{"embeddable":true,"href":"https:\/\/www.europesays.com\/fr\/wp-json\/wp\/v2\/media\/463708"}],"wp:attachment":[{"href":"https:\/\/www.europesays.com\/fr\/wp-json\/wp\/v2\/media?parent=463707"}],"wp:term":[{"taxonomy":"category","embeddable":true,"href":"https:\/\/www.europesays.com\/fr\/wp-json\/wp\/v2\/categories?post=463707"},{"taxonomy":"post_tag","embeddable":true,"href":"https:\/\/www.europesays.com\/fr\/wp-json\/wp\/v2\/tags?post=463707"}],"curies":[{"name":"wp","href":"https:\/\/api.w.org\/{rel}","templated":true}]}}