{"id":463719,"date":"2025-10-15T01:20:21","date_gmt":"2025-10-15T01:20:21","guid":{"rendered":"https:\/\/www.europesays.com\/fr\/463719\/"},"modified":"2025-10-15T01:20:21","modified_gmt":"2025-10-15T01:20:21","slug":"lyon-la-statue-de-louis-xiv-encore-en-travaux-sur-la-place-bellecour-voici-pourquoi","status":"publish","type":"post","link":"https:\/\/www.europesays.com\/fr\/463719\/","title":{"rendered":"Lyon. La statue de Louis XIV encore en travaux sur la place Bellecour : voici pourquoi"},"content":{"rendered":"<p>            Par<br \/>\n        <strong><br \/>\n            <a href=\"https:\/\/actu.fr\/auteur\/ludivine-caporal\" title=\"Consulter tous les articles de Ludivine Caporal\" rel=\"nofollow noopener\" target=\"_blank\">Ludivine Caporal<\/a><br \/>\n        <\/strong><\/p>\n<p>        Publi\u00e9 le<\/p>\n<p>            14 oct. 2025 \u00e0 17h40        <\/p>\n<p>Des <strong>barri\u00e8res de chantier<\/strong> tout autour de Louis XIV et son cheval : <a href=\"http:\/\/actu.fr\/auvergne-rhone-alpes\/lyon_69123\/lyon-cette-legende-meconnue-sur-la-statue-de-louis-xiv-place-bellecour_60731035.html\" rel=\"nofollow noopener\" target=\"_blank\">l\u2019embl\u00e9matique statue<\/a> de la place Bellecour, \u00e0 Lyon, fait de nouveau l\u2019objet de travaux en cette fin d\u2019ann\u00e9e 2025.\u00a0<\/p>\n<p class=\" wall-content\">Pour rappel, suite \u00e0 <a href=\"https:\/\/actu.fr\/auvergne-rhone-alpes\/lyon_69123\/lyon-l-immense-statue-de-louis-xiv-de-retour-a-bellecour-voici-son-nouveau-visage_61097849.html\" rel=\"nofollow noopener\" target=\"_blank\">sa restauration et sa r\u00e9installation<\/a> au printemps 2024, l\u2019\u0153uvre avait conserv\u00e9 durant de longs mois des barri\u00e8res pour la prot\u00e9ger <a href=\"https:\/\/actu.fr\/auvergne-rhone-alpes\/lyon_69123\/lyon-des-tags-a-repetition-ce-qui-va-etre-utilise-pour-proteger-la-statue-a-bellecour_62444173.html\" rel=\"nofollow noopener\" target=\"_blank\">des tags et autres d\u00e9gradations<\/a>. Mais celles dress\u00e9es il y a peu n\u2019ont pas du tout la m\u00eame mission.<\/p>\n<p>Restauration de l\u2019esplanade<\/p>\n<p class=\" wall-content\">\u00ab\u00a0Les travaux en cours autour de la statue de Louis XIV rel\u00e8vent d\u2019une op\u00e9ration d\u2019entretien rendue n\u00e9cessaire pas l\u2019\u00e9tat de d\u00e9gradation des marches, des pierres et de l\u2019asphalte. Ces travaux visent \u00e0 restaurer l\u2019esplanade <strong>\u00e0 l\u2019identique<\/strong>, en respectant son aspect originel et son int\u00e9grit\u00e9 architecturale\u00a0\u00bb, nous a ainsi expliqu\u00e9 la M\u00e9tropole de Lyon, charg\u00e9e de pr\u00e9server ce patrimoine.<\/p>\n<p class=\" wall-content\">Le socle et la statue en bronze, pour le coup d\u00e9j\u00e0 restaur\u00e9s, ne sont donc pas concern\u00e9s par ce nouveau chantier.<\/p>\n<p class=\" wall-content\">Sans donner de date pr\u00e9cise, la collectivit\u00e9 a n\u00e9anmoins assur\u00e9 que la livraison des travaux sur la place <a href=\"https:\/\/actu.fr\/tag\/bellecour\" rel=\"nofollow noopener\" target=\"_blank\">Bellecour<\/a> \u00e9tait pr\u00e9vue \u00ab\u00a0avant la <a href=\"https:\/\/actu.fr\/tag\/fete-des-lumieres-de-lyon\" rel=\"nofollow noopener\" target=\"_blank\">F\u00eate des Lumi\u00e8res<\/a>\u00ab\u00a0, qui se d\u00e9roulera cette ann\u00e9e du vendredi 5 au lundi 8 d\u00e9cembre 2025.<\/p>\n<p class=\" wall-content\">Personnalisez votre actualit\u00e9 en ajoutant vos villes et m\u00e9dias en favori avec <a href=\"https:\/\/moncompte.actu.fr\" title=\"D\u00e9couvez Mon Actu\" rel=\"nofollow noopener\" data-trk=\"{&quot;cta&quot;:{&quot;action&quot;:&quot;https:\\\/\\\/moncompte.actu.fr&quot;,&quot;category&quot;:&quot;mon compte&quot;,&quot;from&quot;:&quot;article footer&quot;,&quot;name&quot;:&quot;Mon actu&quot;,&quot;type&quot;:&quot;cta&quot;}}\" target=\"_blank\">Mon Actu<\/a>.<\/p>\n","protected":false},"excerpt":{"rendered":"Par Ludivine Caporal Publi\u00e9 le 14 oct. 2025 \u00e0 17h40 Des barri\u00e8res de chantier tout autour de Louis&hellip;\n","protected":false},"author":2,"featured_media":463720,"comment_status":"","ping_status":"","sticky":false,"template":"","format":"standard","meta":{"footnotes":""},"categories":[1889],"tags":[1111,11,2430,5272,1777,674,1011,27,2428,12,2551,25,104,2086],"class_list":{"0":"post-463719","1":"post","2":"type-post","3":"status-publish","4":"format-standard","5":"has-post-thumbnail","7":"category-lyon","8":"tag-actu","9":"tag-actualites","10":"tag-auvergne-rhone-alpes","11":"tag-bellecour","12":"tag-eu","13":"tag-europe","14":"tag-fr","15":"tag-france","16":"tag-lyon","17":"tag-news","18":"tag-patrimoine","19":"tag-republique-francaise","20":"tag-societe","21":"tag-travaux"},"share_on_mastodon":{"url":"https:\/\/pubeurope.com\/@fr\/115375559377429182","error":""},"_links":{"self":[{"href":"https:\/\/www.europesays.com\/fr\/wp-json\/wp\/v2\/posts\/463719","targetHints":{"allow":["GET"]}}],"collection":[{"href":"https:\/\/www.europesays.com\/fr\/wp-json\/wp\/v2\/posts"}],"about":[{"href":"https:\/\/www.europesays.com\/fr\/wp-json\/wp\/v2\/types\/post"}],"author":[{"embeddable":true,"href":"https:\/\/www.europesays.com\/fr\/wp-json\/wp\/v2\/users\/2"}],"replies":[{"embeddable":true,"href":"https:\/\/www.europesays.com\/fr\/wp-json\/wp\/v2\/comments?post=463719"}],"version-history":[{"count":0,"href":"https:\/\/www.europesays.com\/fr\/wp-json\/wp\/v2\/posts\/463719\/revisions"}],"wp:featuredmedia":[{"embeddable":true,"href":"https:\/\/www.europesays.com\/fr\/wp-json\/wp\/v2\/media\/463720"}],"wp:attachment":[{"href":"https:\/\/www.europesays.com\/fr\/wp-json\/wp\/v2\/media?parent=463719"}],"wp:term":[{"taxonomy":"category","embeddable":true,"href":"https:\/\/www.europesays.com\/fr\/wp-json\/wp\/v2\/categories?post=463719"},{"taxonomy":"post_tag","embeddable":true,"href":"https:\/\/www.europesays.com\/fr\/wp-json\/wp\/v2\/tags?post=463719"}],"curies":[{"name":"wp","href":"https:\/\/api.w.org\/{rel}","templated":true}]}}