{"id":463721,"date":"2025-10-15T01:22:15","date_gmt":"2025-10-15T01:22:15","guid":{"rendered":"https:\/\/www.europesays.com\/fr\/463721\/"},"modified":"2025-10-15T01:22:15","modified_gmt":"2025-10-15T01:22:15","slug":"previsions-du-mercredi-15-octobre-2025-11","status":"publish","type":"post","link":"https:\/\/www.europesays.com\/fr\/463721\/","title":{"rendered":"pr\u00e9visions du mercredi 15 octobre 2025"},"content":{"rendered":"<p class=\"mb-4 text-lg md:leading-8 break-words\"><strong>M\u00e9t\u00e9o &#8211; Le ciel va l\u00e9g\u00e8rement se d\u00e9gager dans la journ\u00e9e avec des \u00e9claircies. Les temp\u00e9ratures seront de 12\u00b0C la matin\u00e9e et de 16\u00b0C l&rsquo;apr\u00e8s-midi&#8230;<\/strong><\/p>\n<p class=\"mb-4 text-lg md:leading-8 break-words\">Aujourd&rsquo;hui, on pr\u00e9voit pour Lyon des valeurs d&rsquo;environ 13\u00b0C. Un vent de nord-ouest soufflera l\u00e9g\u00e8rement, avec 6 km\/h. Le matin, un ciel avec des \u00e9claircies va peu \u00e0 peu se substituer aux nuages. L&rsquo;apr\u00e8s-midi, un grand soleil brillera. Les temp\u00e9ratures vont conna\u00eetre une augmentation de quelques degr\u00e9s. Les valeurs afficheront entre 14 et 17\u00b0C. Des \u00e9claircies feront leur apparition dans la soir\u00e9e. Le mercure affichera 12\u00b0C en moyenne. Entre mercredi et jeudi, la nuit sera claire.<\/p>\n<p class=\"mb-4 text-lg md:leading-8 break-words\">Il va faire 13\u00b0C en moyenne \u00e0 Lyon demain. Un vent de nord-ouest rafra\u00eechira l\u00e9g\u00e8rement l&rsquo;atmosph\u00e8re. Petits et grands pourront appr\u00e9cier leur matin\u00e9e sous un ciel un peu nuageux. Les valeurs tourneront autour des 12\u00b0C. Le soleil sera au rendez-vous : un bel apr\u00e8s-midi se profile ! Le temps va se r\u00e9chauffer avec une hausse de quelques degr\u00e9s. Les temp\u00e9ratures seront de 13\u00b0C au plus bas et de 18\u00b0C au maximum. La ville aura quelques \u00e9claircies demain soir.<\/p>\n<p class=\"mb-4 text-lg md:leading-8 break-words\">Les jours se suivent et se ressemblent. Il va faire un temps relativement ensoleill\u00e9 avec des temp\u00e9ratures autour de 12\u00b0C.<\/p>\n<p class=\"mb-4 text-lg md:leading-8 break-words\"><a href=\"https:\/\/www.20minutes.fr\/planete\/previsions-meteo\/4179339-20251015-meteo-lyon-previsions-mercredi-15-octobre-2025?at_medium=RSS%20feed&amp;at_campaign=ynews&amp;utm_source=yahoo&amp;utm_medium=rss&amp;utm_campaign=news_feed&amp;utm_content=read_more_link&quot;\" rel=\"nofollow noopener\" target=\"_blank\" data-ylk=\"slk:Lire la suite sur 20minutes;elm:context_link;itc:0;sec:content-canvas\" class=\"link \">Lire la suite sur 20minutes<\/a><\/p>\n","protected":false},"excerpt":{"rendered":"M\u00e9t\u00e9o &#8211; Le ciel va l\u00e9g\u00e8rement se d\u00e9gager dans la journ\u00e9e avec des \u00e9claircies. Les temp\u00e9ratures seront de&hellip;\n","protected":false},"author":2,"featured_media":463722,"comment_status":"","ping_status":"","sticky":false,"template":"","format":"standard","meta":{"footnotes":""},"categories":[1889],"tags":[1111,11,2430,1777,674,1011,27,51394,44166,2428,2487,12,25],"class_list":{"0":"post-463721","1":"post","2":"type-post","3":"status-publish","4":"format-standard","5":"has-post-thumbnail","7":"category-lyon","8":"tag-actu","9":"tag-actualites","10":"tag-auvergne-rhone-alpes","11":"tag-eu","12":"tag-europe","13":"tag-fr","14":"tag-france","15":"tag-la-matinee","16":"tag-le-matin","17":"tag-lyon","18":"tag-meteo","19":"tag-news","20":"tag-republique-francaise"},"share_on_mastodon":{"url":"https:\/\/pubeurope.com\/@fr\/115375567182267385","error":""},"_links":{"self":[{"href":"https:\/\/www.europesays.com\/fr\/wp-json\/wp\/v2\/posts\/463721","targetHints":{"allow":["GET"]}}],"collection":[{"href":"https:\/\/www.europesays.com\/fr\/wp-json\/wp\/v2\/posts"}],"about":[{"href":"https:\/\/www.europesays.com\/fr\/wp-json\/wp\/v2\/types\/post"}],"author":[{"embeddable":true,"href":"https:\/\/www.europesays.com\/fr\/wp-json\/wp\/v2\/users\/2"}],"replies":[{"embeddable":true,"href":"https:\/\/www.europesays.com\/fr\/wp-json\/wp\/v2\/comments?post=463721"}],"version-history":[{"count":0,"href":"https:\/\/www.europesays.com\/fr\/wp-json\/wp\/v2\/posts\/463721\/revisions"}],"wp:featuredmedia":[{"embeddable":true,"href":"https:\/\/www.europesays.com\/fr\/wp-json\/wp\/v2\/media\/463722"}],"wp:attachment":[{"href":"https:\/\/www.europesays.com\/fr\/wp-json\/wp\/v2\/media?parent=463721"}],"wp:term":[{"taxonomy":"category","embeddable":true,"href":"https:\/\/www.europesays.com\/fr\/wp-json\/wp\/v2\/categories?post=463721"},{"taxonomy":"post_tag","embeddable":true,"href":"https:\/\/www.europesays.com\/fr\/wp-json\/wp\/v2\/tags?post=463721"}],"curies":[{"name":"wp","href":"https:\/\/api.w.org\/{rel}","templated":true}]}}