{"id":463737,"date":"2025-10-15T01:31:11","date_gmt":"2025-10-15T01:31:11","guid":{"rendered":"https:\/\/www.europesays.com\/fr\/463737\/"},"modified":"2025-10-15T01:31:11","modified_gmt":"2025-10-15T01:31:11","slug":"meta-supprime-une-page-suivant-les-agents-de-lice-aux-etats-unis","status":"publish","type":"post","link":"https:\/\/www.europesays.com\/fr\/463737\/","title":{"rendered":"Meta supprime une page suivant les agents de l&rsquo;ICE aux \u00c9tats-Unis"},"content":{"rendered":"<p>Le groupe Meta a supprim\u00e9 une page Facebook utilis\u00e9e pour suivre la pr\u00e9sence des agents de l\u2019immigration \u00e0 la demande du d\u00e9partement am\u00e9ricain de la Justice, a confirm\u00e9 l\u2019entreprise mardi.<\/p>\n<p>La procureure g\u00e9n\u00e9rale des \u00c9tats-Unis, Pam Bondi, a d\u00e9clar\u00e9 dans une publication sur X qu\u2019\u00e0 la suite d\u2019une requ\u00eate du minist\u00e8re de la Justice, Facebook avait supprim\u00e9 une page de groupe importante utilis\u00e9e pour cibler les agents de l\u2019ICE.<\/p>\n<p>Meta a d\u00e9clar\u00e9 dans un communiqu\u00e9 que le groupe avait \u00e9t\u00e9 supprim\u00e9 pour violation des politiques contre la violence organis\u00e9e.<\/p>\n<p>Meta est la derni\u00e8re entreprise technologique en date \u00e0 restreindre les moyens utilis\u00e9s pour suivre les agents de l\u2019ICE sur sa plateforme. Plus t\u00f4t ce mois-ci, Apple et Google ont bloqu\u00e9 le t\u00e9l\u00e9chargement d\u2019applications mobiles signalant la pr\u00e9sence d\u2019agents de l\u2019immigration am\u00e9ricains, quelques heures seulement apr\u00e8s que l\u2019administration Trump a exig\u00e9 le retrait d\u2019une application iPhone particuli\u00e8rement populaire.<\/p>\n<p>Mme\u00a0Bodi a d\u00e9clar\u00e9 que cette pratique mettait en danger les agents de l\u2019immigration. Mais les utilisateurs et les d\u00e9veloppeurs de ces applications soutiennent que le Premier Amendement leur conf\u00e8re le droit de surveiller les activit\u00e9s de l\u2019ICE dans leurs quartiers. Ils affirment que la plupart des utilisateurs se tournent vers ces plateformes pour prot\u00e9ger leur propre s\u00e9curit\u00e9, alors que le pr\u00e9sident Donald Trump renforce les contr\u00f4les de l\u2019immigration \u00e0 travers le pays.<\/p>\n<p>Si un groupe Facebook d\u00e9di\u00e9 \u00e0 la suivie de l\u2019ICE \u00e0 Chicago semble avoir \u00e9t\u00e9 supprim\u00e9, des dizaines d\u2019autres groupes, certains comptant des milliers de membres, restaient visibles sur Facebook mardi soir.<\/p>\n","protected":false},"excerpt":{"rendered":"Le groupe Meta a supprim\u00e9 une page Facebook utilis\u00e9e pour suivre la pr\u00e9sence des agents de l\u2019immigration \u00e0&hellip;\n","protected":false},"author":2,"featured_media":463738,"comment_status":"","ping_status":"","sticky":false,"template":"","format":"standard","meta":{"footnotes":""},"categories":[1589],"tags":[11,73,1866,4574,25179,1854,58793,53624,4576,15225,12,1864,1865,1863,308],"class_list":{"0":"post-463737","1":"post","2":"type-post","3":"status-publish","4":"format-standard","5":"has-post-thumbnail","7":"category-etats-unis","8":"tag-actualites","9":"tag-etats-unis","10":"tag-etats-unis-damerique","11":"tag-https-lactualite-com-sujet-affaires","12":"tag-https-lactualite-com-sujet-culture-arts","13":"tag-https-lactualite-com-sujet-international","14":"tag-https-lactualite-com-sujet-logiciel","15":"tag-https-lactualite-com-sujet-materiel-informatique","16":"tag-https-lactualite-com-sujet-politique","17":"tag-https-lactualite-com-sujet-social","18":"tag-news","19":"tag-united-states","20":"tag-united-states-of-america","21":"tag-us","22":"tag-usa"},"share_on_mastodon":{"url":"https:\/\/pubeurope.com\/@fr\/115375602651055727","error":""},"_links":{"self":[{"href":"https:\/\/www.europesays.com\/fr\/wp-json\/wp\/v2\/posts\/463737","targetHints":{"allow":["GET"]}}],"collection":[{"href":"https:\/\/www.europesays.com\/fr\/wp-json\/wp\/v2\/posts"}],"about":[{"href":"https:\/\/www.europesays.com\/fr\/wp-json\/wp\/v2\/types\/post"}],"author":[{"embeddable":true,"href":"https:\/\/www.europesays.com\/fr\/wp-json\/wp\/v2\/users\/2"}],"replies":[{"embeddable":true,"href":"https:\/\/www.europesays.com\/fr\/wp-json\/wp\/v2\/comments?post=463737"}],"version-history":[{"count":0,"href":"https:\/\/www.europesays.com\/fr\/wp-json\/wp\/v2\/posts\/463737\/revisions"}],"wp:featuredmedia":[{"embeddable":true,"href":"https:\/\/www.europesays.com\/fr\/wp-json\/wp\/v2\/media\/463738"}],"wp:attachment":[{"href":"https:\/\/www.europesays.com\/fr\/wp-json\/wp\/v2\/media?parent=463737"}],"wp:term":[{"taxonomy":"category","embeddable":true,"href":"https:\/\/www.europesays.com\/fr\/wp-json\/wp\/v2\/categories?post=463737"},{"taxonomy":"post_tag","embeddable":true,"href":"https:\/\/www.europesays.com\/fr\/wp-json\/wp\/v2\/tags?post=463737"}],"curies":[{"name":"wp","href":"https:\/\/api.w.org\/{rel}","templated":true}]}}