{"id":463747,"date":"2025-10-15T01:36:43","date_gmt":"2025-10-15T01:36:43","guid":{"rendered":"https:\/\/www.europesays.com\/fr\/463747\/"},"modified":"2025-10-15T01:36:43","modified_gmt":"2025-10-15T01:36:43","slug":"la-plaidoirie-incisive-dun-avocat","status":"publish","type":"post","link":"https:\/\/www.europesays.com\/fr\/463747\/","title":{"rendered":"la plaidoirie incisive d&rsquo;un avocat"},"content":{"rendered":"<p>            Par<br \/>\n        <strong><br \/>\n            <a href=\"https:\/\/actu.fr\/auteur\/anaelle-montagne\" title=\"Consulter tous les articles de Anaelle Montagne\" target=\"_blank\" rel=\"noopener\">Anaelle Montagne<\/a><br \/>\n        <\/strong><\/p>\n<p>        Publi\u00e9 le<\/p>\n<p>            14 oct. 2025 \u00e0 13h34        <\/p>\n<p>Finis, les \u00ab\u2009tout \u00e0 fait\u2009\u00bb et les \u00ab\u2009si vous le dites\u2009\u00bb\u2009: les r\u00e9ponses-type de <a href=\"https:\/\/actu.fr\/dossier\/disparition-de-delphine-jubillar-quelles-sont-les-dernieres-infos-sur-l-affaire_40171277.html\" target=\"_blank\" rel=\"noopener\">C\u00e9dric Jubillar<\/a> ne r\u00e9sonnent pas dans la salle des assises d\u2019Albi, ce mardi 14\u00a0octobre 2025. <strong>Car la parole est \u00e0 l\u2019accusation.<\/strong> Les avocats des parties civiles d\u00e9ploient leurs plaidoiries, \u00e0 trois jours du <a href=\"https:\/\/actu.fr\/occitanie\/albi_81004\/proces-jubillar-bientot-le-verdict-voici-pourquoi-la-culpabilite-de-cedric-jubillar-ne-tient-qu-a-un-fil_63282376.html\" target=\"_blank\" rel=\"noopener\">fatidique verdict<\/a>. Celle de<strong> Me Battikh<\/strong>, l\u2019avocat de l\u2019oncle, la tante et les cousins de l\u2019infirmi\u00e8re disparue en d\u00e9cembre\u00a02020, a marqu\u00e9 les esprits.<\/p>\n<p>\u00ab\u2009S\u2019il est acquitt\u00e9, Delphine est morte. S\u2019il est condamn\u00e9, Delphine est morte.\u2009\u00bb<\/p>\n<p class=\" wall-content\">Depuis le d\u00e9but du proc\u00e8s, fin septembre,<strong> les \u00e9changes sont tendus<\/strong> entre la d\u00e9fense et l\u2019accusation. Me Battikh, droit et articul\u00e9, commence pourtant sa plaidoirie en saluant le travail des avocats de l\u2019accus\u00e9. \u00ab\u2009Il n\u2019y aura<strong> pas de gagnant, pas de perdant.<\/strong> Si C\u00e9dric Jubillar est acquitt\u00e9, Delphine est morte. S\u2019il est condamn\u00e9, Delphine est morte.\u2009\u00bb<\/p>\n<p class=\" wall-content\">Reprenant les mots de Me Akorri, l\u2019avocate de <a href=\"https:\/\/actu.fr\/occitanie\/albi_81004\/proces-jubillar-si-elle-a-un-amant-je-la-lui-ferai-a-l-envers-cette-phrase-choc-rapportee-par-un-temoin_63225913.html\" target=\"_blank\" rel=\"noopener\">la meilleure amie de Delphine<\/a> \u2013 qui a ouvert le bal des plaidoiries \u2013 Me Battikh soutient que \u00ab\u2009C\u00e9dric n\u2019est pas un monstre\u2009\u00bb. Il parle de l\u2019amour qui le lie \u00e0 sa femme, <a href=\"https:\/\/actu.fr\/occitanie\/albi_81004\/proces-jubillar-jour-13-juste-avant-la-disparition-de-sa-femme-cedric-jubillar-la-surveillait-de-tres-pres_63283502.html\" target=\"_blank\" rel=\"noopener\">que l\u2019accus\u00e9 lui-m\u00eame a eu tant de mal \u00e0 d\u00e9crire<\/a>\u2009: <strong>\u00ab\u2009C\u00e9dric a aim\u00e9 Delphine et elle aussi a aim\u00e9 C\u00e9dric, sinc\u00e8rement.\u2009\u00bb<\/strong><\/p>\n<p class=\" wall-content\">Il raconte aussi l\u2019amour que lui portent ses proches. Et leurs suspicions \u00e0 l\u2019\u00e9gard de cet \u00e9poux, qu\u2019ils trouvent imm\u00e9diatement louche. \u00ab\u2009Pourquoi le <strong>premier r\u00e9flexe<\/strong> du fr\u00e8re et du cousin de Delphine, a \u00e9t\u00e9 <a href=\"https:\/\/actu.fr\/occitanie\/albi_81004\/proces-jubillar-les-proches-de-delphine-a-la-barre-ce-qu-il-faut-retenir-de-leurs-declarations_63231574.html\" target=\"_blank\" rel=\"noopener\">d\u2019enregistrer<\/a> son \u00e9poux\u2009?\u2009\u00bb Juste avant lui, l\u2019avocat de la cousine de la disparue avait cit\u00e9 le r\u00e9flexe de <a href=\"https:\/\/actu.fr\/faits-divers\/j-aurais-du-donner-plus-de-poids-a-cette-phrase-le-temoignage-accablant-de-la-mere-de-cedric-jubillar_63269406.html\" target=\"_blank\" rel=\"noopener\">la m\u00e8re de l\u2019accus\u00e9<\/a>\u2009: juste apr\u00e8s la disparition, elle disait esp\u00e9rer <strong>\u00ab\u2009qu\u2019il n\u2019ait pas fait de mal \u00e0 Delphine\u2009\u00bb<\/strong>.<\/p>\n<p>\u00ab\u2009Il veut vous tra\u00eener par le cerveau hors de chez lui\u2009\u00bb<\/p>\n<p class=\" wall-content\">Me Battikh continue, incisif. \u00ab\u2009C\u00e9dric Jubillar <strong>est un menteur<\/strong>, mais comment vous convaincre ce qui rel\u00e8ve pour moi de l\u2019\u00e9vidence\u2009?\u2009\u00bb, se questionne-t-il en regardant les jur\u00e9s. Il rappelle que dans la majorit\u00e9 des cas de f\u00e9minicides en France, \u00ab\u2009l\u2019endroit le plus dangereux, c\u2019est la cuisine, c\u2019est la chambre \u00e0 coucher, c\u2019est le salon\u2009\u00bb. Puis, il d\u00e9roule.<\/p>\n<p class=\" wall-content\">\u00ab\u2009C\u2019est la raison pour laquelle C\u00e9dric veut <strong>vous tra\u00eener par le cerveau en dehors de chez lui<\/strong>. Chez l\u2019amant d\u2019abord. Et si ce n\u2019est l\u2019amant, c\u2019est donc sa femme. Ou un r\u00f4deur. Pour cela, il faut que sa femme soit sortie\u2026 Ah tiens, Delphine adore sortir les chiens la nuit, dans le noir, c\u2019est sa passion. En pyjama, sans lunettes, dans la nuit. Sinon, vous avez pens\u00e9 \u00e0 l\u2019abandon familial\u2009? Elle a pu partir sans carte bleue, sans lunettes, sans voiture. \u00c7a ne fonctionne pas des masses\u2026 sauf si elle s\u2019est radicalis\u00e9e. Islam, t\u00e9moin de J\u00e9hovah, piochez ce que vous voulez.\u2009\u00bb Pause. \u00ab\u2009\u00c7a pourrait \u00eatre dr\u00f4le <strong>si l\u2019issue n\u2019\u00e9tait pas dramatique<\/strong>. La strat\u00e9gie de C\u00e9dric est simple\u2009: pas de sc\u00e8ne de crime chez moi.\u2009\u00bb<\/p>\n<p>Vid\u00e9os : en ce moment sur ActuDans la maison des Jubillar<\/p>\n<p class=\" wall-content\">Alors Me Battikh nage \u00e0 contre-courant et prend les jur\u00e9s par la main. Il les m\u00e8ne \u00e0 l\u2019int\u00e9rieur de la maison.<\/p>\n<p>    <img   decoding=\"async\" loading=\"lazy\" src=\"https:\/\/www.europesays.com\/fr\/wp-content\/uploads\/2025\/10\/maison-jubillar-cagnac-anaelle-montagne-1-960x640.jpg\" alt=\"La maison des Jubillar, \u00e0 Cagnac-les-Mines.\" width=\"960\" height=\"640\"\/><br \/>\n    La maison des Jubillar, \u00e0 Cagnac-les-Mines. (\u00a9Ana\u00eblle Montagne \/ Actu Toulouse)<\/p>\n<p>Votre r\u00e9gion, votre actu !<\/p>\n<p>Recevez chaque jour les infos qui comptent pour vous.<\/p>\n<p>\t<a href=\"https:\/\/actu.fr\/newsletter\" class=\"ac-btn ac-btn--corner ac-btn--medium ac-btn--blue800\" target=\"_blank\" rel=\"noopener\">S&rsquo;incrire<\/a><\/p>\n<p class=\" wall-content\">Il n\u2019y avait <strong>pas de cam\u00e9ra<\/strong> pour filmer la nuit du 15 au 16\u00a0d\u00e9cembre 2020, commence l\u2019avocat dans sa robe noire, mais \u00e0 la fois, il y en avait des tonnes\u2009: ce sont <strong>les yeux des t\u00e9moins<\/strong> qui sont pass\u00e9s \u00e0 la barre.<\/p>\n<p class=\" wall-content\">Louis, premi\u00e8re cam\u00e9ra, \u00ab\u2009vous dit le d\u00e9but de la sc\u00e8ne\u2009\u00bb, guide Me Battikh, rappelant aux jur\u00e9s la dispute \u00e0 laquelle il aurait assist\u00e9. La deuxi\u00e8me cam\u00e9ra\u2009? <strong>Les lunettes cass\u00e9es<\/strong> de la disparue, dont une branche a \u00e9t\u00e9 retrouv\u00e9e bris\u00e9e entre le canap\u00e9 et le mur du salon. \u00ab\u2009Elles parlent, elles ont \u00e9prouv\u00e9 et subi la violence de ce soir-l\u00e0.\u2009\u00bb Et puis il y a <strong>les chiens qui aboient<\/strong>, \u00ab\u2009ils sentent un d\u00e9sordre et nous disent que la sc\u00e8ne se poursuit \u00e0 l\u2019ext\u00e9rieur\u2009\u00bb.<\/p>\n<p class=\" wall-content\">Quatri\u00e8me cam\u00e9ra, les voisines. <a href=\"https:\/\/actu.fr\/occitanie\/cagnac-les-mines_81048\/affaire-jubillar-une-voisine-temoigne-c-etaient-des-cris-de-femme-des-cris-d-effroi_49574259.html\" target=\"_blank\" rel=\"noopener\">Elles entendent des cris continus<\/a>, qui \u00ab\u2009donnent l\u2019impression de reprendre son souffle\u2009\u00bb. Et puis il y a Michel, le voisin, qui voit une lumi\u00e8re allum\u00e9e dans la nuit \u00e0 l\u2019int\u00e9rieur de la maison. Autre cam\u00e9ra, <a href=\"https:\/\/actu.fr\/occitanie\/albi_81004\/proces-jubillar-canape-lit-machine-a-laver-le-mystere-de-la-couette-enfin-resolu_63210399.html\" target=\"_blank\" rel=\"noopener\">la machine \u00e0 laver<\/a>, \u00ab\u2009que l\u2019on a moqu\u00e9e\u2009\u00bb. \u00ab\u2009Pourquoi dans ce capharna\u00fcm, C\u00e9dric Jubillar a-t-il envie de ranger quatre chaussettes (ce sont ses mots, ndlr) et allume la machine \u00e0 laver\u2009?\u2009\u00bb<\/p>\n<p class=\" wall-content\">Septi\u00e8me cam\u00e9ra, <a href=\"https:\/\/actu.fr\/occitanie\/albi_81004\/proces-jubillar-la-voiture-a-change-de-sens-le-mystere-de-la-207-de-delphine-la-nuit-de-sa-disparition_63263782.html\" target=\"_blank\" rel=\"noopener\">la voiture, gar\u00e9e \u00ab\u2009dans le mauvais sens\u2009\u00bb<\/a>, avec le pare-brise couvert de condensation. Et enfin, le t\u00e9l\u00e9phone de la disparue qui active le relais couvrant son domicile, jusqu\u2019\u00e0 7h48 du matin. \u00ab\u2009Pourquoi est-il aux alentours de la maison, <strong>si \u00e7a n\u2019est pas C\u00e9dric\u2009?<\/strong> Cette maison ne dort pas entre 22h50 et 3h50 du matin, cette maison, elle t\u00e9moigne.\u2009\u00bb<\/p>\n<p>\u00ab\u2009\u00c7a se joue comment un innocent, d\u2019abord\u2009?\u2009\u00bb<\/p>\n<p class=\" wall-content\">\u00ab\u2009Je le redis, comme tout le monde, C\u00e9dric Jubillar est un menteur. Et il ment bien.\u2009\u00bb Pour l\u2019avocat, <strong>les r\u00e9ponses courtes de l\u2019accus\u00e9<\/strong> tout au long du proc\u00e8s sont signes qu\u2019il ne veut pas se prendre les pieds dans le tapis. \u00ab\u2009D\u2019ailleurs, \u00e0 chaque fois qu\u2019il a fait des r\u00e9ponses longues, il s\u2019est contredit.\u2009\u00bb Le peintre-plaquiste ne sait pas si sa femme porte ses lunettes ou ses lentilles, mais pour la voiture et la sortie des chiens, \u00ab\u2009\u00e7a, il est implacable\u2009\u00bb.<\/p>\n<p class=\" wall-content\">Certes, il a toujours clam\u00e9 son innocence, mais selon Me Battikh, il ne la crie pas. \u00ab\u2009Il ne peut pas, parce qu\u2019il n\u2019a pas le script de l\u2019innocence et quand on n\u2019a pas ce r\u00f4le, on ne peut pas le jouer. \u00c7a se joue comment un innocent, d\u2019abord\u2009?\u2009\u00bb<\/p>\n<p class=\" wall-content\">C\u00e9dric Jubillar n\u2019est qu\u2019un \u00ab\u2009naufrag\u00e9\u2009\u00bb accroch\u00e9 \u00e0 sa bou\u00e9e, sa femme, qu\u2019il ne l\u00e2chera jamais. \u00ab\u2009Si elle ne lui appartient pas, elle n\u2019appartiendra \u00e0 personne.\u2009\u00bb<\/p>\n<p>D\u2019autres plaidoiries \u00e0 venir<\/p>\n<p class=\" wall-content\">Les plaidoiries des avocats des parties civiles vont continuer de se succ\u00e9der, ce mardi 14\u00a0octobre dans l\u2019apr\u00e8s-midi. Celles de la d\u00e9fense sont attendues jeudi 16\u00a0octobre, la veille du verdict.<\/p>\n<p class=\" wall-content\">Personnalisez votre actualit\u00e9 en ajoutant vos villes et m\u00e9dias en favori avec <a href=\"https:\/\/moncompte.actu.fr\" title=\"D\u00e9couvez Mon Actu\" rel=\"nofollow noopener\" data-trk=\"{&quot;cta&quot;:{&quot;action&quot;:&quot;https:\\\/\\\/moncompte.actu.fr&quot;,&quot;category&quot;:&quot;mon compte&quot;,&quot;from&quot;:&quot;article footer&quot;,&quot;name&quot;:&quot;Mon actu&quot;,&quot;type&quot;:&quot;cta&quot;}}\" target=\"_blank\">Mon Actu<\/a>.<\/p>\n","protected":false},"excerpt":{"rendered":"Par Anaelle Montagne Publi\u00e9 le 14 oct. 2025 \u00e0 13h34 Finis, les \u00ab\u2009tout \u00e0 fait\u2009\u00bb et les \u00ab\u2009si&hellip;\n","protected":false},"author":2,"featured_media":463748,"comment_status":"","ping_status":"","sticky":false,"template":"","format":"standard","meta":{"footnotes":""},"categories":[2],"tags":[11,38151,118,1011,27,303,12,25],"class_list":{"0":"post-463747","1":"post","2":"type-post","3":"status-publish","4":"format-standard","5":"has-post-thumbnail","7":"category-actualites","8":"tag-actualites","9":"tag-affaire-delphine-jubillar","10":"tag-faits-divers","11":"tag-fr","12":"tag-france","13":"tag-justice","14":"tag-news","15":"tag-republique-francaise"},"share_on_mastodon":{"url":"https:\/\/pubeurope.com\/@fr\/115375622491602273","error":""},"_links":{"self":[{"href":"https:\/\/www.europesays.com\/fr\/wp-json\/wp\/v2\/posts\/463747","targetHints":{"allow":["GET"]}}],"collection":[{"href":"https:\/\/www.europesays.com\/fr\/wp-json\/wp\/v2\/posts"}],"about":[{"href":"https:\/\/www.europesays.com\/fr\/wp-json\/wp\/v2\/types\/post"}],"author":[{"embeddable":true,"href":"https:\/\/www.europesays.com\/fr\/wp-json\/wp\/v2\/users\/2"}],"replies":[{"embeddable":true,"href":"https:\/\/www.europesays.com\/fr\/wp-json\/wp\/v2\/comments?post=463747"}],"version-history":[{"count":0,"href":"https:\/\/www.europesays.com\/fr\/wp-json\/wp\/v2\/posts\/463747\/revisions"}],"wp:featuredmedia":[{"embeddable":true,"href":"https:\/\/www.europesays.com\/fr\/wp-json\/wp\/v2\/media\/463748"}],"wp:attachment":[{"href":"https:\/\/www.europesays.com\/fr\/wp-json\/wp\/v2\/media?parent=463747"}],"wp:term":[{"taxonomy":"category","embeddable":true,"href":"https:\/\/www.europesays.com\/fr\/wp-json\/wp\/v2\/categories?post=463747"},{"taxonomy":"post_tag","embeddable":true,"href":"https:\/\/www.europesays.com\/fr\/wp-json\/wp\/v2\/tags?post=463747"}],"curies":[{"name":"wp","href":"https:\/\/api.w.org\/{rel}","templated":true}]}}