{"id":463749,"date":"2025-10-15T01:37:19","date_gmt":"2025-10-15T01:37:19","guid":{"rendered":"https:\/\/www.europesays.com\/fr\/463749\/"},"modified":"2025-10-15T01:37:19","modified_gmt":"2025-10-15T01:37:19","slug":"la-fin-du-support-technique-par-microsoft-justifie-t-elle-de-mettre-les-moyens-dans-un-nouveau-pc","status":"publish","type":"post","link":"https:\/\/www.europesays.com\/fr\/463749\/","title":{"rendered":"La fin du support technique par Microsoft justifie-t-elle de mettre les moyens dans un nouveau PC\u00a0?"},"content":{"rendered":"<p>Ci-g\u00eet <a href=\"https:\/\/www.20minutes.fr\/high-tech\/windows-10\/\" class=\"c-link c-link--is-underlined\" target=\"_blank\" rel=\"noopener\">Windows 10<\/a>. En ce mardi 14\u00a0octobre, vous regarderez sans doute votre vieux PC une petite larme \u00e0 l\u2019\u0153il. Windows 10 passe de vie \u00e0 tr\u00e9pas, <a href=\"https:\/\/www.20minutes.fr\/high-tech\/microsoft\/\" class=\"c-link c-link--is-underlined\" target=\"_blank\" rel=\"noopener\">Microsoft<\/a> mettant un terme aux mises \u00e0 jour de son syst\u00e8me d\u2019exploitation n\u00e9 le 29\u00a0juillet 2015. 10 ans, c\u2019est jeune. Et si vous n\u2019avez pas pris soin de migrer vers Windows 11, votre ordinateur qui ne recevra plus de mises \u00e0 jour de s\u00e9curit\u00e9 ni de correctifs s\u2019expose \u00e0 des vuln\u00e9rabilit\u00e9s aux <a href=\"https:\/\/www.20minutes.fr\/dossier\/cyberattaque\" class=\"c-link c-link--is-underlined\" target=\"_blank\" rel=\"noopener\">cyberattaque<\/a>s et aux logiciels malveillants. Faut-il changer d\u2019ordinateur\u00a0? Pas forc\u00e9ment\u2026<\/p>\n<p>Redoubler de vigilance<\/p>\n<p>D\u2019abord, pas de panique\u00a0: votre <a href=\"https:\/\/www.20minutes.fr\/high-tech\/pc\/\" class=\"c-link c-link--is-underlined\" target=\"_blank\" rel=\"noopener\">PC<\/a> n\u2019est pas forc\u00e9ment bon pour la casse en raison de la fin de Windows 10. Si vous ne touchez \u00e0 rien, il peut fonctionner normalement, mais devient vuln\u00e9rable. Et l\u2019on peut compter sur les cybercriminels, toujours \u00e0 l\u2019aff\u00fbt, pour s\u2019engouffrer dans cette br\u00e8che. \u00c0 vous de redoubler de vigilance, en ne t\u00e9l\u00e9chargeant pas n\u2019importe quoi et en vous gardant d\u2019ouvrir des liens dans des mails de personnes inconnues\u2026. Mais c\u2019est \u00e0 vos risques et p\u00e9rils.<\/p>\n<p><img decoding=\"async\" alt=\"En cas de migration vers Windows 11, fichiers et applications sont pr\u00e9serv\u00e9s.\" class=\"c-img\" loading=\"lazy\" fetchpriority=\"auto\" width=\"718\"  src=\"https:\/\/img.20mn.fr\/mUkDxEjDSHCV-i4Uib9kQSk\/718x0\" \/>En cas de migration vers Windows 11, fichiers et applications sont pr\u00e9serv\u00e9s.\u2002-\u00a0Dell<\/p>\n<p>Si vous ne l\u2019avez effectu\u00e9e, la migration de Windows 10 vers Windows 11 est \u00e9videmment toujours possible et gratuite (via Windows Update ou l\u2019assistant d\u2019installation officiel) si vous disposez d\u2019une licence valide Windows 10. Notez que vos fichiers et applications seront conserv\u00e9s \u00e0 l\u2019issue de cette installation. Et que vous pourrez continuer les mises \u00e0 jour de vos applications. N\u00e9anmoins, nous vous conseillons cependant d\u2019effectuer des sauvegardes de vos fichiers les plus pr\u00e9cieux sur un compte cloud ou un disque dur externe. Mais \u00e7a, vous savez que c\u2019est n\u00e9cessaire, quoi qu\u2019il arrive\u2026 Si vous ne poss\u00e9dez pas de licence Windows 10 officielle, l\u2019achat d\u2019une licence Windows 11 Famille vous co\u00fbtera 145 euros (\u00e0 partir de 180 euros pour une licence professionnelle).<\/p>\n<p><a href=\"https:\/\/www.20minutes.fr\/search?q=Microsoft#gsc.tab=0&amp;gsc.q=Microsoft&amp;gsc.page=1\" class=\"c-link c-btn c-btn--primary\" target=\"_blank\" rel=\"noopener\">Suivez l&rsquo;actualit\u00e9 \u00abMicrosoft\u00bb<\/a>Un quart des PC fran\u00e7ais dans l\u2019impasse<\/p>\n<p>Par contre, si votre PC a d\u00e9j\u00e0 pris de la bouteille, vous n\u2019y couperez pas\u00a0: il faudra en changer. Ainsi, de nombreux PC achet\u00e9s avant\u00a02018 ne pourront pas effectuer cette migration. Il y en aurait tout de m\u00eame 408\u00a0millions dans le monde\u2026 et un sur quatre en France. Il s\u2019agit de ceux qui ne r\u00e9pondent pas aux exigences techniques requises par Windows 11, avec notamment la pr\u00e9sence \u00e0 bord de la machine d\u2019un processeur 64 bits (avec au moins deux c\u0153urs \u00e0 1 GHz ou plus), d\u2019une m\u00e9moire vive minimale de 4 Go, d\u2019un stockage de 64 Go ou plus\u2026<\/p>\n<p>\u00ab\u00a0Un renouvellement s\u2019op\u00e8re n\u00e9anmoins ind\u00e9pendamment de la fin de Windows 10, de nombreuses personnes souhaitant renouveler leur \u00e9quipement pour un PC embarquant de l\u2019intelligence artificielle\u00a0\u00bb, constate Maxime Labi Directeur hardware chez FNAC Darty. Soit un PC avec Copilot +\u00a0\u00e0 bord ou une tablette Microsoft Surface. Budget\u00a0: de 1.000 euros \u00e0 1.800 euros environ.<\/p>\n<\/p>\n<p>Une extension gratuite en Europe<\/p>\n<p>Reste une derni\u00e8re solution, celle \u00e0 laquelle on ne s\u2019attendait pas de la part de Microsoft\u00a0: inscrire son PC sous Windows 10 aux programmes de mises \u00e0 jour \u00e9tendues (nomm\u00e9 ESU pour Extended Security Update). Il s\u2019agit d\u2019une solution temporaire pour celles et ceux qui ne veulent pas migrer maintenant vers Windows 11, qui permet de maintenir sur PC \u00e0 jour jusqu\u2019au 16\u00a0octobre 2026.<\/p>\n<p>Une condition \u00e0 cela\u00a0: sauvegarder les donn\u00e9es de son PC sur OneDrive, le cloud de la firme de Redmond, et se connecter \u00e0 un compte Microsoft. Gratuite pour les utilisateurs europ\u00e9ens, cette extension de s\u00e9curit\u00e9 est factur\u00e9e une trentaine de dollars dans la plupart des pays. Cette singularit\u00e9 est due au <a href=\"https:\/\/www.20minutes.fr\/high-tech\/meta\/4175917-20250929-apple-defend-couleurs-face-reglementation-priverait-innovations-technologiques\" class=\"c-link c-link--is-underlined\" target=\"_blank\" rel=\"noopener\">DMA<\/a> (pour Digital Markets Art qui s\u2019inscrit dans le cadre l\u00e9gislatif europ\u00e9en. L\u2019Europe et les associations de consommateur sont parvenus \u00e0 imposer \u00e0 Microsoft d\u2019autres r\u00e8gles que celles voulues par la firme de Redmond, r\u00e8gles visant \u00e0 prot\u00e9ger le public contre ce que beaucoup pouvaient consid\u00e9rer comme une forme d\u2019<a href=\"https:\/\/www.20minutes.fr\/high-tech\/4177876-20251008-fnac-darty-publie-barometre-sav-durabilite-produits\" class=\"c-link c-link--is-underlined\" target=\"_blank\" rel=\"noopener\">obsolescence programm\u00e9e<\/a>.<\/p>\n","protected":false},"excerpt":{"rendered":"Ci-g\u00eet Windows 10. En ce mardi 14\u00a0octobre, vous regarderez sans doute votre vieux PC une petite larme \u00e0&hellip;\n","protected":false},"author":2,"featured_media":463750,"comment_status":"","ping_status":"","sticky":false,"template":"","format":"standard","meta":{"footnotes":""},"categories":[2],"tags":[11,2481,1075,674,44163,1011,27,142,311,17009,5533,12,1037,25,56769],"class_list":{"0":"post-463749","1":"post","2":"type-post","3":"status-publish","4":"format-standard","5":"has-post-thumbnail","7":"category-actualites","8":"tag-actualites","9":"tag-cyberattaque","10":"tag-cybersecurite","11":"tag-europe","12":"tag-fnac-darty","13":"tag-fr","14":"tag-france","15":"tag-high-tech","16":"tag-informatique","17":"tag-logiciel","18":"tag-microsoft","19":"tag-news","20":"tag-pc","21":"tag-republique-francaise","22":"tag-windows-10"},"share_on_mastodon":{"url":"https:\/\/pubeurope.com\/@fr\/115375626369322378","error":""},"_links":{"self":[{"href":"https:\/\/www.europesays.com\/fr\/wp-json\/wp\/v2\/posts\/463749","targetHints":{"allow":["GET"]}}],"collection":[{"href":"https:\/\/www.europesays.com\/fr\/wp-json\/wp\/v2\/posts"}],"about":[{"href":"https:\/\/www.europesays.com\/fr\/wp-json\/wp\/v2\/types\/post"}],"author":[{"embeddable":true,"href":"https:\/\/www.europesays.com\/fr\/wp-json\/wp\/v2\/users\/2"}],"replies":[{"embeddable":true,"href":"https:\/\/www.europesays.com\/fr\/wp-json\/wp\/v2\/comments?post=463749"}],"version-history":[{"count":0,"href":"https:\/\/www.europesays.com\/fr\/wp-json\/wp\/v2\/posts\/463749\/revisions"}],"wp:featuredmedia":[{"embeddable":true,"href":"https:\/\/www.europesays.com\/fr\/wp-json\/wp\/v2\/media\/463750"}],"wp:attachment":[{"href":"https:\/\/www.europesays.com\/fr\/wp-json\/wp\/v2\/media?parent=463749"}],"wp:term":[{"taxonomy":"category","embeddable":true,"href":"https:\/\/www.europesays.com\/fr\/wp-json\/wp\/v2\/categories?post=463749"},{"taxonomy":"post_tag","embeddable":true,"href":"https:\/\/www.europesays.com\/fr\/wp-json\/wp\/v2\/tags?post=463749"}],"curies":[{"name":"wp","href":"https:\/\/api.w.org\/{rel}","templated":true}]}}