{"id":463766,"date":"2025-10-15T01:49:14","date_gmt":"2025-10-15T01:49:14","guid":{"rendered":"https:\/\/www.europesays.com\/fr\/463766\/"},"modified":"2025-10-15T01:49:14","modified_gmt":"2025-10-15T01:49:14","slug":"ain-dix-huit-chantiers-et-projets-a-decouvrir-pour-les-journees-de-larchitecture","status":"publish","type":"post","link":"https:\/\/www.europesays.com\/fr\/463766\/","title":{"rendered":"Ain. Dix-huit chantiers et projets \u00e0 d\u00e9couvrir pour les journ\u00e9es de l\u2019architecture"},"content":{"rendered":"<p>Laine de bois, bottes de paille, utilisation massive d\u2019essences de bois locales pour les menuiseries et l\u2019isolation acoustique, pis\u00e9 bien s\u00fbr, enduits \u00e0 l\u2019argile ou \u00e0 la chaux\u2026 Dans le d\u00e9partement, les architectes privil\u00e9gient de plus en plus pour leurs projets les mat\u00e9riaux biosourc\u00e9s (1), en tout cas pour ce qui concerne les b\u00e2timents publics\u2026 La preuve ce samedi 18\u00a0octobre avec une nouvelle \u00e9dition des Journ\u00e9es de l\u2019architecture qui permettra de d\u00e9couvrir dix-huit r\u00e9alisations, en projet, en chantier ou termin\u00e9es, des constructions neuves ou des extensions, dans presque tout le d\u00e9partement.<\/p>\n<p>Les participants \u00e0 cette journ\u00e9e organis\u00e9e par le CAUE (Conseil d\u2019architecture, d\u2019urbanisme et de l\u2019environnement de l\u2019Ain) seront amen\u00e9s \u00e0 d\u00e9couvrir des projets vari\u00e9s\u00a0: p\u00f4le petite enfance \u00e0 Ch\u00e2tillon-sur-Chalaronne, r\u00e9habilitation de la mairie de Saint-Jean-sur-Veyle, <a href=\"https:\/\/www.leprogres.fr\/environnement\/2025\/10\/08\/pourquoi-les-travaux-de-la-cascade-de-glandieu-sont-lances-au-bout-de-dix-ans\" target=\"_blank\" rel=\"noopener\">r\u00e9habilitation de la marbrerie et am\u00e9nagement des abords<\/a> de la cascade de Glandieu, centre nautique totalement r\u00e9nov\u00e9 \u00e0 Belley et \u00e0 Divonne, maison des sports de la Plaine tonique, maison solidaire et citoyenne \u00e0 Saint-Genis-Pouilly, maison des associations \u00e0 Amb\u00e9rieux-en-Dombes et \u00e0 Ars-sur-Formans, construction et r\u00e9habilitation de logements \u00e0 Neyron\u2026<\/p>\n<p>  La reconversion de b\u00e2timents existants<\/p>\n<p>Les visites seront comment\u00e9es par l\u2019architecte du projet qui sera accompagn\u00e9e par un architecte du CAUE, un repr\u00e9sentant de la ma\u00eetrise d\u2019ouvrage et un artisan pour certains projets. Elles seront l\u2019occasion d\u2019aborder la reconversion de b\u00e2timents existants, annonce Anne Selva, du CAUE, l\u2019emploi des mat\u00e9riaux biosourc\u00e9s et des mat\u00e9riaux locaux, la r\u00e9habilitation du patrimoine XXe.<\/p>\n<p>\u00ab\u00a0C\u2019est la premi\u00e8re ann\u00e9e o\u00f9 il y a autant de visites propos\u00e9es par les architectes et le CAUE dans le d\u00e9partement, confirme Anne Selva, pour un public compos\u00e9 de curieux, d\u2019architectes et de parents avec leurs enfants qui souhaitent s\u2019engager dans cette voie.\u00a0\u00bb En tout cas, la journ\u00e9e de samedi permettra \u00e0 tous de d\u00e9couvrir des projets ou des r\u00e9alisations qui rendent les communes plus attractives. Mais attention, il est imp\u00e9ratif de s\u2019inscrire avant vendredi (sur le site caue01.org).<\/p>\n<p class=\"note\">(1) Les mat\u00e9riaux biosourc\u00e9s sont fabriqu\u00e9s, en partie ou en totalit\u00e9, \u00e0 partir de substances d\u00e9riv\u00e9es d\u2019organismes vivants, ou ayant \u00e9t\u00e9 vivants, comme les v\u00e9g\u00e9taux.<\/p>\n","protected":false},"excerpt":{"rendered":"Laine de bois, bottes de paille, utilisation massive d\u2019essences de bois locales pour les menuiseries et l\u2019isolation acoustique,&hellip;\n","protected":false},"author":2,"featured_media":463767,"comment_status":"","ping_status":"","sticky":false,"template":"","format":"standard","meta":{"footnotes":""},"categories":[1358],"tags":[2738,1348,1384,1385,6749,6750,1687,1386,58,6751,59,1011,27,2661],"class_list":{"0":"post-463766","1":"post","2":"type-post","3":"status-publish","4":"format-standard","5":"has-post-thumbnail","7":"category-arts-et-design","8":"tag-ain","9":"tag-arts","10":"tag-arts-and-design","11":"tag-arts-et-design","12":"tag-bourg-en-bresse","13":"tag-bourg-en-bresse-ville","14":"tag-culture-loisirs","15":"tag-design","16":"tag-divertissement","17":"tag-edition-ain-ouest","18":"tag-entertainment","19":"tag-fr","20":"tag-france","21":"tag-patrimoine-culturel"},"share_on_mastodon":{"url":"https:\/\/pubeurope.com\/@fr\/115375673442119820","error":""},"_links":{"self":[{"href":"https:\/\/www.europesays.com\/fr\/wp-json\/wp\/v2\/posts\/463766","targetHints":{"allow":["GET"]}}],"collection":[{"href":"https:\/\/www.europesays.com\/fr\/wp-json\/wp\/v2\/posts"}],"about":[{"href":"https:\/\/www.europesays.com\/fr\/wp-json\/wp\/v2\/types\/post"}],"author":[{"embeddable":true,"href":"https:\/\/www.europesays.com\/fr\/wp-json\/wp\/v2\/users\/2"}],"replies":[{"embeddable":true,"href":"https:\/\/www.europesays.com\/fr\/wp-json\/wp\/v2\/comments?post=463766"}],"version-history":[{"count":0,"href":"https:\/\/www.europesays.com\/fr\/wp-json\/wp\/v2\/posts\/463766\/revisions"}],"wp:featuredmedia":[{"embeddable":true,"href":"https:\/\/www.europesays.com\/fr\/wp-json\/wp\/v2\/media\/463767"}],"wp:attachment":[{"href":"https:\/\/www.europesays.com\/fr\/wp-json\/wp\/v2\/media?parent=463766"}],"wp:term":[{"taxonomy":"category","embeddable":true,"href":"https:\/\/www.europesays.com\/fr\/wp-json\/wp\/v2\/categories?post=463766"},{"taxonomy":"post_tag","embeddable":true,"href":"https:\/\/www.europesays.com\/fr\/wp-json\/wp\/v2\/tags?post=463766"}],"curies":[{"name":"wp","href":"https:\/\/api.w.org\/{rel}","templated":true}]}}