{"id":463770,"date":"2025-10-15T01:51:37","date_gmt":"2025-10-15T01:51:37","guid":{"rendered":"https:\/\/www.europesays.com\/fr\/463770\/"},"modified":"2025-10-15T01:51:37","modified_gmt":"2025-10-15T01:51:37","slug":"ludo-tue-dans-un-eboulement-provoque-par-laverne-kira-de-retour-thais-et-louis-en-couple-le-resume-de-lepisode-1771-du-mercredi-15-octobre-2025","status":"publish","type":"post","link":"https:\/\/www.europesays.com\/fr\/463770\/","title":{"rendered":"Ludo tu\u00e9 dans un \u00e9boulement provoqu\u00e9 par Laverne ? Kira de retour, Tha\u00efs et Louis en couple&#8230; Le r\u00e9sum\u00e9 de l&rsquo;\u00e9pisode 1771 du mercredi 15 octobre 2025"},"content":{"rendered":"<p><b>Mercredi 15 octobre 2025 dans <\/b><b>Un si grand soleil<\/b> &#8211; dans laquelle <a href=\"https:\/\/www.programme-tv.net\/news\/series-tv\/388941-un-si-grand-soleil-surprise-astrid-veillon-va-avoir-un-role-central-dans-le-feuilleton-on-vous-explique-tout\/\" data-api-deeplink=\"teleloisirs:\/\/news\/388941\" target=\"_blank\" rel=\"noopener\">Astrid Veillon va bient\u00f4t avoir un r\u00f4le \u00e9tonnant<\/a>&#8230; Malgr\u00e9 sa d\u00e9convenue de la veille, Ludo est plus d\u00e9termin\u00e9 que jamais \u00e0 trouver la source d&rsquo;eau, et ce malgr\u00e9 le pessimisme d&rsquo;Elodie. De son c\u00f4t\u00e9, Laverne s&rsquo;assure que William va bien le soutenir pour son projet de m\u00e9ga-bassine. Il va m\u00eame plus loin ! Il aimerait savoir ce que Elodie et Ludo, qui sont contre cette id\u00e9e, ont en t\u00eate pour contrer ce qu&rsquo;ils consid\u00e8rent comme une aberration \u00e9cologique. Mais pour l&rsquo;agriculteur, pas question d&rsquo;espionner sa fille. Laverne fait alors mine de comprendre, mais semble frustr\u00e9..<\/p>\n<p>Un si grand soleil en avance: Kira de retour, Tha\u00efs en plein doute apr\u00e8s sa nuit avec Louis<\/p>\n<p>Au petit matin, le malaise est palpable entre Louis et Tha\u00efs <a href=\"https:\/\/www.programme-tv.net\/news\/series-tv\/389445-un-si-grand-soleil-en-avance-thais-et-louis-couchent-ensemble-ludo-fait-chou-blanc-le-resume-de-l-episode-1770-du-mardi-14-octobre-2025\/\" data-api-deeplink=\"teleloisirs:\/\/news\/389445\" target=\"_blank\" rel=\"noopener\">apr\u00e8s leur nuit ensemble<\/a>. Si le jeune homme rompt le silence en disant qu&rsquo;il ne regrette pas ce moment, la polici\u00e8re semble moins positive, et presse son \u00ab\u00a0ami\u00a0\u00bb de partir. De son c\u00f4t\u00e9, Kira est enfin de retour \u00e0 Montpellier, accueillie par Florent \u00e0 la gare, avant de rejoindre Claire, trop heureuse de retrouver sa fille. Cette derni\u00e8re commence son travail d&rsquo;auxiliaire de vie d\u00e8s le lendemain. Si la jeune femme est heureuse de ce changement de voie, elle aimerait savoir ce qu&rsquo;en pense sa m\u00e8re. Heureusement, l&rsquo;infirmi\u00e8re la rassure et l&rsquo;encourage. Plus tard, au commissariat, Tha\u00efs semble ailleurs, ce qui amuse Manu. D\u00e9cid\u00e9e \u00e0 prendre les choses en main, elle propose un rendez-vous \u00e0 Louis, le soir m\u00eame&#8230;<\/p>\n<p>                        Un si grand soleil en avance : Tha\u00efs et Louis officiellement en couple, comment va r\u00e9agir Kira ?<\/p>\n<p>Malheureusement, Kira (<a href=\"https:\/\/www.programme-tv.net\/biographie\/946121-ramos-pinto-coline\/\" data-link-people=\"b0aea991-81e1-47e7-b3a5-475143ac448b\" target=\"_blank\" rel=\"noopener\">Coline Ramos-Pinto<\/a>, <a href=\"https:\/\/www.programme-tv.net\/news\/series-tv\/383971-je-venais-de-quitter-un-si-grand-soleil-coline-ramospinto-se-confie-sur-son-role-dans-opj-ce-mardi-29-juillet-2025\/\" data-api-deeplink=\"teleloisirs:\/\/news\/383971\" target=\"_blank\" rel=\"noopener\">\u00e9galement vue dans une c\u00e9l\u00e8bre s\u00e9rie de France 2<\/a>) l&rsquo;appelle pour lui proposer \u00e9galement de boire un verre apr\u00e8s son travail. Pr\u00e9textant un trop plein de travail, la fille d&rsquo;Anthony remet leurs retrouvailles au lendemain, et ment donc \u00e0 son amie. Aurait-elle peur de lui dire qu&rsquo;elle a couch\u00e9 avec son ex ? Une situation qui ne lui pla\u00eet pas en tout cas, et qu&rsquo;elle \u00e9voque avec Louis aux Sauvages. Tandis que Tha\u00efs se demande s&rsquo;ils n&rsquo;ont pas fait une b\u00eatise, le fils de Marc finit par avouer qu&rsquo;elle a toujours \u00e9t\u00e9 plus qu&rsquo;une amie. Finalement, la polici\u00e8re se laisse aller, et accepte d&rsquo;essayer une relation avec Louis. Ils finissent alors par se prendre dans les bras. Seul probl\u00e8me, il va falloir en parler \u00e0 Kira, dont elle apprend \u00e0 Louis le retour \u00e0 Montpellier.<\/p>\n<p>            Un si grand soleil en avance : Laverne provoque un \u00e9boulement, Ludo va-t-il mourir ?<\/p>\n<p>Ludo part alors en exp\u00e9dition, et apr\u00e8s une longue journ\u00e9e de recherche, finit par descendre en rappel dans une grotte. Il y trouve de l&rsquo;eau, mais bient\u00f4t c&rsquo;est l&rsquo;effroi ! Remontant le tuyau cens\u00e9 alimenter les environs, il constate bient\u00f4t que celui-ci est sectionn\u00e9 et, pire, que la source a \u00e9t\u00e9 bouch\u00e9e par du ciment.<\/p>\n<p>Ne se d\u00e9montant pas, il essaie de casser le mur quand il entend un bruit. Il aper\u00e7oit alors Laverne et lui fait part de sa trouvaille. Mais l&rsquo;agriculteur fuit bient\u00f4t, apr\u00e8s avoir provoqu\u00e9 une explosion, et donc l&rsquo;\u00e9boulement de nombreux rochers. Ludo g\u00eet alors sur le sol, inconscient, d\u00e9sormais coinc\u00e9 dans la grotte. Va-t-il s&rsquo;en sortir ?<\/p>\n","protected":false},"excerpt":{"rendered":"Mercredi 15 octobre 2025 dans Un si grand soleil &#8211; dans laquelle Astrid Veillon va bient\u00f4t avoir un&hellip;\n","protected":false},"author":2,"featured_media":463771,"comment_status":"","ping_status":"","sticky":false,"template":"","format":"standard","meta":{"footnotes":""},"categories":[1356],"tags":[244,58,59,1011,27,876,252,1364,9766,26118,26117],"class_list":{"0":"post-463770","1":"post","2":"type-post","3":"status-publish","4":"format-standard","5":"has-post-thumbnail","7":"category-television","8":"tag-commentaire","9":"tag-divertissement","10":"tag-entertainment","11":"tag-fr","12":"tag-france","13":"tag-france-3","14":"tag-television","15":"tag-tv","16":"tag-un-si-grand-soleil","17":"tag-un-si-grand-soleil-ru00e9sumu00e9","18":"tag-un-si-grand-soleil-ru00e9sumu00e9-en-avance"},"share_on_mastodon":{"url":"https:\/\/pubeurope.com\/@fr\/115375681285935009","error":""},"_links":{"self":[{"href":"https:\/\/www.europesays.com\/fr\/wp-json\/wp\/v2\/posts\/463770","targetHints":{"allow":["GET"]}}],"collection":[{"href":"https:\/\/www.europesays.com\/fr\/wp-json\/wp\/v2\/posts"}],"about":[{"href":"https:\/\/www.europesays.com\/fr\/wp-json\/wp\/v2\/types\/post"}],"author":[{"embeddable":true,"href":"https:\/\/www.europesays.com\/fr\/wp-json\/wp\/v2\/users\/2"}],"replies":[{"embeddable":true,"href":"https:\/\/www.europesays.com\/fr\/wp-json\/wp\/v2\/comments?post=463770"}],"version-history":[{"count":0,"href":"https:\/\/www.europesays.com\/fr\/wp-json\/wp\/v2\/posts\/463770\/revisions"}],"wp:featuredmedia":[{"embeddable":true,"href":"https:\/\/www.europesays.com\/fr\/wp-json\/wp\/v2\/media\/463771"}],"wp:attachment":[{"href":"https:\/\/www.europesays.com\/fr\/wp-json\/wp\/v2\/media?parent=463770"}],"wp:term":[{"taxonomy":"category","embeddable":true,"href":"https:\/\/www.europesays.com\/fr\/wp-json\/wp\/v2\/categories?post=463770"},{"taxonomy":"post_tag","embeddable":true,"href":"https:\/\/www.europesays.com\/fr\/wp-json\/wp\/v2\/tags?post=463770"}],"curies":[{"name":"wp","href":"https:\/\/api.w.org\/{rel}","templated":true}]}}