{"id":463780,"date":"2025-10-15T01:56:11","date_gmt":"2025-10-15T01:56:11","guid":{"rendered":"https:\/\/www.europesays.com\/fr\/463780\/"},"modified":"2025-10-15T01:56:11","modified_gmt":"2025-10-15T01:56:11","slug":"pas-de-gaite-de-coeur-laurence-boccolini-quitte-en-mauvais-termes-france-televisions","status":"publish","type":"post","link":"https:\/\/www.europesays.com\/fr\/463780\/","title":{"rendered":"\u00ab\u00a0Pas de ga\u00eet\u00e9 de c\u0153ur\u00a0\u00bb\u2026 Laurence Boccolini quitte en mauvais termes France T\u00e9l\u00e9visions"},"content":{"rendered":"<p>La collaboration entre Laurence Boccolini et <a href=\"https:\/\/www.20minutes.fr\/arts-stars\/television\/4179287-20251014-faute-france-televisions-excuse-apres-confusion-entre-assassinats-dominique-bernard-samuel-paty\" target=\"_blank\" class=\"c-link c-link--is-underlined\" rel=\"noopener\">France T\u00e9l\u00e9visions<\/a> ne se termine pas bien. <a href=\"https:\/\/www.20minutes.fr\/arts-stars\/people\/4161093-20250630-bon-etre-aimee-laurence-boccolini-reagit-eviction-enfants-tele\" target=\"_blank\" class=\"c-link c-link--is-underlined\" rel=\"noopener\">Mise \u00e0 l\u2019\u00e9cart de la pr\u00e9sentation des \u00ab\u00a0Enfants de la t\u00e9l\u00e9\u00a0\u00bb<\/a> sur France 2 depuis la rentr\u00e9e, l\u2019animatrice a annonc\u00e9 mardi son d\u00e9part de France T\u00e9l\u00e9visions, m\u00eame si cela ne l\u2019enchante pas.<\/p>\n<p>\u00ab\u00a0Je prends \u00e0 regret la d\u00e9cision de quitter France TV. Je ne le fais pas de ga\u00eet\u00e9 de c\u0153ur. Mais France TV, dans d\u2019ultimes tractations men\u00e9es avec mon conseil, a eu des exigences que je n\u2019accepte pas\u00a0\u00bb, a-t-elle \u00e9crit dans un message.<\/p>\n<p>Faustine Bollaert aux manettes des \u00ab\u00a0Enfants de la t\u00e9l\u00e9\u00a0\u00bb<\/p>\n<p>\u00ab\u00a0Il n\u2019\u00e9tait pas \u00e0 mes yeux envisageable qu\u2019en contrepartie de la promesse de quelques \u00e9missions en prime time en\u00a02026 compl\u00e9t\u00e9es de l\u2019animation du programme court \u00ab\u00a0Mot de Passe\u00a0\u00bb, je doive consentir l\u2019exclusivit\u00e9 de mes prestations t\u00e9l\u00e9visuelles \u00e0 la cha\u00eene\u00a0\u00bb du groupe public, explique l\u2019animatrice de 62 ans.<\/p>\n<\/p>\n<p><a href=\"https:\/\/www.20minutes.fr\/arts-stars\/television\/4161256-20250701-france-televisions-nom-successeure-laurence-boccolini-enfants-tele-devoile\" target=\"_blank\" class=\"c-link c-link--is-underlined\" rel=\"noopener\">Faustine Bollaert l\u2019a remplac\u00e9e<\/a> aux manettes des \u00ab\u00a0Enfants de la t\u00e9l\u00e9\u00a0\u00bb. Laurence Boccolini avait elle-m\u00eame succ\u00e9d\u00e9 en\u00a02023 \u00e0 Laurent Ruquier \u00e0 la t\u00eate de ce programme relanc\u00e9 par le service public en\u00a02017.<\/p>\n<p>La direction de France T\u00e9l\u00e9visions a d\u00e9clar\u00e9 avoir pris acte de cette d\u00e9cision. \u00ab\u00a0Un tournage avec elle \u00e9tait pr\u00e9vu mercredi avec des candidats venant de toute la France. Nous travaillons \u00e0 trouver une solution\u00a0\u00bb, a-t-elle ajout\u00e9.<\/p>\n<p>Laurence Boccolini donne RDV sur YouTube<\/p>\n<p>L\u2019ancienne animatrice du \u00ab\u00a0Maillon faible\u00a0\u00bb sur TF1 a d\u00e9plor\u00e9 lundi avoir \u00e9t\u00e9 mise devant le fait accompli lors de son \u00e9viction, qui fait qu\u2019elle a perdu \u00ab\u00a0quasi 100\u00a0% de (s)on chiffre d\u2019affaires\u00a0\u00bb. \u00ab\u00a0Je suis en col\u00e8re, je suis mal\u00a0\u00bb, avait-elle d\u00e9clar\u00e9 \u00e0 Jordan De Luxe, dans son \u00e9mission sur YouTube.<\/p>\n<p><a href=\"https:\/\/www.20minutes.fr\/arts-stars\/medias\/\" target=\"_blank\" class=\"c-link c-btn c-btn--primary\" rel=\"noopener\">Notre dossier M\u00e9dias<\/a><\/p>\n<p>Dans son message mardi, elle revendique sa \u00ab\u00a0libert\u00e9 de parole\u00a0\u00bb et d\u00e9nonce une \u00ab\u00a0\u00e9viction brutale et tardive d\u2019une \u00e9mission dans laquelle (elle) \u00e9tablissai(t) pourtant des records d\u2019audience en retrouvant (son) cher public avec bonheur chaque dimanche\u00a0\u00bb. \u00ab\u00a0Une page se tourne. Je vous donne rendez-vous pour le moment sur ma cha\u00eene YouTube\u00a0\u00bb, ajoute-t-elle \u00e0 l\u2019attention des t\u00e9l\u00e9spectateurs.<\/p>\n<p>Le directeur des antennes et des programmes de France T\u00e9l\u00e9visions, St\u00e9phane Sitbon Gomez, avait indiqu\u00e9 lundi au site sp\u00e9cialis\u00e9 Purem\u00e9dias que Laurence Boccolini allait reprendre \u00ab\u00a0Le quiz des champions\u00a0\u00bb. \u00ab\u00a0Nous comptons sur son immense talent d\u2019animatrice de prime time et d\u00e9veloppons beaucoup de projets avec elle, en fiction comme en flux. Je lui ai redit, malgr\u00e9 la d\u00e9cision que j\u2019ai prise et que j\u2019ai assum\u00e9e, tout l\u2019attachement que j\u2019ai pour elle et son travail\u00a0\u00bb, ajoutait-il. C\u2019est d\u00e9sormais du pass\u00e9.<\/p>\n","protected":false},"excerpt":{"rendered":"La collaboration entre Laurence Boccolini et France T\u00e9l\u00e9visions ne se termine pas bien. Mise \u00e0 l\u2019\u00e9cart de la&hellip;\n","protected":false},"author":2,"featured_media":463781,"comment_status":"","ping_status":"","sticky":false,"template":"","format":"standard","meta":{"footnotes":""},"categories":[8],"tags":[58,59,1011,27,2400,500,252,133],"class_list":{"0":"post-463780","1":"post","2":"type-post","3":"status-publish","4":"format-standard","5":"has-post-thumbnail","7":"category-divertissement","8":"tag-divertissement","9":"tag-entertainment","10":"tag-fr","11":"tag-france","12":"tag-france-televisions","13":"tag-medias","14":"tag-television","15":"tag-video"},"share_on_mastodon":{"url":"https:\/\/pubeurope.com\/@fr\/115375700964976259","error":""},"_links":{"self":[{"href":"https:\/\/www.europesays.com\/fr\/wp-json\/wp\/v2\/posts\/463780","targetHints":{"allow":["GET"]}}],"collection":[{"href":"https:\/\/www.europesays.com\/fr\/wp-json\/wp\/v2\/posts"}],"about":[{"href":"https:\/\/www.europesays.com\/fr\/wp-json\/wp\/v2\/types\/post"}],"author":[{"embeddable":true,"href":"https:\/\/www.europesays.com\/fr\/wp-json\/wp\/v2\/users\/2"}],"replies":[{"embeddable":true,"href":"https:\/\/www.europesays.com\/fr\/wp-json\/wp\/v2\/comments?post=463780"}],"version-history":[{"count":0,"href":"https:\/\/www.europesays.com\/fr\/wp-json\/wp\/v2\/posts\/463780\/revisions"}],"wp:featuredmedia":[{"embeddable":true,"href":"https:\/\/www.europesays.com\/fr\/wp-json\/wp\/v2\/media\/463781"}],"wp:attachment":[{"href":"https:\/\/www.europesays.com\/fr\/wp-json\/wp\/v2\/media?parent=463780"}],"wp:term":[{"taxonomy":"category","embeddable":true,"href":"https:\/\/www.europesays.com\/fr\/wp-json\/wp\/v2\/categories?post=463780"},{"taxonomy":"post_tag","embeddable":true,"href":"https:\/\/www.europesays.com\/fr\/wp-json\/wp\/v2\/tags?post=463780"}],"curies":[{"name":"wp","href":"https:\/\/api.w.org\/{rel}","templated":true}]}}