{"id":463784,"date":"2025-10-15T01:58:14","date_gmt":"2025-10-15T01:58:14","guid":{"rendered":"https:\/\/www.europesays.com\/fr\/463784\/"},"modified":"2025-10-15T01:58:14","modified_gmt":"2025-10-15T01:58:14","slug":"trump-conditionne-laide-a-largentine-a-la-survie-politique-de-son-allie-milei-14-10-2025-a-2305","status":"publish","type":"post","link":"https:\/\/www.europesays.com\/fr\/463784\/","title":{"rendered":"Trump conditionne l&rsquo;aide \u00e0 l&rsquo;Argentine \u00e0 la survie politique de son alli\u00e9 Milei &#8211; 14\/10\/2025 \u00e0 23:05"},"content":{"rendered":"<p>        <img fetchpriority=\"high\" decoding=\"async\" src=\"https:\/\/www.europesays.com\/fr\/wp-content\/uploads\/2025\/10\/c8c123b8f6e39ecc9efcaf0bca6800ac-760x507.jpg\" alt=\"Le pr\u00e9sident am\u00e9ricain Donald Trump rec\u00e7oit son homologue argentin Javier Milei le 14 octobre 2025 \u00e0 la Maison Blanche ( AFP \/ ANDREW CABALLERO-REYNOLDS )\" loading=\"eager\" width=\"760\" height=\"507\" style=\"max-width: 100%!important; height: auto;\"\/><\/p>\n<p class=\"c-image-news__legend\">Le pr\u00e9sident am\u00e9ricain Donald Trump rec\u00e7oit son homologue argentin Javier Milei le 14 octobre 2025 \u00e0 la Maison Blanche ( AFP \/ ANDREW CABALLERO-REYNOLDS )<\/p>\n<p>\n \u00ab\u00a0S&rsquo;il ne gagne pas, nous partons\u00a0\u00bb: Donald Trump a menac\u00e9 mardi de couper les vivres \u00e0 l&rsquo;Argentine si son alli\u00e9, le pr\u00e9sident ultralib\u00e9ral Javier Milei, essuyait un revers lors des \u00e9lections l\u00e9gislatives \u00e0 la fin du mois.\n<\/p>\n<p>\n \u00ab\u00a0Je soutiens cet homme parce que sa philosophie est la bonne\u00a0\u00bb, a dit le pr\u00e9sident am\u00e9ricain pendant une visite de son homologue argentin \u00e0 la Maison Blanche.\n<\/p>\n<p>\n \u00ab\u00a0Je pense qu&rsquo;il va gagner\u00a0\u00bb, a encore dit le dirigeant r\u00e9publicain en r\u00e9f\u00e9rence au scrutin du 26 octobre en Argentine, en ass\u00e9nant: \u00ab\u00a0S&rsquo;il gagne nous restons avec lui et s&rsquo;il ne gagne pas, nous partons.\u00a0\u00bb\n<\/p>\n<p>\n \u00ab\u00a0Nos soutiens sont d&rsquo;une certaine mani\u00e8re li\u00e9s \u00e0 qui remporte l&rsquo;\u00e9lection\u00a0\u00bb, a aussi d\u00e9clar\u00e9 le pr\u00e9sident am\u00e9ricain.\n<\/p>\n<p>\n Le message est on ne peut plus clair, alors que les Etats-Unis viennent de donner une bouff\u00e9e d&rsquo;oxyg\u00e8ne \u00e0 la troisi\u00e8me \u00e9conomie d&rsquo;Am\u00e9rique latine, malmen\u00e9e sur les march\u00e9s financiers.\n<\/p>\n<p>\n Le Tr\u00e9sor am\u00e9ricain a annonc\u00e9 jeudi un \u00e9change bilat\u00e9ral de devises, dit \u00ab\u00a0swap\u00a0\u00bb, pour 20 milliards de dollars, et une intervention directe sur le march\u00e9 des changes pour soutenir le peso.\n<\/p>\n<p>\n Pendant une r\u00e9union avec Donald Trump et des membres de son gouvernement, Javier Milei a remerci\u00e9 le ministre des Finances Scott Bessent pour \u00ab\u00a0l&rsquo;immense travail\u00a0\u00bb qu&rsquo;il a effectu\u00e9 afin d&rsquo;aider l&rsquo;Argentine \u00e0 \u00ab\u00a0surmonter un probl\u00e8me de liquidit\u00e9\u00a0\u00bb.\n<\/p>\n<p>\n L&rsquo;annonce am\u00e9ricaine est intervenue alors m\u00eame que les Etats-Unis commencent \u00e0 sentir les effets d&rsquo;une paralysie budg\u00e9taire qui entre dans sa troisi\u00e8me semaine, en raison d&rsquo;un blocage parlementaire qui ne semble pas pr\u00e8s de se d\u00e9nouer.\n<\/p>\n<p> &#8211; Incertitude &#8211;<\/p>\n<p>\n Elle contraste avec la d\u00e9cision du gouvernement Trump de tailler massivement dans l&rsquo;aide internationale au nom de la doctrine \u00ab\u00a0America First\u00a0\u00bb (\u00ab\u00a0l&rsquo;Am\u00e9rique d&rsquo;abord\u00a0\u00bb). Cette approche diplomatique s&rsquo;av\u00e8re toutefois compatible avec le soutien de gouvernements \u00e9trangers jug\u00e9s id\u00e9ologiquement proches de Donald Trump.\n<\/p>\n<p>        <img decoding=\"async\" src=\"https:\/\/www.europesays.com\/fr\/wp-content\/uploads\/2025\/10\/ad9f43960f70be60b93a2abb62b66d11-760x507.jpg\" alt=\"Des billets de 20.000, 10.000 et 2.000 pesos argentins et un billet de 10 dollars am\u00e9ricains, le 11 avril 2025 \u00e0 Buenos Aires ( AFP \/ LUIS ROBAYO )\" loading=\"eager\" width=\"760\" height=\"507\" style=\"max-width: 100%!important; height: auto;\"\/><\/p>\n<p class=\"c-image-news__legend\">Des billets de 20.000, 10.000 et 2.000 pesos argentins et un billet de 10 dollars am\u00e9ricains, le 11 avril 2025 \u00e0 Buenos Aires ( AFP \/ LUIS ROBAYO )<\/p>\n<p>\n Le soutien am\u00e9ricain intervient \u00e0 un moment critique pour le dirigeant argentin. Le 26 octobre, il fera face \u00e0 des \u00e9lections l\u00e9gislatives de mi-mandat ind\u00e9cises, qui vont d\u00e9terminer sa marge de man\u0153uvre parlementaire et sa capacit\u00e9 \u00e0 gouverner pour ses deux ans restants de pr\u00e9sidence.\n<\/p>\n<p>\n L&rsquo;incertitude li\u00e9e au scrutin &#8211; et au maintien ou non du cap d&rsquo;aust\u00e9rit\u00e9 de Javier Milei &#8211; avait mis l&rsquo;\u00e9conomie argentine \u00e0 la merci de turbulences financi\u00e8res ces derni\u00e8res semaines.\n<\/p>\n<p>\n \u00ab\u00a0Les Etats-Unis ont per\u00e7u cette attaque contre l&rsquo;Argentine, contre les id\u00e9es de libert\u00e9, contre un alli\u00e9 strat\u00e9gique, et c&rsquo;est pourquoi ils nous ont apport\u00e9 leur soutien\u00a0\u00bb, a estim\u00e9 M. Milei lundi.\n<\/p>\n<p>\n Cette aide am\u00e9ricaine sert \u00e0 \u00ab\u00a0surmonter ce probl\u00e8me de liquidit\u00e9s que conna\u00eet l&rsquo;Argentine \u00e0 la suite d&rsquo;attaques politiques par nos opposants, qui ne veulent pas que l&rsquo;Argentine embrasse \u00e0 nouveau les id\u00e9es de la libert\u00e9\u00a0\u00bb, a-t-il d\u00e9clar\u00e9 mardi \u00e0 la Maison Blanche.\n<\/p>\n<p> &#8211; Rapprochement avec l&rsquo;Am\u00e9rique latine &#8211;<\/p>\n<p>        <img decoding=\"async\" src=\"https:\/\/www.europesays.com\/fr\/wp-content\/uploads\/2025\/10\/b966b792b384033394a0f1398b055aa2-760x507.jpg\" alt=\"Des conteneurs au port de Buenos Aires, le 9 septembre 2025 en Argentine ( AFP \/ Luis ROBAYO )\" loading=\"eager\" width=\"760\" height=\"507\" style=\"max-width: 100%!important; height: auto;\"\/><\/p>\n<p class=\"c-image-news__legend\">Des conteneurs au port de Buenos Aires, le 9 septembre 2025 en Argentine ( AFP \/ Luis ROBAYO )<\/p>\n<p>\n Pour l&rsquo;\u00e9conomiste et ancien pr\u00e9sident de la Banque centrale Martin Redrado, l&rsquo;aide am\u00e9ricaine correspond \u00e0 \u00ab\u00a0une assistance financi\u00e8re, une nouvelle passerelle\u00a0\u00bb, venant apr\u00e8s l&rsquo;aide du FMI en avril (pr\u00eat de 20 milliards).\n<\/p>\n<p>\n \u00ab\u00a0Mais l&rsquo;Argentine ne peut pas aller de passerelle en passerelle\u00a0\u00bb, estime-t-il, d&rsquo;o\u00f9 l&rsquo;importance, apr\u00e8s l&rsquo;\u00e9lection, \u00ab\u00a0d&rsquo;armer un programme l\u00e9gislatif s&rsquo;attaquant aux probl\u00e8mes de production et d&#8217;emploi\u00a0\u00bb, dans un pays \u00e0 plus de 40% d&#8217;emploi informel, et o\u00f9 le formel ne croit plus depuis 2011.\n<\/p>\n<p>\n Au-del\u00e0 de l&rsquo;Argentine, le pr\u00e9sident am\u00e9ricain s&rsquo;est f\u00e9licit\u00e9 de voir un certain nombre de pays d\u2019Am\u00e9rique latine se rapprocher des Etats-Unis.\n<\/p>\n<p>\n \u00ab\u00a0Il y a tellement de pays qui viennent vers nous\u00a0\u00bb, s&rsquo;est-il r\u00e9joui.\n<\/p>\n<p>\n Le chef de la diplomatie am\u00e9ricaine Marco Rubio a abond\u00e9 dans son sens, en parlant de \u00ab\u00a08 ou 9, 10 pays, l&rsquo;Argentine en t\u00eate, qui se sont align\u00e9s sur les Etats-Unis sur un sujet apr\u00e8s l&rsquo;autre lors d&rsquo;\u00e9v\u00e9nements internationaux\u00a0\u00bb. Il a mentionn\u00e9 sp\u00e9cifiquement le Costa Rica et le Salvador.\n<\/p>\n<p>\n Le ministre, qui participait \u00e0 la r\u00e9union avec le pr\u00e9sident argentin, a jug\u00e9 que \u00ab\u00a0l&rsquo;une des \u00e9volutions les plus prometteuses\u00a0\u00bb selon lui \u00e9tait la tenue dimanche d&rsquo;une \u00e9lection pr\u00e9sidentielle en Bolivie. Elle verra s&rsquo;affronter deux candidats de droite, apr\u00e8s 20 ans de gouvernements de gauche dans le pays.\n<\/p>\n<p>\n Javier Milei a de son c\u00f4t\u00e9 \u00ab\u00a0f\u00e9licit\u00e9 (Donald Trump) d&rsquo;avoir compris la menace que repr\u00e9sente le socialisme au XXI\u00e8me si\u00e8cle, dans le monde entier et pariculi\u00e8rement en Am\u00e9rique latine\u00a0\u00bb.<\/p>\n","protected":false},"excerpt":{"rendered":"Le pr\u00e9sident am\u00e9ricain Donald Trump rec\u00e7oit son homologue argentin Javier Milei le 14 octobre 2025 \u00e0 la Maison&hellip;\n","protected":false},"author":2,"featured_media":463785,"comment_status":"","ping_status":"","sticky":false,"template":"","format":"standard","meta":{"footnotes":""},"categories":[6],"tags":[400,398,408,35,405,33,34,1011,27,403,402,399,404,401,406,407],"class_list":{"0":"post-463784","1":"post","2":"type-post","3":"status-publish","4":"format-standard","5":"has-post-thumbnail","7":"category-economie","8":"tag-action-cac-40","9":"tag-bourse-de-paris","10":"tag-boursorama","11":"tag-business","12":"tag-cotations","13":"tag-economie","14":"tag-economy","15":"tag-fr","16":"tag-france","17":"tag-indices-devises","18":"tag-investir","19":"tag-investissement","20":"tag-marche-boursier","21":"tag-sicav","22":"tag-trackers","23":"tag-warrants"},"share_on_mastodon":{"url":"https:\/\/pubeurope.com\/@fr\/115375710125913661","error":""},"_links":{"self":[{"href":"https:\/\/www.europesays.com\/fr\/wp-json\/wp\/v2\/posts\/463784","targetHints":{"allow":["GET"]}}],"collection":[{"href":"https:\/\/www.europesays.com\/fr\/wp-json\/wp\/v2\/posts"}],"about":[{"href":"https:\/\/www.europesays.com\/fr\/wp-json\/wp\/v2\/types\/post"}],"author":[{"embeddable":true,"href":"https:\/\/www.europesays.com\/fr\/wp-json\/wp\/v2\/users\/2"}],"replies":[{"embeddable":true,"href":"https:\/\/www.europesays.com\/fr\/wp-json\/wp\/v2\/comments?post=463784"}],"version-history":[{"count":0,"href":"https:\/\/www.europesays.com\/fr\/wp-json\/wp\/v2\/posts\/463784\/revisions"}],"wp:featuredmedia":[{"embeddable":true,"href":"https:\/\/www.europesays.com\/fr\/wp-json\/wp\/v2\/media\/463785"}],"wp:attachment":[{"href":"https:\/\/www.europesays.com\/fr\/wp-json\/wp\/v2\/media?parent=463784"}],"wp:term":[{"taxonomy":"category","embeddable":true,"href":"https:\/\/www.europesays.com\/fr\/wp-json\/wp\/v2\/categories?post=463784"},{"taxonomy":"post_tag","embeddable":true,"href":"https:\/\/www.europesays.com\/fr\/wp-json\/wp\/v2\/tags?post=463784"}],"curies":[{"name":"wp","href":"https:\/\/api.w.org\/{rel}","templated":true}]}}