{"id":463790,"date":"2025-10-15T02:01:17","date_gmt":"2025-10-15T02:01:17","guid":{"rendered":"https:\/\/www.europesays.com\/fr\/463790\/"},"modified":"2025-10-15T02:01:17","modified_gmt":"2025-10-15T02:01:17","slug":"au-proces-jubillar-la-lettre-poignante-du-fils-du-couple-louis-11-ans","status":"publish","type":"post","link":"https:\/\/www.europesays.com\/fr\/463790\/","title":{"rendered":"au proc\u00e8s Jubillar, la lettre poignante du fils du couple, Louis, 11 ans"},"content":{"rendered":"<p class=\"article-p mdl\">C\u2019est la derni\u00e8re semaine du proc\u00e8s de C\u00e9dric Jubillar. Lundi 13 octobre, une lettre de Louis, 11 ans, a \u00e9t\u00e9 lue devant la cour d\u2019assises du Tarn. Avec ses mots d\u2019enfant, il a d\u00e9crit la <strong>maltraitance de son p\u00e8re envers lui.<\/strong> C\u00e9dric Jubillar, qu\u2019il n\u2019appelle plus \u00ab\u00a0papa\u00a0\u00bb, a \u00e9t\u00e9 mis face \u00e0 ces mots. Celui dont il a le pr\u00e9nom tatou\u00e9 dans le cou a \u00e9crit deux pages au stylo : <strong>\u00ab\u00a0C\u00e9dric me faisait me mettre \u00e0 genoux sur des Lego<\/strong>, me faisait <strong>baisser mon pantalon pour des fess\u00e9es<\/strong> quand je faisais une b\u00eatise.\u00a0\u00bb\u2028Impassible face \u00e0 cette lecture,\u00a0<a class=\"link\" href=\"https:\/\/www.rtl.fr\/actu\/justice-faits-divers\/proces-jubillar-apres-l-interrogatoire-de-l-accuse-sur-la-nuit-de-la-disparition-le-mystere-reste-entier-7900552616\" title=\"Proc\u00e8s Jubillar : apr\u00e8s l\u2019interrogatoire de l\u2019accus\u00e9 sur la nuit de la disparition, le myst\u00e8re reste entier\" rel=\"nofollow noopener\" target=\"_blank\">C\u00e9dric Jubillar<\/a>\u00a0a \u00e9cout\u00e9 les mots de son fils qui a aussi d\u00e9crit des insultes : \u00ab\u00a0C\u00e9dric m\u2019insultait beaucoup de petit ou gros con. <strong>Il me demandait de ne pas le dire \u00e0 maman.\u00a0\u00bb<\/strong><\/p>\n<p class=\"article-p mdl\">Alors qu\u2019il n\u2019\u00e9tait \u00e2g\u00e9 que de 6 ans, Louis se souvient du soir de la disparition de sa m\u00e8re en 2020. \u00ab\u00a0C\u00e9dric est sorti de sa chambre pour rejoindre maman, <strong>ils se sont disput\u00e9s\u00a0\u00bb<\/strong>, raconte le petit gar\u00e7on. \u00ab\u00a0J\u2019ai jet\u00e9 un Lego par terre pour qu\u2019ils s\u2019arr\u00eatent\u00a0\u00bb, mais il a \u00e9t\u00e9 remis au lit par son p\u00e8re. <strong>\u00ab\u00a0J\u2019ai fait semblant de dormir, et puis je me suis endormi\u00a0\u00bb<\/strong>, conclut l\u2019enfant.\u2028\u00c0 la fin de cette lecture poignante, la pr\u00e9sidente de la cour d\u2019assises a demand\u00e9 \u00e0 C\u00e9dric Jubillar ce qu\u2019il en pensait. \u00ab\u00a0Que c\u2019est triste\u00a0\u00bb, a-t-il r\u00e9pondu. <\/p>\n<p class=\"article-p mdl\">Ce n\u2019est pas la premi\u00e8re fois que\u00a0<a class=\"link\" href=\"https:\/\/www.rtl.fr\/actu\/politique\/affaire-jubillar-que-peut-apporter-le-temoignage-de-louis-le-fils-de-delphine-jubillar-7900162267\" title=\"Affaire Jubillar : que peut apporter le t\u00e9moignage de Louis, le fils de Delphine Jubillar ?\" rel=\"nofollow noopener\" target=\"_blank\">ces actes de maltraitance<\/a>\u00a0sont abord\u00e9s dans le proc\u00e8s et C\u00e9dric Jubillar les a toujours ni\u00e9s, affirmant que \u00ab\u00a0c\u2019est ce qu\u2019on lui souffle depuis des ann\u00e9es, <strong>ce n\u2019est pas la v\u00e9rit\u00e9\u00a0\u00bb.<\/strong><br \/><strong\/><br \/>Il ne reste que quelques jours de proc\u00e8s avant la d\u00e9lib\u00e9ration et C\u00e9dric Jubillar nie toujours \u00eatre le meurtrier de Delphine. Les plaidoiries des parties civiles d\u00e9butent ce mardi 14 octobre.<\/p>\n<p>    La r\u00e9daction vous recommande<\/p>\n<p class=\"s-newsletter__title\">\n                L\u2019actualit\u00e9 par la r\u00e9daction de RTL dans votre bo\u00eete mail.\n            <\/p>\n<p class=\"s-newsletter__subtitle\">\n                Gr\u00e2ce \u00e0 votre compte RTL abonnez-vous \u00e0 la newsletter RTL info pour suivre toute l&rsquo;actualit\u00e9 au quotidien\n            <\/p>\n<p>\n                                    Lire la suite\n                                <\/p>\n","protected":false},"excerpt":{"rendered":"C\u2019est la derni\u00e8re semaine du proc\u00e8s de C\u00e9dric Jubillar. Lundi 13 octobre, une lettre de Louis, 11 ans,&hellip;\n","protected":false},"author":2,"featured_media":463791,"comment_status":"","ping_status":"","sticky":false,"template":"","format":"standard","meta":{"footnotes":""},"categories":[2],"tags":[11,33044,1719,118,107,1011,27,303,1249,19232,28152,12,362,8412],"class_list":{"0":"post-463790","1":"post","2":"type-post","3":"status-publish","4":"format-standard","5":"has-post-thumbnail","7":"category-actualites","8":"tag-actualites","9":"tag-affaire-jubillar","10":"tag-enfants","11":"tag-faits-divers","12":"tag-fil-info","13":"tag-fr","14":"tag-france","15":"tag-justice","16":"tag-justice-francaise","17":"tag-maltraitance","18":"tag-meurtres","19":"tag-news","20":"tag-replay","21":"tag-tarn"},"share_on_mastodon":{"url":"https:\/\/pubeurope.com\/@fr\/115375720527078053","error":""},"_links":{"self":[{"href":"https:\/\/www.europesays.com\/fr\/wp-json\/wp\/v2\/posts\/463790","targetHints":{"allow":["GET"]}}],"collection":[{"href":"https:\/\/www.europesays.com\/fr\/wp-json\/wp\/v2\/posts"}],"about":[{"href":"https:\/\/www.europesays.com\/fr\/wp-json\/wp\/v2\/types\/post"}],"author":[{"embeddable":true,"href":"https:\/\/www.europesays.com\/fr\/wp-json\/wp\/v2\/users\/2"}],"replies":[{"embeddable":true,"href":"https:\/\/www.europesays.com\/fr\/wp-json\/wp\/v2\/comments?post=463790"}],"version-history":[{"count":0,"href":"https:\/\/www.europesays.com\/fr\/wp-json\/wp\/v2\/posts\/463790\/revisions"}],"wp:featuredmedia":[{"embeddable":true,"href":"https:\/\/www.europesays.com\/fr\/wp-json\/wp\/v2\/media\/463791"}],"wp:attachment":[{"href":"https:\/\/www.europesays.com\/fr\/wp-json\/wp\/v2\/media?parent=463790"}],"wp:term":[{"taxonomy":"category","embeddable":true,"href":"https:\/\/www.europesays.com\/fr\/wp-json\/wp\/v2\/categories?post=463790"},{"taxonomy":"post_tag","embeddable":true,"href":"https:\/\/www.europesays.com\/fr\/wp-json\/wp\/v2\/tags?post=463790"}],"curies":[{"name":"wp","href":"https:\/\/api.w.org\/{rel}","templated":true}]}}