{"id":463800,"date":"2025-10-15T02:08:47","date_gmt":"2025-10-15T02:08:47","guid":{"rendered":"https:\/\/www.europesays.com\/fr\/463800\/"},"modified":"2025-10-15T02:08:47","modified_gmt":"2025-10-15T02:08:47","slug":"plus-fort-que-toulon-clermont-enchaine-a-domicile","status":"publish","type":"post","link":"https:\/\/www.europesays.com\/fr\/463800\/","title":{"rendered":"plus fort que Toulon, Clermont encha\u00eene \u00e0 domicile"},"content":{"rendered":"<p>\n    L\u2019ASM a pris le meilleur sur le RCT, ce samedi, lors de la 6e journ\u00e9e au stade Marcel-Michelin.<\/p>\n<p class=\"fig-paragraph\">L\u2019ASM confirme. Apr\u00e8s avoir \u00e9parpill\u00e9 Montauban (84-31),\u00a0<a href=\"https:\/\/www.lefigaro.fr\/sports\/rugby\/live\/top-14\/2026\/947959\/clermont-toulon\" data-fig-type=\"Live\" data-gtm-custom-categorie=\"navigation\" data-gtm-custom-action=\"crossclick\" data-gtm-custom-label=\"Contextuel\" data-gtm-event=\"customEventSPE\" data-fig-domain=\"LEFIGARO\" target=\"_blank\" rel=\"noopener\">Clermont a encha\u00een\u00e9 un deuxi\u00e8me succ\u00e8s \u00e0 domicile contre Toulon (27-10)\u00a0<\/a>samedi dans son stade Marcel-Michelin pour le compte de la 6e journ\u00e9e du Top 14, mais peut regretter de ne pas avoir pris le bonus offensif.<\/p>\n<p class=\"fig-paragraph\">Gr\u00e2ce \u00e0 ce troisi\u00e8me succ\u00e8s de la saison, Clermont remonte \u00e0 la septi\u00e8me place, avec quatorze points, \u00e0 \u00e9galit\u00e9 avec son adversaire du soir, Toulon, mais \u00e9galement Pau, Bordeaux et Toulouse, ces deux derniers s\u2019affrontant dimanche soir sur le terrain du champion de France. Dominateurs toute la partie, les Clermontois peuvent regretter de ne pas avoir bonifi\u00e9 leur victoire.<\/p>\n<p>                                    <a class=\"fig-a11y-skip a11y-hidden\" href=\"#fig-a11y-skip-main-inarticle\"><br \/>\n        Passer la publicit\u00e9<br \/>\n    <\/a><\/p>\n<p>Premi\u00e8re mi-temps \u00e0 sens unique<\/p>\n<p class=\"fig-paragraph\">Ils ont pourtant eu les occasions en fin de match mais ont manqu\u00e9 de ma\u00eetrise, entre un maul contr\u00e9 par les Varois (66e), un lancer perdu en touche (74e), et deux en-avants (75e, 80e), le dernier \u00e0 deux m\u00e8tres de la ligne. Solide en conqu\u00eate, Clermont a vite pris le contr\u00f4le du ballon et du terrain.<\/p>\n<p class=\"fig-paragraph\">Les Auvergnats ont \u00e9t\u00e9 r\u00e9compens\u00e9s par un essai de p\u00e9nalit\u00e9 (17e), sur un maul stopp\u00e9 irr\u00e9guli\u00e8rement par les visiteurs, et un autre de l\u2019Australien Alex Newsome (30e), replac\u00e9 au centre apr\u00e8s plusieurs saisons essentiellement \u00e0 l\u2019arri\u00e8re.<\/p>\n<p class=\"fig-paragraph\">L\u2019ouvreur n\u00e9o-z\u00e9landais, Harry Plummer a ajout\u00e9 deux p\u00e9nalit\u00e9s (11e, 37e) pour donner un joli matelas \u00e0 son \u00e9quipe \u00e0 la pause (20-3), avant de sortir touch\u00e9 aux c\u00f4tes en deuxi\u00e8me p\u00e9riode.<\/p>\n<p>Le RCT trop indisciplin\u00e9<\/p>\n<p class=\"fig-paragraph\">En double sup\u00e9riorit\u00e9 num\u00e9rique, Clermont a tu\u00e9 tout suspense au retour des vestiaires sur un doubl\u00e9 de Newsome (27-3, 48e). L\u2019Australien a marqu\u00e9 en contre apr\u00e8s une touche perdue par Toulon dans les vingt-deux m\u00e8tres adverses.<\/p>\n<p class=\"fig-paragraph\">En d\u00e9but de rencontre, les Toulonnais ont pens\u00e9 avoir pris le score en d\u00e9but de match en marquant un essai en contre par l\u2019ailier, Mathis Fert\u00e9 (16e), mais il a \u00e9t\u00e9 justement refus\u00e9 par l\u2019arbitre, pour une faute pr\u00e9alable dans un contre-ruck. Les visiteurs se sont ensuite montr\u00e9s peu dangereux en raison de leur indiscipline (trois cartons jaunes conc\u00e9d\u00e9s) et d\u2019une conqu\u00eate trop instable.<\/p>\n<p>                                    <a class=\"fig-a11y-skip a11y-hidden\" href=\"#fig-a11y-skip-main-inarticle_mtf\"><br \/>\n        Passer la publicit\u00e9<br \/>\n    <\/a><\/p>\n<p class=\"fig-paragraph\">Seule une p\u00e9nalit\u00e9 lointaine de l\u2019arri\u00e8re Melvyn Jaminet (28e), et un essai en force du troisi\u00e8me ligne international anglais Zack Mercer (56e), qui a priv\u00e9 Clermont du bonus offensif, sont venus meubler le tableau d\u2019affichage toulonnais. Trop peu pour esp\u00e9rer mieux.<\/p>\n","protected":false},"excerpt":{"rendered":"L\u2019ASM a pris le meilleur sur le RCT, ce samedi, lors de la 6e journ\u00e9e au stade Marcel-Michelin.&hellip;\n","protected":false},"author":2,"featured_media":463801,"comment_status":"","ping_status":"","sticky":false,"template":"","format":"standard","meta":{"footnotes":""},"categories":[9619],"tags":[1111,11,10980,1777,674,1011,27,12,882,8177,25,2310],"class_list":{"0":"post-463800","1":"post","2":"type-post","3":"status-publish","4":"format-standard","5":"has-post-thumbnail","7":"category-toulon","8":"tag-actu","9":"tag-actualites","10":"tag-asm-clermont-auvergne","11":"tag-eu","12":"tag-europe","13":"tag-fr","14":"tag-france","15":"tag-news","16":"tag-provence-alpes-cote-dazur","17":"tag-rc-toulon","18":"tag-republique-francaise","19":"tag-toulon"},"share_on_mastodon":{"url":"https:\/\/pubeurope.com\/@fr\/115375752071461524","error":""},"_links":{"self":[{"href":"https:\/\/www.europesays.com\/fr\/wp-json\/wp\/v2\/posts\/463800","targetHints":{"allow":["GET"]}}],"collection":[{"href":"https:\/\/www.europesays.com\/fr\/wp-json\/wp\/v2\/posts"}],"about":[{"href":"https:\/\/www.europesays.com\/fr\/wp-json\/wp\/v2\/types\/post"}],"author":[{"embeddable":true,"href":"https:\/\/www.europesays.com\/fr\/wp-json\/wp\/v2\/users\/2"}],"replies":[{"embeddable":true,"href":"https:\/\/www.europesays.com\/fr\/wp-json\/wp\/v2\/comments?post=463800"}],"version-history":[{"count":0,"href":"https:\/\/www.europesays.com\/fr\/wp-json\/wp\/v2\/posts\/463800\/revisions"}],"wp:featuredmedia":[{"embeddable":true,"href":"https:\/\/www.europesays.com\/fr\/wp-json\/wp\/v2\/media\/463801"}],"wp:attachment":[{"href":"https:\/\/www.europesays.com\/fr\/wp-json\/wp\/v2\/media?parent=463800"}],"wp:term":[{"taxonomy":"category","embeddable":true,"href":"https:\/\/www.europesays.com\/fr\/wp-json\/wp\/v2\/categories?post=463800"},{"taxonomy":"post_tag","embeddable":true,"href":"https:\/\/www.europesays.com\/fr\/wp-json\/wp\/v2\/tags?post=463800"}],"curies":[{"name":"wp","href":"https:\/\/api.w.org\/{rel}","templated":true}]}}