{"id":463813,"date":"2025-10-15T02:19:51","date_gmt":"2025-10-15T02:19:51","guid":{"rendered":"https:\/\/www.europesays.com\/fr\/463813\/"},"modified":"2025-10-15T02:19:51","modified_gmt":"2025-10-15T02:19:51","slug":"15-evenements-pour-vibrer-en-octobre-avant-halloween","status":"publish","type":"post","link":"https:\/\/www.europesays.com\/fr\/463813\/","title":{"rendered":"15 \u00e9v\u00e9nements pour vibrer en octobre avant Halloween"},"content":{"rendered":"<p><b>Retour du soleil, changement d\u2019heure et histoires qui font peur : la fin de ce mois d\u2019octobre r\u00e9serve quelques surprises : festivals de th\u00e9\u00e2tre, de cin\u00e9 ou Mondial d\u2019impro, concerts de groupes locaux, stand-up, gros rap et murder party. Si on te garde Halloween pour un prochain agenda, reste tout de m\u00eame par l\u00e0 : \u00e7a va d\u00e9coiffer \u00e0 Strasbourg, ces prochains jours !<\/b><\/p>\n<p>La musique et la teuf<\/p>\n<p>La Kulture rouvre son club<\/p>\n<p>On commence cette s\u00e9lec\u2019 avec une bonne nouvelle. Si <a href=\"https:\/\/pokaa.fr\/2024\/07\/15\/apres-9-ans-la-kulture-ferme-ses-portes-cest-le-strasbourg-de-la-nuit-qui-perd-une-pote\/\" target=\"_blank\" rel=\"noopener\">nous t\u2019annoncions sa fermeture en juillet 2024 apr\u00e8s neuf ann\u00e9es d\u2019activit\u00e9<\/a>, <b>la Kulture revient animer la Krutenau<\/b>. <b>Nouvelle \u00e9quipe, nouvelle DA<\/b>, mais les m\u00eames murs et l\u2019envie de nous faire danser, encore et toujours.<\/p>\n<p>Apr\u00e8s quelques mois de travaux, <b>elle a inaugur\u00e9 le 11 octobre son club en sous-sol <\/b>\u2013 le <b>Plastic Motel<\/b> \u2013 qui annonce d\u00e9j\u00e0 des soir\u00e9es d\u00e8s ce week-end. D\u2019abord avec James Djinn (house, disco bass) le jeudi 16, le jeune collectif strasbourgeois Clockwise (dubtechno, dubstep) le lendemain, et les DJ Linksilver et Mavka samedi 18.<\/p>\n<p align=\"CENTER\"><b>Quand et o\u00f9\u00a0?<br \/><\/b>Depuis le 11 octobre<br \/>\u00c0 la Kutlure<br \/><a href=\"https:\/\/www.instagram.com\/lakulture.v2\/\" target=\"_blank\" rel=\"noopener\">+ d\u2019infos<\/a><\/p>\n<p>    <img width=\"800\" height=\"602\" src=\"https:\/\/www.europesays.com\/fr\/wp-content\/uploads\/2025\/10\/la-kulture-fanny-soriano1-800x602.jpg\" class=\"attachment-image-size-L size-image-size-L\" alt=\"La Kulture\" decoding=\"async\" loading=\"lazy\"  \/>         La Kulture. \u00a9 Fanny Soriano \/ Pokaa <\/p>\n<p>We.ar au Moul&rsquo;1 \u00e0 Duppigheim<\/p>\n<p>Autre salle, autre ambiance\u00a0: <b>demain \u00e0 Duppigheim<\/b>, c\u2019est un voyage vers les \u00eeles que nous promet <b>le Moul\u20191<\/b>. <b>Le jeudi 16 octobre, immersion dans la culture cr\u00e9ole<\/b>, avec un \u00ab\u00a0show grandiose\u00a0\u00bb. Dans les assiettes\u00a0: un menu mauricien, et une d\u00e9gustation de rhum (avec Arrange des \u00eeles).<\/p>\n<p>Pour le show : <b>Mariah Appavoo au chant<\/b>, et 10 danseuses du collectif <b>Mistral Est<\/b>. Et pour chalouper\u00a0? Des sets <b>dancehall, shatta, bouyon, s\u00e9ga, zouk, kompa, soca<\/b> avec les DJ Kreow, Bad Sam, Forb.<\/p>\n<p align=\"CENTER\"><b>Quand et o\u00f9\u00a0?<br \/><\/b>Jeudi 16 octobre \u00e0 19h<br \/>Au Moul\u20191 \u00e0 Duppigheim<br \/><a href=\"https:\/\/fb.me\/e\/63BVFM9a2\" target=\"_blank\" rel=\"noopener\">L\u2019\u00e9v\u00e9nement Facebook<\/a><\/p>\n<p>                <img width=\"500\" height=\"500\" src=\"https:\/\/www.europesays.com\/fr\/wp-content\/uploads\/2025\/10\/le-moul1img-0041-500x500.jpg\" class=\"attachment-gallery size-gallery\" alt=\"Le Moul\u20191IMG_0041\" data-full-url=\"https:\/\/pokaa.fr\/wp-content\/uploads\/2025\/03\/21\/le-moul1img-0041.jpg\" decoding=\"async\" loading=\"lazy\"  \/>            <\/p>\n<p>                <img width=\"749\" height=\"500\" src=\"https:\/\/www.europesays.com\/fr\/wp-content\/uploads\/2025\/06\/s0nho-749x500.jpeg\" class=\"attachment-gallery size-gallery\" alt=\"Le Moul\u20191 restaurant\" data-full-url=\"https:\/\/pokaa.fr\/wp-content\/uploads\/2024\/09\/25\/s0nho-1500x1001.jpeg\" decoding=\"async\" loading=\"lazy\"  \/>            <\/p>\n<p>                <img width=\"334\" height=\"500\" src=\"https:\/\/www.europesays.com\/fr\/wp-content\/uploads\/2025\/10\/qfnps-334x500.jpeg\" class=\"attachment-gallery size-gallery\" alt=\"Le Moul\u20191 restaurant\" data-full-url=\"https:\/\/pokaa.fr\/wp-content\/uploads\/2024\/09\/25\/qfnps.jpeg\" decoding=\"async\" loading=\"lazy\"  \/>            <\/p>\n<p>                <img width=\"500\" height=\"500\" src=\"https:\/\/www.europesays.com\/fr\/wp-content\/uploads\/2025\/07\/le-moul1img-0043-500x500.jpg\" class=\"attachment-gallery size-gallery\" alt=\"Le Moul\u20191IMG_0043\" data-full-url=\"https:\/\/pokaa.fr\/wp-content\/uploads\/2025\/03\/21\/le-moul1img-0043.jpg\" decoding=\"async\" loading=\"lazy\"  \/>            <\/p>\n<p>                    \u00a9 Moul&rsquo;1 \/ Documents remis <\/p>\n<p>Festival \u00ab\u00a0Sc\u00e8nes d&rsquo;ici\u00a0\u00bb de la Laiterie \u00e0 la P\u00e9niche M\u00e9canique<\/p>\n<p>Si la Laiterie rouvrira bient\u00f4t ses portes, elle s\u2019associe une nouvelle fois avec la P\u00e9niche M\u00e9canique pour le <b>festival Sc\u00e8nes d\u2019ici<\/b>, qui \u00ab\u00a0c\u00e9l\u00e8bre la richesse de la sc\u00e8ne musicale alsacienne\u00a0\u00bb. <b>Vendredi 17 et samedi 18 octobre<\/b>, s\u2019y succ\u00e9deront plusieurs groupes et artistes, en deux soir\u00e9es th\u00e9matiques.<\/p>\n<p>Le vendredi, apr\u00e8s un <b>ap\u00e9ro d\u00e9di\u00e9 \u00e0 la sc\u00e8ne locale<\/b>, elles nous feront <b>\u00ab\u00a0plonger dans un voyage pop ind\u00e9, chillwave et funk\u00a0\u00bb<\/b> avec des concerts d\u2019<b>Aoraki<\/b> et d\u2019<b>Almost Rose<\/b>, avant d\u2019encha\u00eener avec la carte blanche du label strasbourgeois<b> Ordinaire Records<\/b>. Le trio Rony, Big Freak et El Kazed, inviteront ainsi aux platines les DJ <b>Thelau<\/b> et <b>Nomis<\/b>.<\/p>\n<p>Le samedi, changement de style. Apr\u00e8s un <b>\u00ab\u00a0Causons Musique\u00a0\u00bb gratuit<\/b>, qui s\u2019interrogera sur <b>\u00ab\u00a0quelle \u00e9lectro fait danser Strasbourg\u00a0?\u00a0\u00bb<\/b>, trois lives \u00e9lectro \u00e0 l\u2019affiche, en compagnie de <b>Fancy Dolcy<\/b>, <b>Sh\u00f4nagon<\/b> et <b>Lasen Banger<\/b>. Avant de \u00ab\u00a0glisser [\u2026] du c\u00f4t\u00e9 club\u00a0\u00bb avec une carte blanche confi\u00e9e cette fois au collectif <b>BLINKD<\/b>.<\/p>\n<p align=\"CENTER\"><b>Quand et o\u00f9\u00a0?<br \/><\/b>Vendredi 17 et samedi 18 octobre \u00e0 20h<br \/>\u00c0 la P\u00e9niche M\u00e9canique<br \/>Les \u00e9v\u00e9nements Facebook (<a href=\"https:\/\/fb.me\/e\/887WnxqZb\" target=\"_blank\" rel=\"noopener\">vendredi<\/a> et <a href=\"https:\/\/fb.me\/e\/3oHPAcrNM\" target=\"_blank\" rel=\"noopener\">samedi<\/a>)<\/p>\n<p>    <img width=\"452\" height=\"600\" src=\"https:\/\/www.europesays.com\/fr\/wp-content\/uploads\/2025\/10\/peniche-mecanique-fanny-soriano-452x600.jpg\" class=\"attachment-image-size-M size-image-size-M\" alt=\"P\u00e9niche M\u00e9canique\" decoding=\"async\" loading=\"lazy\"  \/>         La P\u00e9niche M\u00e9canique. \u00a9 Fanny Soriano \/ Pokaa <\/p>\n<p>Colt \u00e0 la Maison Bleue<\/p>\n<p>Le duo fait des \u00e9mules depuis plus de cinq ans et apr\u00e8s d\u00e9j\u00e0 deux EP et quelques singles (Insomnies, Reboot), les deux Belges de <b>Colt<\/b> arrivent sur Strasbourg avec leur <b>premier album\u00a0: <\/b><b>Saveur C\u0153ur Ab\u00eem\u00e9<\/b>, \u00ab\u00a0un brasier d\u2019\u00e9motions\u00a0\u00bb sorti en juin.<\/p>\n<p>Le <b>jeudi 23 octobre<\/b>, c\u2019est la sc\u00e8ne de la <b>Maison Bleue <\/b>que le duo enflammera !<\/p>\n<p align=\"CENTER\"><b>Quand et o\u00f9\u00a0?<br \/><\/b>Jeudi 23 octobre \u00e0 20h<br \/>\u00c0 la Maison Bleue<br \/><a href=\"https:\/\/fb.me\/e\/6PepbxaRX\" target=\"_blank\" rel=\"noopener\">L\u2019\u00e9v\u00e9nement Facebook<\/a><\/p>\n<\/p>\n<p>Les October Tone Parties \u2013 6e \u00e9dition au Karmen Camina<\/p>\n<p>\u00ab\u00a0D\u00e9fend[ant]<b> une pop d\u00e9viante<\/b>, des beats d\u00e9g\u00e9n\u00e9r\u00e9s, un rock audacieux et des ambiances envo\u00fbtantes\u00a0\u00bb, le <b>label strasbourgeois October Tone <\/b>revient secouer ton mois d\u2019octobre avec ses <b>October Tone Parties <\/b>\u2013<b> <\/b>ou <b>OTP.<\/b>\u00a0Car si elles ont longtemps eu lieu tous les deux ans, elles deviennent d\u00e9sormais annuelles.<\/p>\n<p>Et pour cette <b>6e \u00e9dition<\/b>, elles investissent pour la premi\u00e8re fois <b>le Karmen Camina, \u00e0 la Manufacture des Tabacs<\/b>. Un nouveau lieu pour \u00ab\u00a0chanter, danser, transpirer entre ses murs de briques rouges\u00a0\u00bb les<b> 24 et 25 octobre<\/b>, sur de nombreux <b>concerts et DJ sets<\/b>, un <b>Grand Bingo<\/b>, une <b>performance<\/b>, des<b> projections <\/b>et une <b>expo<\/b>.<\/p>\n<p>    <img width=\"450\" height=\"600\" src=\"https:\/\/www.europesays.com\/fr\/wp-content\/uploads\/2025\/10\/img-8401-450x600.jpeg\" class=\"attachment-image-size-M size-image-size-M\" alt=\"Karmen Camina club caf\u00e9 tiers lieu sonorisation\" decoding=\"async\" loading=\"lazy\"  \/>         \u00a9 Bastien Pietronave \/ Pokaa <\/p>\n<p>Vendredi, elles attaquent avec <b>Coals<\/b> de Pologne (electro\/pop) et <b>Maryze<\/b> artiste queer franco-canadienne d\u2019alt-pop. D\u2019ici, on reconna\u00eetra <b>Hermetic Delight<\/b> (indie rock\/art-pop), ou les DJ <b>Grandhotellove<\/b> (90s\/Y2K nostalgia) et <b>Margarita Temp\u00eate<\/b> (groove\/baile\/disco house).<\/p>\n<p>Samedi, on change de tunes avec la <b>wave\/disco\/dub de Housepainters<\/b> (des Pays-Bas), la coldwave de la Qu\u00e9b\u00e9coise <b>Laura Krieg<\/b>. Et de France\u00a0:<b> Crush of Souls<\/b> (darkwave), <b>Tryph\u00e8me<\/b> (trip-hop), <b>Triceratops<\/b> (electro)\u2026 Suivi(e)s des DJ sets de <b>Xixavega<\/b> (Albanie), de <b>Cl\u00e9o II<\/b> (l\u2019alter ego \u00e9lectronique du musicien strasbourgeois <b>Tioklu<\/b>) et de <b>Mah\u014d Sh\u014dj\u014d <\/b>(jungle\/breakbeats).<\/p>\n<p>Et on t\u2019a dit qu\u2019il y avait un changement d\u2019heure du samedi au dimanche\u00a0? Si elles affichent une fin \u00e0 5h, en ressenti il sera 6h\u00a0: \u00e0 la bonne heure, du rab\u00a0!<\/p>\n<p align=\"CENTER\"><b>Quand et o\u00f9\u00a0?<br \/><\/b>Vendredi 24 (de 18h \u00e0 5h) et samedi 25 octobre (de 18h30 \u00e0 5h \u2013 heure d\u2019hiver)<br \/>Au Karmen Camina (Manufacture des Tabacs)<br \/><a href=\"https:\/\/fb.me\/e\/5h7exOKzt\" target=\"_blank\" rel=\"noopener\">L\u2019\u00e9v\u00e9nement Facebook<\/a><\/p>\n<\/p>\n<p>                <img width=\"667\" height=\"500\" src=\"https:\/\/www.europesays.com\/fr\/wp-content\/uploads\/2025\/10\/img-5241-667x500.jpg\" class=\"attachment-gallery size-gallery\" alt=\"Karmen Camina\" data-full-url=\"https:\/\/pokaa.fr\/wp-content\/uploads\/2025\/01\/07\/img-5241.jpg\" decoding=\"async\" loading=\"lazy\"  \/>            <\/p>\n<p>                <img width=\"750\" height=\"500\" src=\"https:\/\/www.europesays.com\/fr\/wp-content\/uploads\/2025\/06\/dsc01949-750x500.jpg\" class=\"attachment-gallery size-gallery\" alt=\"Karmen Camina\" data-full-url=\"https:\/\/pokaa.fr\/wp-content\/uploads\/2025\/01\/07\/dsc01949.jpg\" decoding=\"async\" loading=\"lazy\"  \/>            <\/p>\n<p>                    1. \u00a9 Document remis ; 2. \u00a9 Maison Monnot \/ Document remis <\/p>\n<p>Schlagbourg Party sp\u00e9cial Rap \u00e0 la P\u00e9niche M\u00e9canique<\/p>\n<p>Non loin des ragondins de la presqu\u2019\u00eele Malraux, la <b>Schlagbourg Party<\/b> vient faire des vagues \u00e0 la <b>P\u00e9niche M\u00e9canique<\/b>. Une 10e qui rendra <b>hommage au rap fran\u00e7ais<\/b> entre \u00ab\u00a0classiques l\u00e9gendaires\u00a0\u00bb et \u00ab\u00a0bangers d\u2019aujourd\u2019hui\u00a0\u00bb.<\/p>\n<p>Le <b>samedi 25 octobre<\/b>, elle alignera aux platines \u00ab\u00a0les plus fous des <b>Ragondingues\u00a0<\/b>\u00bb\u00a0: <b>DJ Q, DJ Tall Roc et DJ Nook<\/b>.<\/p>\n<p align=\"CENTER\"><b>Quand et o\u00f9\u00a0?<br \/><\/b>Samedi 25 octobre \u00e0 21h<br \/>\u00c0 la P\u00e9niche M\u00e9canique<br \/><a href=\"https:\/\/fb.me\/e\/6a5fDN0gD\" target=\"_blank\" rel=\"noopener\">L\u2019\u00e9v\u00e9nement Facebook<\/a><\/p>\n<p>    <img width=\"800\" height=\"492\" src=\"https:\/\/www.europesays.com\/fr\/wp-content\/uploads\/2025\/10\/ragondins-credit-coraline-lafon-9.jpg\" class=\"attachment-image-size-L size-image-size-L\" alt=\"Ragondins animaux nature \u00e9cologie\" decoding=\"async\" loading=\"lazy\"  \/>         \u00a9 Coraline Lafon \/ Pokaa <\/p>\n<p>Le cin\u00e9 et le th\u00e9\u00e2tre<br \/>\nFestival du film de l&rsquo;Est au Cosmos et au cin\u00e9ma Star<\/p>\n<p>Avec les jours qui raccourcissent autant qu\u2019ils rafra\u00eechissent, te revient l\u2019envie de te faire une toile\u00a0? Profite donc de <b>la 5e \u00e9dition du FFE \u2013 Festival du film de l\u2019Est <\/b>\u2013, qui se tiendra <b>du mardi 14 au samedi 18 octobre, entre les cin\u00e9mas Cosmos et Star<\/b>.<\/p>\n<p><b>\u00c0 l\u2019affiche\u00a0? Du local<\/b>. Le but du FFE ? \u00ab\u00a0Faire d\u00e9couvrir [\u2026] <b>les talents de la r\u00e9gion Grand Est<\/b> du cin\u00e9ma et de la cr\u00e9ation vid\u00e9o\u00a0\u00bb.<\/p>\n<p>Pendant 5 jours, plus d\u2019une <b>quarantaine de films projet\u00e9s<\/b>, dont <b>une comp\u00e9tition de courts-m\u00e9trages de fiction et de documentaire,<\/b>\u00a0ainsi que des <b>s\u00e9ances sp\u00e9ciales<\/b> (d\u00e9di\u00e9es aux films de guerre, aux films de genre de l\u2019Ouest et aux films d\u2019ateliers), des rencontres. Et enfin\u00a0:<b> une s\u00e9ance de cl\u00f4ture autour des courts-m\u00e9trages<\/b> de l\u2019Eurom\u00e9tropole de Strasbourg.<\/p>\n<p align=\"CENTER\"><b>Quand et o\u00f9\u00a0?<br \/><\/b>Du mardi 14 au samedi 18 octobre<br \/>Aux cin\u00e9mas Le Cosmos et Star \u00e0 Strasbourg<br \/><a href=\"https:\/\/fb.me\/e\/8wcaell7F\" target=\"_blank\" rel=\"noopener\">L\u2019\u00e9v\u00e9nement Facebook<\/a><\/p>\n<\/p>\n<p>Le 31\u00e8me Mondial d&rsquo;improvisation th\u00e9\u00e2trale avec la Lolita<\/p>\n<p>Il s\u2019agit du<b> plus ancien tournoi d\u2019improvisation th\u00e9\u00e2trale francophone<\/b>, et il en est \u00e0 sa <b>31\u00e8me \u00e9dition<\/b> ! Accueilli en alternance entre les pays qui y participent, <strong>l<\/strong><b>e Mondial d\u2019improvisation th\u00e9\u00e2tral organis\u00e9 en France par la Lolita<\/b> est de retour par chez nous apr\u00e8s une <b>tr\u00e8s longue absence<\/b>. (Car si elles ont lieu ici tous les quatre ans, la derni\u00e8re remonte pourtant \u00e0 2019 : un retard que l\u2019on doit au Covid).<\/p>\n<p><b>Du 16 au 25 octobre<\/b>, pendant 10 jours intenses, <b>5 \u00e9quipes internationales<\/b> s\u2019affronteront sur sc\u00e8ne. De celle du <b>Foss\u00e9 des Treize pour les 10 matchs de poule<\/b> jusqu\u2019\u00e0 celle du <b>Point d\u2019Eau \u00e0 Ostwald, pour la grande finale.\u00a0<\/b><\/p>\n<p>Alors qui de la<b> France<\/b> (repr\u00e9sent\u00e9e par l\u2019association strasbourgeoise Lolita), du <b>Qu\u00e9bec<\/b>, de la <b>Belgique<\/b>, de la <b>Suisse <\/b>ou<b> \u2013 <\/b>pour la premi\u00e8re fois \u2013 du <b>Maroc <\/b>ram\u00e8nera la coupe \u00e0 la maison ? Ce sera ta d\u00e9cision car c\u2019est \u00e0 toi de voter pour tes \u00e9quipes pr\u00e9f\u00e9r\u00e9es !<\/p>\n<p align=\"CENTER\"><b>Quand et o\u00f9\u00a0?<br \/><\/b>Du jeudi 16 au 25 octobre<br \/>Au CSC du Foss\u00e9 des Treize \u00e0 Strasbourg et au Point d\u2019Eau \u00e0 Ostwald<br \/><a href=\"https:\/\/fb.me\/e\/eGdHPXLro\" target=\"_blank\" rel=\"noopener\">L\u2019\u00e9v\u00e9nement Facebook<\/a><\/p>\n<p>                <img width=\"333\" height=\"500\" src=\"https:\/\/www.europesays.com\/fr\/wp-content\/uploads\/2025\/10\/464697635-1094966992630919-3888452100550413208-n-333x500.jpg\" class=\"attachment-gallery size-gallery\" alt=\"Lolita + impro\" data-full-url=\"https:\/\/pokaa.fr\/wp-content\/uploads\/2025\/01\/23\/464697635-1094966992630919-3888452100550413208-n.jpg\" decoding=\"async\" loading=\"lazy\"  \/>            <\/p>\n<p>                <img width=\"333\" height=\"500\" src=\"https:\/\/www.europesays.com\/fr\/wp-content\/uploads\/2025\/04\/470608876-1140484428079175-8679354477463871029-n-333x500.jpg\" class=\"attachment-gallery size-gallery\" alt=\"Lolita + impro\" data-full-url=\"https:\/\/pokaa.fr\/wp-content\/uploads\/2025\/01\/23\/470608876-1140484428079175-8679354477463871029-n.jpg\" decoding=\"async\" loading=\"lazy\"  \/>            <\/p>\n<p>                <img width=\"751\" height=\"500\" src=\"https:\/\/www.europesays.com\/fr\/wp-content\/uploads\/2025\/10\/449517337-1001761265284826-4530566766509970650-n1-751x500.jpg\" class=\"attachment-gallery size-gallery\" alt=\"Lolita + impro\" data-full-url=\"https:\/\/pokaa.fr\/wp-content\/uploads\/2025\/01\/23\/449517337-1001761265284826-4530566766509970650-n1.jpg\" decoding=\"async\" loading=\"lazy\"  \/>            <\/p>\n<p>                    La Lolita en match. 1. 2. \u00a9 Tania Hantz \/ Documents remis ; 3. \u00a9 C\u00e9line Bescont \/ Document remis<\/p>\n<p>Stand-up\u00a0: Najim Ziani \u00ab\u00a0Le Peuple migrateur\u00a0\u00bb<\/p>\n<p>\u00ab C\u2019est bien, c\u2019est les d\u00e9buts\u2026 Apr\u00e8s \u00e7a fait 10 ans que je d\u00e9bute. \u00bb D\u2019un cours d\u2019impro o\u00f9 il arrive un peu par hasard, jusqu\u2019au Conservatoire, puis aux sc\u00e8nes parisiennes qu\u2019il \u00e9cume aujourd\u2019hui, l\u2019humoriste Najim Ziani rassemble, dans Le Peuple migrateur, ses souvenirs, entre \u00e9checs et r\u00e9ussites.<\/p>\n<p><b>Un premier spectacle dr\u00f4le et sensible<\/b>, \u00e9crit \u00e0 l\u2019aube de sa trentaine et qui dessine, en filigrane, un parcours de vie partag\u00e9 entre un petit village alsacien, Strasbourg, Paris et les origines de ses parents.<\/p>\n<p style=\"text-align: center;\"><b>Quand et o\u00f9\u00a0?<br \/><\/b>Jeudi 23 octobre \u00e0 20h<br \/>Au Cheval Blanc \u00e0 Bischheim<br \/><a href=\"https:\/\/fb.me\/e\/8F49h3YEq\" target=\"_blank\" rel=\"noopener\">L\u2019\u00e9v\u00e9nement Facebook<\/a><\/p>\n<p>    <img width=\"452\" height=\"600\" src=\"https:\/\/www.europesays.com\/fr\/wp-content\/uploads\/2025\/10\/capture-decran-2025-09-12-164923-452x600.png\" class=\"attachment-image-size-M size-image-size-M\" alt=\"Najim Ziani\" decoding=\"async\" loading=\"lazy\"  \/>         Najim Ziani. \u00a9 B. Boccas \/ Document remis <\/p>\n<p>\u00ab\u00a0Plumes, gla\u00e7ons et crime parfait\u00a0\u00bb\u00a0: Murder Party du Cabaret Madame au Garage du Graffalgar<\/p>\n<p>On savait d\u00e9j\u00e0 le<b> Cabaret Madame<\/b>\u00a0sulfureux et glamour\u2026 On le d\u00e9couvrira bient\u00f4t sous un nouveau jour. Avec <b>Plumes, gla\u00e7ons et crime parfait<\/b>, il s\u2019essaie aujourd\u2019hui \u00e0 la <b>murder party immersive<\/b>.<\/p>\n<p><b>Du vendredi 24 au dimanche 26 octobre<\/b>, il s\u2019installe au<b> Garage du Graffalgar<\/b> pour une exp\u00e9rience originale qui nous plongera dans les ann\u00e9es 1930, au \u00ab\u00a0Cabaret Nocturne\u00a0\u00bb dont le directeur a \u00e9t\u00e9 retrouv\u00e9 mort, dans sa loge. Sur place\u00a0: un myst\u00e8re \u00e0 r\u00e9soudre, six suspect(e)s \u00e0 interroger, lors d\u2019une <b>enqu\u00eate ludique et th\u00e9\u00e2tralis\u00e9e<\/b> de 2h.<\/p>\n<p align=\"CENTER\"><b>Quand et o\u00f9\u00a0?<br \/><\/b>Du vendredi 24 au dimanche 26 octobre<br \/>Au Garage du Graffalgar<br \/><a href=\"https:\/\/fb.me\/e\/5gDUwFyZf\" target=\"_blank\" rel=\"noopener\">L\u2019\u00e9v\u00e9nement Facebook<\/a><\/p>\n<p>                <img width=\"375\" height=\"500\" src=\"https:\/\/www.europesays.com\/fr\/wp-content\/uploads\/2025\/10\/spok-1-min-375x500.jpeg\" class=\"attachment-gallery size-gallery\" alt=\"Le Cabaret Madame\" data-full-url=\"https:\/\/pokaa.fr\/wp-content\/uploads\/2024\/12\/09\/spok-1-min-1500x2000.jpeg\" decoding=\"async\" loading=\"lazy\"  \/>            <\/p>\n<p>                <img width=\"375\" height=\"500\" src=\"https:\/\/www.europesays.com\/fr\/wp-content\/uploads\/2025\/09\/spok-min-375x500.jpeg\" class=\"attachment-gallery size-gallery\" alt=\"Le Cabaret Madame\" data-full-url=\"https:\/\/pokaa.fr\/wp-content\/uploads\/2024\/12\/09\/spok-min-1500x2000.jpeg\" decoding=\"async\" loading=\"lazy\"  \/>            <\/p>\n<p>                <img width=\"333\" height=\"500\" src=\"https:\/\/www.europesays.com\/fr\/wp-content\/uploads\/2025\/09\/alice-massey-min-333x500.jpg\" class=\"attachment-gallery size-gallery\" alt=\"Le Cabaret Madame\" data-full-url=\"https:\/\/pokaa.fr\/wp-content\/uploads\/2024\/12\/09\/alice-massey-min-1500x2250.jpg\" decoding=\"async\" loading=\"lazy\"  \/>            <\/p>\n<p>                    \u00a9 Le Cabaret Madame \/ Documents remis<\/p>\n<p>Soir\u00e9e stand-up\u00a0: Le Sujet Golry au LA\u00c0B<\/p>\n<p><b>\u00ab\u00a0Mauvais d\u00e9lire\u00a0\u00bb<\/b>. Si le th\u00e8me d\u2019octobre annonce des foirades en cascade, le <b>Sujet Golry<\/b> \u2013 le plateau mensuel th\u00e9matique du <b>Golry Comedy Club <\/b>\u2013, c\u2019est plut\u00f4t bon d\u00e9lire. Le concept ? Que chaque humoriste interpr\u00e8te, \u00e0 sa sauce, le th\u00e8me impos\u00e9.<\/p>\n<p><b>Le 28 octobre, rendez-vous au LA\u00c0B <\/b>pour y entendre, peut-\u00eatre, \u00ab\u00a0un voyage hallucinog\u00e8ne, [\u2026] [ou] une soir\u00e9e qui aurait mal tourn\u00e9\u00a0\u00bb.<\/p>\n<p align=\"CENTER\"><b>Quand et o\u00f9\u00a0?<br \/><\/b>Mardi 28 octobre \u00e0 20h<br \/>Au LA\u00c0B \u2013 L\u2019Amer \u00e0 Boire<br \/><a href=\"https:\/\/fb.me\/e\/4QfKAGRWy\" target=\"_blank\" rel=\"noopener\">L\u2019\u00e9v\u00e9nement Facebook<\/a><\/p>\n<p>Festival Th\u00e9\u00e2tralis \u00e0 l&rsquo;Espace K<\/p>\n<p>Doit-on encore le pr\u00e9senter ? Avec son affiche jaune et rouge, il vient boucler nos mois d\u2019octobre depuis plus de 20 ans : il s\u2019agit bien de <b>Th\u00e9\u00e2tralis\u00a0<\/b>! Le <b>festival du spectacle vivant amateur<\/b> local, port\u00e9 par le <b>collectif Trois14.<\/b><\/p>\n<p><b>Une 21e \u00e9dition<\/b>,<b> du vendredi 31 octobre au dimanche 2 novembre<\/b>, avec \u00ab\u00a0trois jours de spectacles intensifs\u00a0\u00bb, toujours<b> \u00e0 l\u2019Espace K<\/b>. Avec des petites formes dans son Cabaret des Curiosit\u00e9s ou des plus grandes, sur sa Grande Sc\u00e8ne, avec de l\u2019impro, du cirque, du th\u00e9\u00e2tre\u2026 En tout\u00a0?<b> 23 spectacles et compagnies<\/b>\u00a0!<\/p>\n<p align=\"CENTER\"><b>Quand et o\u00f9\u00a0?<br \/><\/b>Du vendredi 31 octobre au dimanche 2 novembre<br \/>\u00c0 l\u2019Espace K<br \/><a href=\"https:\/\/fb.me\/e\/9f6V5ZRzR\" target=\"_blank\" rel=\"noopener\">L\u2019\u00e9v\u00e9nement Facebook<\/a><\/p>\n<p>                <img width=\"375\" height=\"500\" src=\"https:\/\/www.europesays.com\/fr\/wp-content\/uploads\/2025\/10\/img_20220407_225305-scaled-e1650774543307.jpg\" class=\"attachment-gallery size-gallery\" alt=\"Espace K\" data-full-url=\"https:\/\/www.europesays.com\/fr\/wp-content\/uploads\/2025\/10\/img_20220407_225305-scaled-e1650774543307.jpg\" decoding=\"async\" loading=\"lazy\"\/>            <\/p>\n<p>                <img width=\"375\" height=\"500\" src=\"https:\/\/www.europesays.com\/fr\/wp-content\/uploads\/2025\/10\/img_20220407_224120-scaled-e1650774598825.jpg\" class=\"attachment-gallery size-gallery\" alt=\"Espace K\" data-full-url=\"https:\/\/www.europesays.com\/fr\/wp-content\/uploads\/2025\/10\/img_20220407_224120-scaled-e1650774598825.jpg\" decoding=\"async\" loading=\"lazy\"\/>            <\/p>\n<p>                <img width=\"375\" height=\"500\" src=\"https:\/\/www.europesays.com\/fr\/wp-content\/uploads\/2025\/10\/img_20220407_224831-scaled-e1650774559173.jpg\" class=\"attachment-gallery size-gallery\" alt=\"Espace K\" data-full-url=\"https:\/\/www.europesays.com\/fr\/wp-content\/uploads\/2025\/10\/img_20220407_224831-scaled-e1650774559173.jpg\" decoding=\"async\" loading=\"lazy\"\/>            <\/p>\n<p>                <img width=\"749\" height=\"500\" src=\"https:\/\/www.europesays.com\/fr\/wp-content\/uploads\/2025\/06\/220325photo_14-scaled-e1650773082433.jpg\" class=\"attachment-gallery size-gallery\" alt=\"Espace K\" data-full-url=\"https:\/\/www.europesays.com\/fr\/wp-content\/uploads\/2025\/06\/220325photo_14-scaled-e1650773082433.jpg\" decoding=\"async\" loading=\"lazy\"\/>            <\/p>\n<p>                    1. \u00e0 3. L&rsquo;Espace K. \u00a9 Fanny Soriano \/ Pokaa ; 4. L&rsquo;Espace des curiosit\u00e9s. \u00a9 Doroth\u00e9e Parent \/ Document remis<\/p>\n<p>La bonne ambiance<br \/>\nLes 10 ans du Troquet des Kneckes<\/p>\n<p>Voil\u00e0 10 ans que les Kneckes animent le 112 Grand\u2019Rue. Et le<b> samedi 18 octobre<\/b>, ils f\u00eatent l\u2019anniversaire de leur repaire\u00a0: <b>le Troquet des Kneckes<\/b>.<\/p>\n<p>Une journ\u00e9e \u00e0 c\u00e9l\u00e9brer \u00ab\u00a0<b>10 ans de pintes<\/b> lev\u00e9es haut, de Picons engloutis\u00a0\u00bb, avec au programme\u00a0: des matchs de <b>baby-foot g\u00e9ant<\/b>, un <b>stand de chamboule-tout<\/b> avec \u00ab\u00a0lance-pierres et balles molles\u00a0\u00bb. Mais aussi, <b>un concours Photomaton <\/b>(de 18h \u00e0 minuit) avec un bon cadeau de 40 \u20ac pour \u00ab\u00a0la photo la plus originale\u00a0\u00bb\u00a0: \u00ab\u00a0fais p\u00e9ter les moustaches, perruques et grimaces\u00a0\u00bb qu\u2019on nous dit.<\/p>\n<p>Et cerise sur le g\u00e2teau d\u2019anniversaire\u00a0: la <b>pi\u00e8ce mont\u00e9e de\u2026 <\/b><b>munster frits<\/b>. Eh oui\u00a0!<\/p>\n<p align=\"CENTER\"><b>Quand et o\u00f9\u00a0?<br \/><\/b>Samedi 18 octobre de 11h \u00e0 1h30<br \/>Au Troquet des Kneckes<br \/><a href=\"https:\/\/fb.me\/e\/6WELkosHt\" target=\"_blank\" rel=\"noopener\">L\u2019\u00e9v\u00e9nement Facebook<\/a><\/p>\n<p>                <img width=\"750\" height=\"500\" src=\"https:\/\/www.europesays.com\/fr\/wp-content\/uploads\/2025\/10\/IMG_2078.jpg\" class=\"attachment-gallery size-gallery\" alt=\"troquet des kneckes bar\" data-full-url=\"https:\/\/www.europesays.com\/fr\/wp-content\/uploads\/2025\/10\/IMG_2078.jpg\" decoding=\"async\" loading=\"lazy\"  \/>            <\/p>\n<p>                <img width=\"750\" height=\"500\" src=\"https:\/\/www.europesays.com\/fr\/wp-content\/uploads\/2025\/10\/IMG_2068.jpg\" class=\"attachment-gallery size-gallery\" alt=\"troquet des kneckes \u2013 Pokaa\" data-full-url=\"https:\/\/www.europesays.com\/fr\/wp-content\/uploads\/2025\/10\/IMG_2068.jpg\" decoding=\"async\" loading=\"lazy\"  \/>            <\/p>\n<p>                <img width=\"750\" height=\"500\" src=\"https:\/\/www.europesays.com\/fr\/wp-content\/uploads\/2025\/10\/DSC_0502.jpg\" class=\"attachment-gallery size-gallery\" alt=\"troquet des kneckes \u2013 Pokaa\" data-full-url=\"https:\/\/www.europesays.com\/fr\/wp-content\/uploads\/2025\/10\/DSC_0502.jpg\" decoding=\"async\" loading=\"lazy\"  \/>            <\/p>\n<p>                    Le Troquet des Kneckes. \u00a9 Maria Fernandes \/ Pokaa<\/p>\n<p>Phare \u00d4 Vins (festival du vivant \u2013 4e \u00e9dition) au Phare Citadelle<\/p>\n<p align=\"LEFT\">Apr\u00e8s avoir trinqu\u00e9 au Troquet, direction le Phare Citadelle. Les <b>samedi 18 et dimanche 19 octobre<\/b> s\u2019y tiendra la <b>4e \u00e9dition de Phare \u00d4 Vins<\/b>, festival du vivant. Une ode au <b>vin nature<\/b>.<\/p>\n<p align=\"LEFT\">\u00c0 la carte\u00a0: des <b>vigneron(ne)s engag\u00e9(e)s<\/b>\u00a0et une <b>programmation aussi bien culinaire que musicale<\/b>. Un <b>banquet<\/b> d\u2019un c\u00f4t\u00e9 (con\u00e7u avec Dana\u00e9 Viney, une artiste et cuisini\u00e8re ind\u00e9pendante) et de l\u2019autre\u00a0: le <b>Joel Brown Trio<\/b> (jazz, groove, hip-hop, soul, musiques africaines et \u00e9lectroniques), des <b>DJ sets avec Ursula La Gouine<\/b> (Zoe Heselton) et <b>Opoponax<\/b> (Lily Chansard) en B2B, le samedi. Et le dimanche\u00a0: une<b> projection-d\u00e9bat<\/b>.<\/p>\n<p align=\"CENTER\"><b>Quand et o\u00f9\u00a0?<br \/><\/b>Samedi 18 et dimanche 19 octobre<br \/>Au Phare Citadelle<br \/><a href=\"https:\/\/fb.me\/e\/a8IJOLdvU\" target=\"_blank\" rel=\"noopener\">L\u2019\u00e9v\u00e9nement Facebook<\/a><\/p>\n<p>                <img width=\"375\" height=\"500\" src=\"https:\/\/www.europesays.com\/fr\/wp-content\/uploads\/2025\/05\/img-9342-375x500.jpeg\" class=\"attachment-gallery size-gallery\" alt=\"Phare citadelle\" data-full-url=\"https:\/\/pokaa.fr\/wp-content\/uploads\/2024\/09\/22\/img-9342.jpeg\" decoding=\"async\" loading=\"lazy\"  \/>            <\/p>\n<p>                <img width=\"375\" height=\"500\" src=\"https:\/\/www.europesays.com\/fr\/wp-content\/uploads\/2025\/10\/phare-citadelle-ete-3.jpg\" class=\"attachment-gallery size-gallery\" alt=\"phare citadelle \u00e9t\u00e9  (3)\" data-full-url=\"https:\/\/www.europesays.com\/fr\/wp-content\/uploads\/2025\/10\/phare-citadelle-ete-3.jpg\" decoding=\"async\" loading=\"lazy\"  \/>            <\/p>\n<p>                <img width=\"375\" height=\"500\" src=\"https:\/\/www.europesays.com\/fr\/wp-content\/uploads\/2025\/10\/img-9344-375x500.jpeg\" class=\"attachment-gallery size-gallery\" alt=\"Phare citadelle\" data-full-url=\"https:\/\/pokaa.fr\/wp-content\/uploads\/2024\/09\/22\/img-9344.jpeg\" decoding=\"async\" loading=\"lazy\"  \/>            <\/p>\n<p>                    1. et 3. \u00a9 Anthony Jilli \/ Pokaa ; 2. \u00a9 Coraline Lafon \/ Pokaa<\/p>\n<p>Festival R\u00e9par&rsquo;Action \u2013 2e \u00e9dition \u00e0 l&rsquo;AFPA<\/p>\n<p>Encore le<b> samedi 18<\/b>, cette fois \u00e0<b> l\u2019AFPA<\/b>\u00a0: le<b> Festival R\u00e9par\u2019Action<\/b> qui y organisera sa 2\u1d49 \u00e9dition. Un \u00e9v\u00e9nement organis\u00e9 par Le Repaire, dans le cadre des Journ\u00e9es nationales de la R\u00e9paration, soutenu par HOP \u2013 Halte \u00e0 l\u2019obsolescence programm\u00e9e et la Make.org Foundation.<\/p>\n<p align=\"LEFT\">Au programme\u00a0? <b>\u00ab Une journ\u00e9e festive et cr\u00e9ative autour de la r\u00e9paration, du r\u00e9emploi et du partage \u00bb, <\/b><b>compl\u00e8tement <\/b><b>gratuite.<\/b>\u00a0Ateliers cr\u00e9atifs \u00e0 prix libre (de couture visible, kintsugi, peinture sur vaisselle et plus encore), <b>brocante<\/b>, mini-conf\u00e9rence, <b>animations pour enfants<\/b>, <b>march\u00e9 de cr\u00e9ateurs\/rices<\/b>, food truck, buvette\u2026 L\u2019occasion de cr\u00e9er du lien, tout en r\u00e9parant ses biens : malin !<\/p>\n<p align=\"CENTER\"><b>Quand et o\u00f9\u00a0?<br \/><\/b>Samedi 18 octobre de 10h \u00e0 19h<br \/>\u00c0 l\u2019AFPA (rue des Corps-de-Garde \u00e0 Strasbourg)<br \/><a href=\"https:\/\/fb.me\/e\/6jJNE1j2r\" target=\"_blank\" rel=\"noopener\">L\u2019\u00e9v\u00e9nement Facebook<\/a><\/p>\n<p>                <img width=\"375\" height=\"500\" src=\"https:\/\/www.europesays.com\/fr\/wp-content\/uploads\/2025\/10\/le-repaire-3-375x500.jpg\" class=\"attachment-gallery size-gallery\" alt=\"Le Repaire\" data-full-url=\"https:\/\/pokaa.fr\/wp-content\/uploads\/2025\/10\/14\/le-repaire-3.jpg\" decoding=\"async\" loading=\"lazy\"  \/>            <\/p>\n<p>                <img width=\"375\" height=\"500\" src=\"https:\/\/www.europesays.com\/fr\/wp-content\/uploads\/2025\/10\/le-repaire-2-375x500.jpg\" class=\"attachment-gallery size-gallery\" alt=\"Le Repaire\" data-full-url=\"https:\/\/pokaa.fr\/wp-content\/uploads\/2025\/10\/14\/le-repaire-2.jpg\" decoding=\"async\" loading=\"lazy\"  \/>            <\/p>\n<p>                <img width=\"333\" height=\"500\" src=\"https:\/\/www.europesays.com\/fr\/wp-content\/uploads\/2025\/10\/le-repaire-333x500.jpg\" class=\"attachment-gallery size-gallery\" alt=\"Le Repaire\" data-full-url=\"https:\/\/pokaa.fr\/wp-content\/uploads\/2025\/10\/14\/le-repaire.jpg\" decoding=\"async\" loading=\"lazy\"  \/>            <\/p>\n<p>                    \u00a9 Le Repaire \/ Documents remis<\/p>\n<p><script async src=\"\/\/www.instagram.com\/embed.js\"><\/script><\/p>\n","protected":false},"excerpt":{"rendered":"Retour du soleil, changement d\u2019heure et histoires qui font peur : la fin de ce mois d\u2019octobre r\u00e9serve&hellip;\n","protected":false},"author":2,"featured_media":463814,"comment_status":"","ping_status":"","sticky":false,"template":"","format":"standard","meta":{"footnotes":""},"categories":[2820],"tags":[1111,11,4763,1697,251,12084,1777,674,652,1011,27,1661,775,326,39031,12,21919,3907,25,640,1347,4064],"class_list":{"0":"post-463813","1":"post","2":"type-post","3":"status-publish","4":"format-standard","5":"has-post-thumbnail","7":"category-strasbourg","8":"tag-actu","9":"tag-actualites","10":"tag-agenda","11":"tag-concert","12":"tag-culture","13":"tag-dj-set","14":"tag-eu","15":"tag-europe","16":"tag-famille","17":"tag-fr","18":"tag-france","19":"tag-gastronomie","20":"tag-grand-est","21":"tag-gratuit","22":"tag-impro","23":"tag-news","24":"tag-ou-sortir","25":"tag-que-faire","26":"tag-republique-francaise","27":"tag-strasbourg","28":"tag-theatre","29":"tag-week-end"},"share_on_mastodon":{"url":"https:\/\/pubeurope.com\/@fr\/115375797216728767","error":""},"_links":{"self":[{"href":"https:\/\/www.europesays.com\/fr\/wp-json\/wp\/v2\/posts\/463813","targetHints":{"allow":["GET"]}}],"collection":[{"href":"https:\/\/www.europesays.com\/fr\/wp-json\/wp\/v2\/posts"}],"about":[{"href":"https:\/\/www.europesays.com\/fr\/wp-json\/wp\/v2\/types\/post"}],"author":[{"embeddable":true,"href":"https:\/\/www.europesays.com\/fr\/wp-json\/wp\/v2\/users\/2"}],"replies":[{"embeddable":true,"href":"https:\/\/www.europesays.com\/fr\/wp-json\/wp\/v2\/comments?post=463813"}],"version-history":[{"count":0,"href":"https:\/\/www.europesays.com\/fr\/wp-json\/wp\/v2\/posts\/463813\/revisions"}],"wp:featuredmedia":[{"embeddable":true,"href":"https:\/\/www.europesays.com\/fr\/wp-json\/wp\/v2\/media\/463814"}],"wp:attachment":[{"href":"https:\/\/www.europesays.com\/fr\/wp-json\/wp\/v2\/media?parent=463813"}],"wp:term":[{"taxonomy":"category","embeddable":true,"href":"https:\/\/www.europesays.com\/fr\/wp-json\/wp\/v2\/categories?post=463813"},{"taxonomy":"post_tag","embeddable":true,"href":"https:\/\/www.europesays.com\/fr\/wp-json\/wp\/v2\/tags?post=463813"}],"curies":[{"name":"wp","href":"https:\/\/api.w.org\/{rel}","templated":true}]}}