{"id":463815,"date":"2025-10-15T02:21:19","date_gmt":"2025-10-15T02:21:19","guid":{"rendered":"https:\/\/www.europesays.com\/fr\/463815\/"},"modified":"2025-10-15T02:21:19","modified_gmt":"2025-10-15T02:21:19","slug":"a-strasbourg-la-france-insoumise-choisit-florian-kobryn-comme-tete-de-liste","status":"publish","type":"post","link":"https:\/\/www.europesays.com\/fr\/463815\/","title":{"rendered":"\u00e0 Strasbourg, La France insoumise choisit Florian Kobryn comme t\u00eate de liste !"},"content":{"rendered":"<p class=\"p1\"><b>Ce mardi 14 octobre, La France insoumise (LFI) a d\u00e9sign\u00e9 sa t\u00eate de liste pour les municipales \u00e0 Strasbourg. Le choix s\u2019est port\u00e9 sur Florian Kobryn, conseiller d\u00e9partemental \u00e0 la Collectivit\u00e9 europ\u00e9enne d\u2019Alsace (CEA), qui sera accompagn\u00e9 par Halima Meneceur, co-animatrice et fondatrice du Groupe d\u2019action de LFI \u00e0 Hautepierre. Le but : construire \u00ab une Strasbourg fi\u00e8re et solidaire \u00bb.<\/b><\/p>\n<p class=\"p1\">Au FEC en cette soir\u00e9e du mardi 14 octobre, on aurait pu croire \u00e0 un concert. Il faut dire que l\u2019assembl\u00e9e municipale de LFI a su investir l\u2019acoustique de la salle : <b>une Marseillaise, suivie d\u2019une Internationale et d\u2019un \u00ab On est l\u00e0\u00a0\u00bb, chant de r\u00e9volte fran\u00e7ais, pour finir<\/b>. Avec les \u00e9clats joyeux de voix et les applaudissements nourris, la Laiterie aurait sans doute eu du souci \u00e0 se faire.<\/p>\n<p>                <a href=\"https:\/\/pokaa.fr\/2025\/09\/03\/municipales-2026-lfi-se-lance-a-strasbourg-pour-mener-un-tournant-social-et-populaire\/\" rel=\"nofollow noopener\" target=\"_blank\"><br \/>\n                    <img width=\"450\" height=\"270\" src=\"https:\/\/www.europesays.com\/fr\/wp-content\/uploads\/2025\/10\/1000003024-1-1-1-450x270.jpg\" class=\"attachment-card-horizontal--same-subject size-card-horizontal--same-subject wp-post-image\" alt=\"\" decoding=\"async\" loading=\"lazy\"\/>                <\/a><\/p>\n<p>Sauf qu\u2019on est bel et bien au FEC, pour une annonce tout ce qu\u2019il y a de plus importante : le choix de la t\u00eate de liste LFI pour les \u00e9lections municipales. Apr\u00e8s un \u00ab important travail de rencontre aupr\u00e8s des associations de Strasbourg pour affiner notre projet politique et construire notre vision \u00bb, selon Lisa Farault, co-cheffe de file insoumise, il est venu le temps de la r\u00e9v\u00e9lation. <b>Et \u00ab petite \u00bb surprise : ce n\u2019est pas Emmanuel Fernandes qui portera la candidature, mais bien Florian Kobryn, conseiller d\u00e9partemental \u00e0 la CEA<\/b>.<\/p>\n<p>    <img width=\"800\" height=\"600\" src=\"https:\/\/www.europesays.com\/fr\/wp-content\/uploads\/2025\/10\/img-1932-grande-800x600.jpeg\" class=\"attachment-image-size-L size-image-size-L\" alt=\"la france insoumise strasbourg\" decoding=\"async\" loading=\"lazy\"  \/>         \u00a9\u00a0Nicolas Kaspar \/ Pokaa <\/p>\n<p>Qui est Florian Kobryn, \u00ab\u00a0le candidat id\u00e9al pour \u00eatre le futur maire de Strasbourg\u00a0\u00bb ?<\/p>\n<p class=\"p1\">Pourquoi Florian Kobryn et pas Emmanuel Fernandes ? <b>Il faudra attendre pour le savoir, puisqu\u2019il n\u2019y a pas eu de s\u00e9ance de questions avec les journalistes pour cette soir\u00e9e d\u2019annonce<\/b>. N\u00e9anmoins, le d\u00e9put\u00e9 de la 2e circonscription de Strasbourg a d\u00e9j\u00e0 annonc\u00e9 qu\u2019il s\u2019engagera en tant que soutien dans la campagne, et n\u2019a pas tari d\u2019\u00e9loges sur Florian Kobryn, \u00ab exemple chimiquement pur de ce qu\u2019est l\u2019insoumission, c\u2019est-\u00e0-dire s\u2019engager radicalement, ne pas transiger, ne pas avoir peur de son ombre \u00bb.<\/p>\n<p class=\"p1\">Il faut dire que Florian Kobryn a fait preuve d\u2019insoumission,<b> en quittant en avril le groupe d\u2019opposition de gauche au sein de la CEA, dont il \u00e9tait pr\u00e9sident depuis quatre ans<\/b> [ce qui a provoqu\u00e9 la disparition du groupe, ndlr], avant de rejoindre LFI en juin. Au-del\u00e0 de cette d\u00e9cision, le premier \u00e9lu de la France insoumise du d\u00e9partement s\u2019est particuli\u00e8rement engag\u00e9 pour la d\u00e9fense des droits des personnes vuln\u00e9rables, notamment les enfants, mais aussi pour le service public.<\/p>\n<p>    <img width=\"361\" height=\"600\" src=\"https:\/\/www.europesays.com\/fr\/wp-content\/uploads\/2025\/10\/img-1957-grande-361x600.jpeg\" class=\"attachment-image-size-M size-image-size-M\" alt=\"florian kobryn halima meneceur lfi\" decoding=\"async\" loading=\"lazy\"  \/>         \u00a9\u00a0Nicolas Kaspar \/ Pokaa <\/p>\n<p class=\"p1\">Dans sa prise de parole, entrecoup\u00e9e toutes les 3-4 phrases par des salves d\u2019applaudissements nourris, <b>le candidat LFI aux municipales a mis en avant ses origines d\u2019enfant d\u2019immigr\u00e9s polonais et son orientation sexuelle d\u2019homme gay<\/b>, d\u00e9couverte lors des d\u00e9bats autour du mariage pour tous. Ce qui le motive \u00e0 porter un triangle rose, en hommage aux homosexuels et aux femmes trans victimes de la d\u00e9portation.<\/p>\n<p class=\"p1\">Il a \u00e9galement list\u00e9 quelques th\u00e9matiques qui lui sont ch\u00e8res, comme \u00ab la m\u00e9moire de la r\u00e9sistance, les enfants \u00e0 la rue, le droit des \u00e9tudiants, la transphobie, la protection du vivant, la d\u00e9fense de Gaza et le droit europ\u00e9en \u00e0 l\u2019IVG \u00bb. <b>Il a d\u00e9sormais la lourde t\u00e2che de porter le mouvement de LFI pour les municipales, qui a tendance \u00e0 emporter toutes les \u00e9lections nationales \u00e0 Strasbourg<\/b>.<\/p>\n<p>    <img width=\"800\" height=\"600\" src=\"https:\/\/www.europesays.com\/fr\/wp-content\/uploads\/2025\/10\/img-1941-grande-800x600.jpeg\" class=\"attachment-image-size-L size-image-size-L\" alt=\"florian kobryn lfi\" decoding=\"async\" loading=\"lazy\"  \/>         \u00a9\u00a0Nicolas Kaspar \/ Pokaa <\/p>\n<p>Halima Meneceur, une bin\u00f4me engag\u00e9e pour \u00ab l\u2019\u00e9mancipation de la jeunesse et des habitant(e)s des quartiers populaires \u00bb<\/p>\n<p class=\"p1\">Pour l\u2019accompagner dans son entreprise, il aura comme bin\u00f4me Halima Meneceur. La citoyenne de 43 ans est une <b>\u00ab figure combative, g\u00e9n\u00e9reuse et profond\u00e9ment engag\u00e9e dans le milieu associatif et culturel dans beaucoup de quartiers strasbourgeois \u00bb,<\/b> selon Emmanuel Fernandes. Fondatrice du Groupe d\u2019action LFI \u00e0 Hautepierre, dont elle est co-animatrice, elle se distingue particuli\u00e8rement par la lutte contre les discriminations et la promotion de l\u2019\u00e9galit\u00e9.<\/p>\n<p class=\"p1\">Dans son discours tr\u00e8s offensif, Halima Meneceur compte \u00ab\u00a0lutter politiquement pour r\u00e9duire les in\u00e9galit\u00e9s\u00a0\u00bb, et pr\u00f4ne le fait qu\u2019\u00ab une mairie insoumise est une mairie engag\u00e9e \u00e0 l\u2019international, notamment contre le g\u00e9nocide palestinien \u00bb. <strong>Surtout, elle met en avant la justice sociale, d\u00e9clarant que \u00ab\u00a0l\u2019union ne se fera jamais au d\u00e9triment des plus vuln\u00e9rables\u00a0\u00bb<\/strong>, alors que \u00ab nous n\u2019avons plus que l\u2019entraide comme seule arme \u00bb. Avec un but : \u00ab\u00a0Construire une Strasbourg fi\u00e8re et solidaire.\u00a0\u00bb<\/p>\n<p>    <img width=\"800\" height=\"600\" src=\"https:\/\/www.europesays.com\/fr\/wp-content\/uploads\/2025\/10\/img-1940-grande-800x600.jpeg\" class=\"attachment-image-size-L size-image-size-L\" alt=\"halima meneceur lfi\" decoding=\"async\" loading=\"lazy\"  \/>         \u00a9\u00a0Nicolas Kaspar \/ Pokaa <\/p>\n<p>\u00ab\u00a0On ne sera pas l\u00e0 pour faire de la figuration\u00a0\u00bb : quels objectifs pour LFI \u00e0 Strasbourg ?<\/p>\n<p class=\"p1\"><b>S\u2019il faudra attendre quelques jours suppl\u00e9mentaires pour d\u00e9couvrir le programme, sur lequel 50 personnes ont travaill\u00e9<\/b>, Florian Kobryn a pu d\u00e9voiler quelques pistes, notamment sur le fait d\u2019\u00eatre fier \u00ab de [notre] histoire de ville libre [\u2026], de notre mod\u00e8le social alsacien [\u2026], de nos luttes environnementales \u00bb. Ajoutant : \u00ab\u00a0Strasbourg doit \u00eatre un syst\u00e8me de protection, un abri contre le chaos du monde, un mod\u00e8le \u00e0 b\u00e2tir.\u00a0\u00bb<\/p>\n<p class=\"p1\">Il explique \u00e9galement \u00ab qu\u2019il y a urgence \u00e0 restaurer le lien d\u00e9mocratique, \u00e0 g\u00e9n\u00e9raliser le principe de gratuit\u00e9 des services publics, et \u00e0 engager la bifurcation \u00e9cologique du territoire \u00bb. <b>Il souhaite \u00ab\u00a0sortir Strasbourg de la logique gestionnaire, de l\u2019impuissance politique et de la demi-mesure\u00a0\u00bb <\/b>et \u00ab\u00a0incarner la devise europ\u00e9enne, unie dans la diversit\u00e9\u00a0\u00bb.<\/p>\n<blockquote><p>\n        En 2026, une autre ville est possible.    <\/p><\/blockquote>\n<p>            Florian Korbyn, t\u00eate de liste LFI aux municipales<\/p>\n<p>    <img width=\"328\" height=\"600\" src=\"https:\/\/www.europesays.com\/fr\/wp-content\/uploads\/2025\/10\/img-1956-grande-328x600.jpeg\" class=\"attachment-image-size-M size-image-size-M\" alt=\"florian kobryn lfi\" decoding=\"async\" loading=\"lazy\"  \/>         \u00a9\u00a0Nicolas Kaspar \/ Pokaa <\/p>\n<p class=\"p1\">Des objectifs qui motivent LFI \u00e0 peser dans la campagne municipale strasbourgeoise. D\u2019ailleurs, selon Emmanuel Fernandes, LFI \u00ab ne sera pas l\u00e0 pour faire de la figuration \u00bb. Comprendre : <b>le mouvement compte bien s\u2019imposer comme la force principale \u00e0 gauche \u00e0 Strasbourg, devant les \u00c9cologistes et leurs potentiels alli\u00e9s<\/b>. Pour cela, il devra r\u00e9ussir \u00e0 lancer une dynamique autour de la figure de Florian Kobryn, bien connue des milieux associatifs, mais moins du grand public.<\/p>\n<p class=\"p1\"><b>De cette r\u00e9ussite, ou non, d\u00e9pendront sans doute les r\u00e9sultats de LFI au premier tour, et les strat\u00e9gies qui s\u2019ensuivront<\/b>. En attendant le programme, des \u00ab\u00a0on va gagner\u00a0\u00bb tr\u00e8s enthousiastes ont r\u00e9sonn\u00e9 longtemps dans l\u2019enceinte du FEC, \u00e0 tel point que certaines personnes ont eu besoin de se boucher les oreilles. Reste \u00e0 transformer l\u2019essai de cet enthousiasme en campagne des municipales.<\/p>\n","protected":false},"excerpt":{"rendered":"Ce mardi 14 octobre, La France insoumise (LFI) a d\u00e9sign\u00e9 sa t\u00eate de liste pour les municipales \u00e0&hellip;\n","protected":false},"author":2,"featured_media":463816,"comment_status":"","ping_status":"","sticky":false,"template":"","format":"standard","meta":{"footnotes":""},"categories":[2820],"tags":[1111,11,1777,674,3678,1011,27,775,780,3434,49909,12,25,640],"class_list":{"0":"post-463815","1":"post","2":"type-post","3":"status-publish","4":"format-standard","5":"has-post-thumbnail","7":"category-strasbourg","8":"tag-actu","9":"tag-actualites","10":"tag-eu","11":"tag-europe","12":"tag-florian-kobryn","13":"tag-fr","14":"tag-france","15":"tag-grand-est","16":"tag-lfi","17":"tag-municipales-2026","18":"tag-municipales-strasbourg","19":"tag-news","20":"tag-republique-francaise","21":"tag-strasbourg"},"share_on_mastodon":{"url":"https:\/\/pubeurope.com\/@fr\/115375799590624282","error":""},"_links":{"self":[{"href":"https:\/\/www.europesays.com\/fr\/wp-json\/wp\/v2\/posts\/463815","targetHints":{"allow":["GET"]}}],"collection":[{"href":"https:\/\/www.europesays.com\/fr\/wp-json\/wp\/v2\/posts"}],"about":[{"href":"https:\/\/www.europesays.com\/fr\/wp-json\/wp\/v2\/types\/post"}],"author":[{"embeddable":true,"href":"https:\/\/www.europesays.com\/fr\/wp-json\/wp\/v2\/users\/2"}],"replies":[{"embeddable":true,"href":"https:\/\/www.europesays.com\/fr\/wp-json\/wp\/v2\/comments?post=463815"}],"version-history":[{"count":0,"href":"https:\/\/www.europesays.com\/fr\/wp-json\/wp\/v2\/posts\/463815\/revisions"}],"wp:featuredmedia":[{"embeddable":true,"href":"https:\/\/www.europesays.com\/fr\/wp-json\/wp\/v2\/media\/463816"}],"wp:attachment":[{"href":"https:\/\/www.europesays.com\/fr\/wp-json\/wp\/v2\/media?parent=463815"}],"wp:term":[{"taxonomy":"category","embeddable":true,"href":"https:\/\/www.europesays.com\/fr\/wp-json\/wp\/v2\/categories?post=463815"},{"taxonomy":"post_tag","embeddable":true,"href":"https:\/\/www.europesays.com\/fr\/wp-json\/wp\/v2\/tags?post=463815"}],"curies":[{"name":"wp","href":"https:\/\/api.w.org\/{rel}","templated":true}]}}