{"id":463820,"date":"2025-10-15T02:24:21","date_gmt":"2025-10-15T02:24:21","guid":{"rendered":"https:\/\/www.europesays.com\/fr\/463820\/"},"modified":"2025-10-15T02:24:21","modified_gmt":"2025-10-15T02:24:21","slug":"mercredis-du-jazz-pannonica-la-baronne-du-jazz-a-mauduit","status":"publish","type":"post","link":"https:\/\/www.europesays.com\/fr\/463820\/","title":{"rendered":"Mercredis du jazz\u00a0: Pannonica, la Baronne du jazz \u00e0 Mauduit"},"content":{"rendered":"<p>Didier Toublanc, de l\u2019Acad\u00e9mie du Jazz de l\u2019Ouest, sera accompagn\u00e9 par C\u00f4te Ouest Jazz Quintet pour pr\u00e9senter cette l\u00e9gende du jazz.<\/p>\n<p>Presse Oc\u00e9an\u00a0: Qui est Pannonica\u00a0?<\/p>\n<p><strong>Didier Toublanc<\/strong>\u00a0: \u00ab\u00a0Issue de la branche anglaise des Rothschild, Pannonica est n\u00e9e en 1913 \u00e0 Londres. Sa m\u00e8re Rosika, Hongroise est championne de tennis, et son p\u00e8re Charles Rothschild, est banquier par devoir filial et entomologiste par passion. Il donnera d\u2019ailleurs comme pr\u00e9nom \u00e0 sa fille le nom d\u2019un papillon de nuit. Enfant rebelle, adolescente intr\u00e9pide et jeune femme au d\u00e9sir d\u2019aventure, elle se d\u00e9couvre une passion pour l\u2019automobile et l\u2019aviation et s\u2019engage activement dans l\u2019action pendant la Seconde Guerre mondiale.\u00a0\u00bb<\/p>\n<p>Comment d\u00e9couvre-t-elle le Jazz\u00a0?<\/p>\n<p>\u00ab\u00a0Son fr\u00e8re Victor, qui a d\u00e9couvert cette musique lors d\u2019un voyage en Am\u00e9rique, lui fait \u00e9couter \u00e0 son retour \u00e0 Londres des enregistrements de Duke Ellington, et il l\u2019emm\u00e8ne assister \u00e0 un concert de Benny Goodman. C\u2019est alors pour Pannonica une v\u00e9ritable r\u00e9v\u00e9lation, et le jazz r\u00e9sonne \u00e0 ses oreilles comme un hymne \u00e0 la libert\u00e9.\u00a0\u00bb<\/p>\n<p><a href=\"https:\/\/nantes.maville.com\/actu\/actudet_-mercredis-du-jazz.-louis-armstrong-la-veritable-legende-du-jazz-avec-l-academie-du-jazz-de-l-ouest-_8-6796617_actu.Htm?utm_source=troove&amp;utm_medium=site\" target=\"_blank\" rel=\"noopener\"> <strong>?? LIRE AUSSI\u00a0: Mercredis du jazz. Louis Armstrong\u00a0: la v\u00e9ritable l\u00e9gende du jazz avec l\u2019Acad\u00e9mie du jazz de l\u2019ouest<\/strong> <\/a><\/p>\n<p>Comment se manifeste sa passion pour le jazz et les jazzmen\u00a0?<\/p>\n<p>\u00ab\u00a0La vie mondaine qui est la sienne apr\u00e8s son mariage avec le diplomate Jules de Koenigswarter lui devient vite insupportable, et apr\u00e8s une s\u00e9paration \u00e0 l\u2019amiable, elle gagne les USA o\u00f9 elle s\u2019immerge avec fr\u00e9n\u00e9sie dans le tourbillon nocturne des clubs de jazz de New York, tissant des liens \u00e9troits avec les musiciens qui, gagn\u00e9s par son \u00e9l\u00e9gance, sa gentillesse, sa g\u00e9n\u00e9rosit\u00e9 et son humour la surnommeront\u2019\u2019la baronne\u2019\u2019 ou\u2019\u2019Nica\u2019\u2019.\u00bb<\/p>\n<p>Elle a \u00e9t\u00e9 aussi une v\u00e9ritable m\u00e9c\u00e8ne\u00a0?<\/p>\n<p>\u00ab\u00a0Pour beaucoup, de Charlie Parker \u00e0 Bud Powell, de Thelonious Monk \u00e0 Miles Davis et bien d\u2019autres, elle sera beaucoup plus qu\u2019un simple m\u00e9c\u00e8ne, se tenant \u00e0 leur chevet quand ils sont malades, remplissant leurs frigos vides, payant leur loyer\u2026 quand elle ne les h\u00e9berge pas elle-m\u00eame. Elle lutte \u00e9galement bec et\u00a0ongles contre les autorit\u00e9s pour l\u2019abolition de mesures discriminatoires \u00e0 l\u2019\u00e9gard de leur profession ou de leur couleur de peau.\u00a0Cette attitude audacieuse dans une Am\u00e9rique s\u00e9gr\u00e9gationniste l\u2019a souvent fait m\u00e9priser, notamment par la presse \u00e0 scandale, la faisant passer pour une dr\u00f4lesse fantasque et excentrique.\u00a0Mais nombreux sont les jazzmen qui, pour l\u2019honorer et lui rendre l\u2019amour sans calcul qu\u2019elle leur prodiguait, ont \u00e9crit pour elle de belles compositions, parfois devenues de grands standards de jazz.\u00a0\u00bb<\/p>\n<p>L\u2019info en plus<\/p>\n<p>Prochain rendez-vous<\/p>\n<p>25e \u00e9dition du Festival La Nuit du Jazz, samedi 8\u00a0novembre \u00e0 La Cit\u00e9 des Congr\u00e8s. Th\u00e8me\u00a0: La Nuit du Jazz chante les plus grandes voix du jazz. Renseignements\u00a0: 02\u00a051\u00a072\u00a001\u00a001 www.academiedujazzdelouest.com<\/p>\n<p>\u00a0<\/p>\n","protected":false},"excerpt":{"rendered":"Didier Toublanc, de l\u2019Acad\u00e9mie du Jazz de l\u2019Ouest, sera accompagn\u00e9 par C\u00f4te Ouest Jazz Quintet pour pr\u00e9senter cette&hellip;\n","protected":false},"author":2,"featured_media":463821,"comment_status":"","ping_status":"","sticky":false,"template":"","format":"standard","meta":{"footnotes":""},"categories":[2818],"tags":[1111,11,58805,1777,674,1011,27,6910,58806,58803,766,12,58804,2636,25,3272],"class_list":{"0":"post-463820","1":"post","2":"type-post","3":"status-publish","4":"format-standard","5":"has-post-thumbnail","7":"category-nantes","8":"tag-actu","9":"tag-actualites","10":"tag-baronne","11":"tag-eu","12":"tag-europe","13":"tag-fr","14":"tag-france","15":"tag-jazz","16":"tag-mauduit","17":"tag-mercredis","18":"tag-nantes","19":"tag-news","20":"tag-pannonica","21":"tag-pays-de-la-loire","22":"tag-republique-francaise","23":"tag-saint-nazaire"},"share_on_mastodon":{"url":"https:\/\/pubeurope.com\/@fr\/115375811003679046","error":""},"_links":{"self":[{"href":"https:\/\/www.europesays.com\/fr\/wp-json\/wp\/v2\/posts\/463820","targetHints":{"allow":["GET"]}}],"collection":[{"href":"https:\/\/www.europesays.com\/fr\/wp-json\/wp\/v2\/posts"}],"about":[{"href":"https:\/\/www.europesays.com\/fr\/wp-json\/wp\/v2\/types\/post"}],"author":[{"embeddable":true,"href":"https:\/\/www.europesays.com\/fr\/wp-json\/wp\/v2\/users\/2"}],"replies":[{"embeddable":true,"href":"https:\/\/www.europesays.com\/fr\/wp-json\/wp\/v2\/comments?post=463820"}],"version-history":[{"count":0,"href":"https:\/\/www.europesays.com\/fr\/wp-json\/wp\/v2\/posts\/463820\/revisions"}],"wp:featuredmedia":[{"embeddable":true,"href":"https:\/\/www.europesays.com\/fr\/wp-json\/wp\/v2\/media\/463821"}],"wp:attachment":[{"href":"https:\/\/www.europesays.com\/fr\/wp-json\/wp\/v2\/media?parent=463820"}],"wp:term":[{"taxonomy":"category","embeddable":true,"href":"https:\/\/www.europesays.com\/fr\/wp-json\/wp\/v2\/categories?post=463820"},{"taxonomy":"post_tag","embeddable":true,"href":"https:\/\/www.europesays.com\/fr\/wp-json\/wp\/v2\/tags?post=463820"}],"curies":[{"name":"wp","href":"https:\/\/api.w.org\/{rel}","templated":true}]}}