{"id":463826,"date":"2025-10-15T02:27:14","date_gmt":"2025-10-15T02:27:14","guid":{"rendered":"https:\/\/www.europesays.com\/fr\/463826\/"},"modified":"2025-10-15T02:27:14","modified_gmt":"2025-10-15T02:27:14","slug":"antton-racca-en-dedicace-a-la-fnac-bordeaux-et-lyon-bellecour","status":"publish","type":"post","link":"https:\/\/www.europesays.com\/fr\/463826\/","title":{"rendered":"Antton Racca en d\u00e9dicace \u00e0 la Fnac Bordeaux et Lyon Bellecour"},"content":{"rendered":"<p>La Fnac est heureuse d\u2019accueillir le cin\u00e9aste, cr\u00e9ateur de contenu aux 8,5 millions d\u2019abonn\u00e9s sur les r\u00e9seaux sociaux et auteur, \u00e0 l\u2019occasion d\u2019une s\u00e9ance de d\u00e9dicace de son tout nouveau livre et premier thriller young adult : \u00ab\u00a0Les disparues de Saint-Joseph\u00a0\u00bb (parution 16 oct. 2025, \u00c9d. Michel Lafon).<\/p>\n<p><strong>Une<strong>\u00a0intrigue au suspense psychologique captivant, \u00e0 d\u00e9couvrir sans attendre !<\/strong><strong\/><\/strong><\/p>\n<p>Cin\u00e9aste et cr\u00e9ateur de contenu,<strong> Antton Racca <\/strong>rassemble une tr\u00e8s large communaut\u00e9 d\u2019abonn\u00e9s avec 6 millions sur TikTok, 2,2 millions sur YouTube et 630 000 sur Instagram. Il est connu pour ses courts m\u00e9trages de fiction o\u00f9 il invente ses propres histoires en m\u00ealant com\u00e9die, th\u00e9\u00e2tre et suspense. Antton Racca collabore \u00e9galement avec des g\u00e9ants de l\u2019industrie comme Warner Bros. France Paramount\u00a0+,\u00a0Universal Pictures France.<\/p>\n<p><a href=\"https:\/\/www.fnac.com\/a21720163\/Antton-Racca-Les-Disparues-de-Saint-Joseph\" target=\"_blank\" rel=\"nofollow noopener\"><img decoding=\"async\" class=\"floatl\" style=\"width: 145px; height: 233px; padding-right: 10px;\" src=\"https:\/\/www.europesays.com\/fr\/wp-content\/uploads\/2025\/10\/2507605.jpg\" alt=\"Les-Disparues-de-Saint-Joseph\"\/><\/a>1984. Dans le petit village de Saint-Joseph, huit fillettes ont disparu en l\u2019espace de quelques semaines. Malgr\u00e9 un \u00e9norme dispositif mis en place par la police, aucune de ces petites filles ne sera jamais retrouv\u00e9e. 40 ans plus tard, deux amis d\u00e9cident d\u2019aller enqu\u00eater sur place et vont d\u00e9couvrir la terrible v\u00e9rit\u00e9 sur leur disparition.<br \/><strong\/><\/p>\n<p style=\"text-align: left;\"><strong>\u25ba Rendez-vous \u00e0 la Fnac lors de sa s\u00e9ance de d\u00e9dicaces !<\/strong><\/p>\n<p style=\"text-align: center;\">*\u00c9v\u00e9nement gratuit, acc\u00e8s dans la limite des places disponibles<\/p>\n<p>        <img decoding=\"async\" src=\"https:\/\/www.europesays.com\/fr\/wp-content\/uploads\/2025\/04\/logo-rse.png\" alt=\"Logo RSE\" loading=\"lazy\" width=\"84\" height=\"116\"\/><\/p>\n<p>\n        La Fnac s\u2019engage activement dans les initiatives de responsabilit\u00e9 soci\u00e9tale des entreprises (RSE).\n    <\/p>\n<p>\n        Aidez-nous en choisissant la mobilit\u00e9 douce en privil\u00e9giant par exemple le v\u00e9lo (pistes cyclables et stationnements \u00e0 disposition), les transports en commun ou le covoiturage pour nous rejoindre. Ainsi, vous contribuez \u00e0 r\u00e9duire les \u00e9missions de gaz \u00e0 effet de serre et \u00e0 am\u00e9liorer notre qualit\u00e9 de l\u2019air. Pour plus d\u2019information, consultez la fiche du magasin.<br \/>Tous nos \u00e9v\u00e8nements sont en acc\u00e8s gratuit, dans la limite des places disponibles.\n    <\/p>\n","protected":false},"excerpt":{"rendered":"La Fnac est heureuse d\u2019accueillir le cin\u00e9aste, cr\u00e9ateur de contenu aux 8,5 millions d\u2019abonn\u00e9s sur les r\u00e9seaux sociaux&hellip;\n","protected":false},"author":2,"featured_media":463827,"comment_status":"","ping_status":"","sticky":false,"template":"","format":"standard","meta":{"footnotes":""},"categories":[2817],"tags":[1111,11,58807,1997,1777,674,9391,1011,27,12,2219,25,58808,5883],"class_list":{"0":"post-463826","1":"post","2":"type-post","3":"status-publish","4":"format-standard","5":"has-post-thumbnail","7":"category-bordeaux","8":"tag-actu","9":"tag-actualites","10":"tag-antton-racca","11":"tag-bordeaux","12":"tag-eu","13":"tag-europe","14":"tag-evenement-fnac-gratuit","15":"tag-fr","16":"tag-france","17":"tag-news","18":"tag-nouvelle-aquitaine","19":"tag-republique-francaise","20":"tag-roman-young-adult","21":"tag-thriller"},"share_on_mastodon":{"url":"https:\/\/pubeurope.com\/@fr\/115375823302476945","error":""},"_links":{"self":[{"href":"https:\/\/www.europesays.com\/fr\/wp-json\/wp\/v2\/posts\/463826","targetHints":{"allow":["GET"]}}],"collection":[{"href":"https:\/\/www.europesays.com\/fr\/wp-json\/wp\/v2\/posts"}],"about":[{"href":"https:\/\/www.europesays.com\/fr\/wp-json\/wp\/v2\/types\/post"}],"author":[{"embeddable":true,"href":"https:\/\/www.europesays.com\/fr\/wp-json\/wp\/v2\/users\/2"}],"replies":[{"embeddable":true,"href":"https:\/\/www.europesays.com\/fr\/wp-json\/wp\/v2\/comments?post=463826"}],"version-history":[{"count":0,"href":"https:\/\/www.europesays.com\/fr\/wp-json\/wp\/v2\/posts\/463826\/revisions"}],"wp:featuredmedia":[{"embeddable":true,"href":"https:\/\/www.europesays.com\/fr\/wp-json\/wp\/v2\/media\/463827"}],"wp:attachment":[{"href":"https:\/\/www.europesays.com\/fr\/wp-json\/wp\/v2\/media?parent=463826"}],"wp:term":[{"taxonomy":"category","embeddable":true,"href":"https:\/\/www.europesays.com\/fr\/wp-json\/wp\/v2\/categories?post=463826"},{"taxonomy":"post_tag","embeddable":true,"href":"https:\/\/www.europesays.com\/fr\/wp-json\/wp\/v2\/tags?post=463826"}],"curies":[{"name":"wp","href":"https:\/\/api.w.org\/{rel}","templated":true}]}}