{"id":463830,"date":"2025-10-15T02:29:12","date_gmt":"2025-10-15T02:29:12","guid":{"rendered":"https:\/\/www.europesays.com\/fr\/463830\/"},"modified":"2025-10-15T02:29:12","modified_gmt":"2025-10-15T02:29:12","slug":"previsions-du-mercredi-15-octobre-2025-13","status":"publish","type":"post","link":"https:\/\/www.europesays.com\/fr\/463830\/","title":{"rendered":"pr\u00e9visions du mercredi 15 octobre 2025"},"content":{"rendered":"<p class=\"mb-4 text-lg md:leading-8 break-words\"><strong>M\u00e9t\u00e9o &#8211; Le soleil sera dominant, la garantie d&rsquo;une belle journ\u00e9e ! Les temp\u00e9ratures seront de 18\u00b0C la matin\u00e9e et de 23\u00b0C l&rsquo;apr\u00e8s-midi&#8230;<\/strong><\/p>\n<p class=\"mb-4 text-lg md:leading-8 break-words\">Un splendide soleil brillera sur Toulouse, o\u00f9 la journ\u00e9e sera des plus plaisantes. Le mercure affichera 19\u00b0C en moyenne. Un vent de sud-ouest soufflera un peu, avec 4 km\/h dans la matin\u00e9e. Une m\u00e9t\u00e9o plus chaude est pr\u00e9vue l&rsquo;apr\u00e8s-midi \u00e9tant donn\u00e9 que le mercure va enregistrer une l\u00e9g\u00e8re hausse. Les valeurs s&rsquo;\u00e9chelonneront entre 20 et 24\u00b0C. Des \u00e9claircies feront leur apparition dans la soir\u00e9e. Les temp\u00e9ratures avoisineront les 18\u00b0C. Le ciel sera clair dans la nuit de mercredi \u00e0 jeudi.<\/p>\n<p class=\"mb-4 text-lg md:leading-8 break-words\">C&rsquo;est un soleil \u00e9clatant qui va briller demain sur Toulouse. Les temp\u00e9ratures vont chuter de quelques degr\u00e9s. Les valeurs afficheront entre 12 et 24\u00b0C. Une l\u00e9g\u00e8re brise de sud-est soufflera au cours de la matin\u00e9e. Les temp\u00e9ratures vont conna\u00eetre une augmentation de plusieurs degr\u00e9s pendant l&rsquo;apr\u00e8s-midi. Les valeurs seront de 20\u00b0C au plus bas et de 24\u00b0C au plus haut. La ville aura quelques \u00e9claircies demain soir. Un vent d&rsquo;est soufflera doucement.<\/p>\n<p class=\"mb-4 text-lg md:leading-8 break-words\">Les jours qui suivent s&rsquo;annoncent similaires. Comptez sur 18\u00b0C en moyenne qui accompagneront des journ\u00e9es ensoleill\u00e9es.<\/p>\n<p class=\"mb-4 text-lg md:leading-8 break-words\"><a href=\"https:\/\/www.20minutes.fr\/planete\/previsions-meteo\/4179343-20251015-meteo-toulouse-previsions-mercredi-15-octobre-2025?at_medium=RSS%20feed&amp;at_campaign=ynews&amp;utm_source=yahoo&amp;utm_medium=rss&amp;utm_campaign=news_feed&amp;utm_content=read_more_link&quot;\" rel=\"nofollow noopener\" target=\"_blank\" data-ylk=\"slk:Lire la suite sur 20minutes;elm:context_link;itc:0;sec:content-canvas\" class=\"link \">Lire la suite sur 20minutes<\/a><\/p>\n","protected":false},"excerpt":{"rendered":"M\u00e9t\u00e9o &#8211; Le soleil sera dominant, la garantie d&rsquo;une belle journ\u00e9e ! Les temp\u00e9ratures seront de 18\u00b0C la&hellip;\n","protected":false},"author":2,"featured_media":463831,"comment_status":"","ping_status":"","sticky":false,"template":"","format":"standard","meta":{"footnotes":""},"categories":[2816],"tags":[1111,11,28358,1777,674,1011,27,51394,2487,12,2680,25,2312,55606],"class_list":{"0":"post-463830","1":"post","2":"type-post","3":"status-publish","4":"format-standard","5":"has-post-thumbnail","7":"category-toulouse","8":"tag-actu","9":"tag-actualites","10":"tag-belle-journee","11":"tag-eu","12":"tag-europe","13":"tag-fr","14":"tag-france","15":"tag-la-matinee","16":"tag-meteo","17":"tag-news","18":"tag-occitanie","19":"tag-republique-francaise","20":"tag-toulouse","21":"tag-vent-dest"},"share_on_mastodon":{"url":"https:\/\/pubeurope.com\/@fr\/115375830621061353","error":""},"_links":{"self":[{"href":"https:\/\/www.europesays.com\/fr\/wp-json\/wp\/v2\/posts\/463830","targetHints":{"allow":["GET"]}}],"collection":[{"href":"https:\/\/www.europesays.com\/fr\/wp-json\/wp\/v2\/posts"}],"about":[{"href":"https:\/\/www.europesays.com\/fr\/wp-json\/wp\/v2\/types\/post"}],"author":[{"embeddable":true,"href":"https:\/\/www.europesays.com\/fr\/wp-json\/wp\/v2\/users\/2"}],"replies":[{"embeddable":true,"href":"https:\/\/www.europesays.com\/fr\/wp-json\/wp\/v2\/comments?post=463830"}],"version-history":[{"count":0,"href":"https:\/\/www.europesays.com\/fr\/wp-json\/wp\/v2\/posts\/463830\/revisions"}],"wp:featuredmedia":[{"embeddable":true,"href":"https:\/\/www.europesays.com\/fr\/wp-json\/wp\/v2\/media\/463831"}],"wp:attachment":[{"href":"https:\/\/www.europesays.com\/fr\/wp-json\/wp\/v2\/media?parent=463830"}],"wp:term":[{"taxonomy":"category","embeddable":true,"href":"https:\/\/www.europesays.com\/fr\/wp-json\/wp\/v2\/categories?post=463830"},{"taxonomy":"post_tag","embeddable":true,"href":"https:\/\/www.europesays.com\/fr\/wp-json\/wp\/v2\/tags?post=463830"}],"curies":[{"name":"wp","href":"https:\/\/api.w.org\/{rel}","templated":true}]}}