{"id":463834,"date":"2025-10-15T02:32:16","date_gmt":"2025-10-15T02:32:16","guid":{"rendered":"https:\/\/www.europesays.com\/fr\/463834\/"},"modified":"2025-10-15T02:32:16","modified_gmt":"2025-10-15T02:32:16","slug":"tentative-dextorsion-dans-un-bar-a-marseille-sur-fond-de-papier-essuie-tout-et-de-masques-chirurgicaux","status":"publish","type":"post","link":"https:\/\/www.europesays.com\/fr\/463834\/","title":{"rendered":"Tentative d&rsquo;extorsion dans un bar \u00e0 Marseille sur fond de papier essuie-tout et de masques chirurgicaux"},"content":{"rendered":"<p>Le patron d\u2019un bar de la Joliette \u00e0 <a href=\"https:\/\/www.laprovence.com\/bouches-du-rhone\/marseille-13055\" target=\"_blank\" rel=\"noopener\">Marseille<\/a> a re\u00e7u la visite tardive de deux individus mena\u00e7ants dans la nuit de lundi \u00e0 mardi. Le visage partiellement dissimul\u00e9 par des masques chirurgicaux, le duo arriv\u00e9 en trottinette aurait laiss\u00e9 un t\u00e9l\u00e9phone portable au responsable de l\u2019\u00e9tablissement en lui conseillant fortement d\u2019appeler un myst\u00e9rieux interlocuteur sous peine de repr\u00e9sailles. Une enqu\u00eate de police a \u00e9t\u00e9 ouverte pour <a href=\"https:\/\/www.laprovence.com\/article\/faits-divers-justice\/34556923329839\/marseille-arretes-lors-dune-tentative-dextorsion-ils-se-revendiquent-de-la-dz-mafia\" target=\"_blank\" rel=\"noopener\">tentative d\u2019extorsion<\/a>.<\/p>\n<p>Il \u00e9tait 1 heure du matin ce mardi 14\u00a0octobre lorsqu\u2019une trottinette avec \u00e0 son bord deux individus, a stopp\u00e9 sa course devant un restaurant bar lounge du <a href=\"https:\/\/www.laprovence.com\/article\/papier\/5568901\/hommage-unanime-pour-jacques-saade.html\" target=\"_blank\" rel=\"noopener\">boulevard Jacques Saad\u00e9<\/a>, dans le 2e arrondissement de Marseille.<\/p>\n<p>Aussit\u00f4t descendus de leur engin, les deux hommes ont p\u00e9n\u00e9tr\u00e9 dans cet \u00e9tablissement du quai de la Joliette encore fr\u00e9quent\u00e9 par de nombreux clients, puisqu\u2019il ne ferme ses portes qu\u2019\u00e0 2\u00a0heures.<\/p>\n<p>Sans arme mais avec du Sopalin<\/p>\n<p>Le visage partiellement dissimul\u00e9 par des masques chirurgicaux, les individus n\u2019ont pas exhib\u00e9 d\u2019armes, mais auraient d\u00e9pos\u00e9 sur le comptoir un objet grossi\u00e8rement emball\u00e9 dans du papier Sopalin, avant d\u2019indiquer au patron qu\u2019il s\u2019agissait d\u2019un t\u00e9l\u00e9phone portable avec lequel il avait int\u00e9r\u00eat \u00e0 joindre un myst\u00e9rieux interlocuteur sous peine de repr\u00e9sailles.<\/p>\n<p>Repartis direction le Vieux-Port<\/p>\n<p>\u00ab\u00a0Cela ressemble fort \u00e0 une <a href=\"https:\/\/www.laprovence.com\/article\/region\/1141077474000315\/a-avignon-un-homme-interpelle-pour-tentative-dextorsion-sur-un-epicier\" target=\"_blank\" rel=\"noopener\">tentative d\u2019extorsion<\/a>. C\u2019est en tout cas sur ce motif qu\u2019une enqu\u00eate a \u00e9t\u00e9 ouverte\u00a0\u00bb indique une source polici\u00e8re.<\/p>\n<p>Quant aux deux messagers, ils ont quitt\u00e9 les lieux comme ils \u00e9taient venus, \u00e0 trottinette, mais cette fois-ci en direction du Vieux-Port.<\/p>\n","protected":false},"excerpt":{"rendered":"Le patron d\u2019un bar de la Joliette \u00e0 Marseille a re\u00e7u la visite tardive de deux individus mena\u00e7ants&hellip;\n","protected":false},"author":2,"featured_media":463835,"comment_status":"","ping_status":"","sticky":false,"template":"","format":"standard","meta":{"footnotes":""},"categories":[2814],"tags":[17,1111,11,9732,1102,35082,1446,1777,674,274,20820,1011,27,884,12,882,25,3356,7451],"class_list":{"0":"post-463834","1":"post","2":"type-post","3":"status-publish","4":"format-standard","5":"has-post-thumbnail","7":"category-marseille","8":"tag-17","9":"tag-actu","10":"tag-actualites","11":"tag-bar","12":"tag-breakingnews","13":"tag-dextorsion","14":"tag-dans","15":"tag-eu","16":"tag-europe","17":"tag-faits-divers-justice","18":"tag-fond","19":"tag-fr","20":"tag-france","21":"tag-marseille","22":"tag-news","23":"tag-provence-alpes-cote-dazur","24":"tag-republique-francaise","25":"tag-sur","26":"tag-tentative"},"share_on_mastodon":{"url":"https:\/\/pubeurope.com\/@fr\/115375842445389261","error":""},"_links":{"self":[{"href":"https:\/\/www.europesays.com\/fr\/wp-json\/wp\/v2\/posts\/463834","targetHints":{"allow":["GET"]}}],"collection":[{"href":"https:\/\/www.europesays.com\/fr\/wp-json\/wp\/v2\/posts"}],"about":[{"href":"https:\/\/www.europesays.com\/fr\/wp-json\/wp\/v2\/types\/post"}],"author":[{"embeddable":true,"href":"https:\/\/www.europesays.com\/fr\/wp-json\/wp\/v2\/users\/2"}],"replies":[{"embeddable":true,"href":"https:\/\/www.europesays.com\/fr\/wp-json\/wp\/v2\/comments?post=463834"}],"version-history":[{"count":0,"href":"https:\/\/www.europesays.com\/fr\/wp-json\/wp\/v2\/posts\/463834\/revisions"}],"wp:featuredmedia":[{"embeddable":true,"href":"https:\/\/www.europesays.com\/fr\/wp-json\/wp\/v2\/media\/463835"}],"wp:attachment":[{"href":"https:\/\/www.europesays.com\/fr\/wp-json\/wp\/v2\/media?parent=463834"}],"wp:term":[{"taxonomy":"category","embeddable":true,"href":"https:\/\/www.europesays.com\/fr\/wp-json\/wp\/v2\/categories?post=463834"},{"taxonomy":"post_tag","embeddable":true,"href":"https:\/\/www.europesays.com\/fr\/wp-json\/wp\/v2\/tags?post=463834"}],"curies":[{"name":"wp","href":"https:\/\/api.w.org\/{rel}","templated":true}]}}