{"id":463838,"date":"2025-10-15T02:35:26","date_gmt":"2025-10-15T02:35:26","guid":{"rendered":"https:\/\/www.europesays.com\/fr\/463838\/"},"modified":"2025-10-15T02:35:26","modified_gmt":"2025-10-15T02:35:26","slug":"alerte-rouge-a-la-mairie","status":"publish","type":"post","link":"https:\/\/www.europesays.com\/fr\/463838\/","title":{"rendered":"Alerte rouge \u00e0 la mairie"},"content":{"rendered":"<p>            Par<br \/>\n        <strong><br \/>\n            <a href=\"https:\/\/actu.fr\/auteur\/nicolas-zaugra\" title=\"Consulter tous les articles de Nicolas Zaugra\" target=\"_blank\" rel=\"noopener\">Nicolas Zaugra<\/a><br \/>\n        <\/strong><\/p>\n<p>        Publi\u00e9 le<\/p>\n<p>            14 oct. 2025 \u00e0 18h49<br \/>\n        ; mis \u00e0 jour le 14 oct. 2025 \u00e0 19h55    <\/p>\n<p><strong>Jean-Michel Aulas<\/strong> ultra-favori \u00e0 cinq mois des \u00e9lections municipales 2026 \u00e0 <a href=\"https:\/\/actu.fr\/lyon\/\" target=\"_blank\" rel=\"noopener\">Lyon<\/a> ? Un nouveau <a href=\"https:\/\/actu.fr\/auvergne-rhone-alpes\/lyon_69123\/lyon-municipales-2026-jean-michel-aulas-battrait-tres-largement-gregory-doucet-selon-un-sondage_63295872.html\" target=\"_blank\" rel=\"noopener\">sondage<\/a> publi\u00e9 ce mardi confirme une dynamique en faveur du candidat et ex-patron de l\u2019OL. Avec une hypoth\u00e8se \u00e0 <strong>47% d\u2019intention de vote proche d\u2019une \u00e9lection d\u00e8s le premier tour<\/strong> et un second tour o\u00f9 il plie le match de loin face \u00e0 <a href=\"https:\/\/actu.fr\/auvergne-rhone-alpes\/lyon_69123\/municipales-2026-gregory-doucet-charge-jean-michel-aulas-il-insulte-les-lyonnais_63271850.html\" target=\"_blank\" rel=\"noopener\">Gr\u00e9gory Doucet<\/a>, le chef d\u2019entreprise confirme sa position de force. Autour du candidat, on s\u2019amuse d\u2019\u00e9cologistes \u00ab\u00a0d\u00e9pass\u00e9s\u00a0\u00bb, \u00ab\u00a0en panique\u00a0\u00bb et \u00ab\u00a0oblig\u00e9s de pr\u00e9cipiter leur campagne\u00a0\u00bb tandis qu\u2019autour du maire, on tente de prendre du recul.\u00a0<\/p>\n<p>Une \u00ab\u00a0dynamique\u00a0\u00bb autour de Jean-Michel Aulas<\/p>\n<p class=\" wall-content\">Le sondage de Mag2Lyon mesure Jean-Michel Aulas entre 44 et 47% d\u2019intentions de vote au premier tour face \u00e0 Gr\u00e9gory Doucet, donn\u00e9 entre 23 et 33% selon les sc\u00e9narios envisag\u00e9s. Au second tour, une seule hypoth\u00e8se est test\u00e9e entre les deux rivaux : Aulas plierait largement le match avec 61% face \u00e0 Gr\u00e9gory Doucet, donn\u00e9 \u00e0 39%. Il y a 10% qui ne donnent pas d\u2019intention de vote.<\/p>\n<p class=\" wall-content\">\u00ab\u00a0Cela refl\u00e8te la dynamique du terrain\u00a0\u00bb, commente un tr\u00e8s proche de JMA. \u00ab\u00a0Le positionnement de notre campagne est millim\u00e9tr\u00e9\u00a0\u00bb, dit-il, entre cartes postales strat\u00e9giquement envoy\u00e9es par le candidat, mesures annonc\u00e9es au compte-goutte et d\u00e9placements bien pr\u00e9par\u00e9s (premier meeting, march\u00e9\u2026).<\/p>\n<p>\u00ab\u00a0C\u2019est la panique \u00e0 l\u2019h\u00f4tel de ville, il y a alerte rouge\u00a0\u00bb<\/p>\n<p class=\" wall-content\">\u00ab\u00a0La dynamique, c\u2019est la marque Aulas, la soci\u00e9t\u00e9 civile\u00a0\u00bb, poursuit ce soutien tr\u00e8s actif dans la campagne. M\u00eame si le candidat est soutenu par LR et le bloc central. Mais un tel score potentiel, c\u2019est avant tout le nom Jean-Michel Aulas qui en est la cons\u00e9quence, affirment certains proches.\u00a0<\/p>\n<blockquote class=\"ac-article-quote wall-content\">\n<p>M\u00eame si ce sondage montre une satisfaction autour de mesures \u00e9cologistes, il y a un ph\u00e9nom\u00e8ne d&rsquo;overdose, quand on d\u00e9passe les limites, on contraint, on punit, c&rsquo;est ce qui se produit. C&rsquo;est ce que l&rsquo;on ressent sur le terrain. La situation est violente.<\/p>\n<p>    <strong>Un soutien de Jean-Michel Aulas <\/strong>\n            <\/p><\/blockquote>\n<p class=\" wall-content\">\u00ab\u00a0C\u2019est la panique \u00e0 l\u2019h\u00f4tel de ville, il y a alerte rouge\u00a0\u00bb, s\u2019amuse un membre de l\u2019\u00e9quipe de campagne. \u00ab\u00a0Ils vont devoir envoyer leurs troupes plus t\u00f4t sur le terrain. L\u00e0, nous sommes bien seuls en campagne\u00a0\u00bb, remarque un centriste.<\/p>\n<p class=\" wall-content\">Mais, un proche de Jean-Michel Aulas temp\u00e8re la joie. \u00ab\u00a0Attention, la v\u00e9rit\u00e9 d\u2019aujourd\u2019hui n\u2019est pas forc\u00e9ment celle de demain. Il faut rester prudent et ne pas sous-estimer notre adversaire.\u00a0\u00bb<\/p>\n<p>Votre r\u00e9gion, votre actu !<\/p>\n<p>Recevez chaque jour les infos qui comptent pour vous.<\/p>\n<p>\t<a href=\"https:\/\/actu.fr\/newsletter\" class=\"ac-btn ac-btn--corner ac-btn--medium ac-btn--blue800\" target=\"_blank\" rel=\"noopener\">S&rsquo;incrire<\/a><br \/>\nChez les \u00c9cologistes, on temp\u00e8re le sondage<\/p>\n<p class=\" wall-content\">Pas de commentaire officiel chez les \u00c9cologistes. Mais dans les entourages, \u00e9lus et conseillers temp\u00e8rent les r\u00e9sultats de ce sondage. Un faible \u00e9chantillon, un institut peu connu et surtout une campagne pas vraiment commenc\u00e9e.<\/p>\n<p class=\" wall-content\">On fait aussi remarquer que la dynamique de Jean-Michel Aulas, s\u2019il y en a une, doit encore se confirmer dans d\u2019autres sondages et qu\u2019il est t\u00f4t pour s\u2019alerter. Mais en coulisses, le maire sortant se pr\u00e9pare \u00e0 une pr\u00e9-campagne : des \u00e9quipes se constituent, des propositions sont d\u00e9battues et les alliances politiques sont en cours de finalisation.\u00a0<\/p>\n<p class=\" wall-content\"><strong>Gr\u00e9gory Doucet est en tout cas en pr\u00e9-campagne<\/strong>. Il l\u2019a d\u00e9marr\u00e9 sur actu Lyon dans une interview muscl\u00e9e publi\u00e9e jeudi 9 octobre dans laquelle il attaque directement Jean-Michel Aulas qu\u2019il accuse \u00ab\u00a0d\u2019insulter les Lyonnais\u00a0\u00bb. Ses soutiens ont aussi lanc\u00e9 des comptes \u00ab\u00a0Avec Doucet\u00a0\u00bb sur Instagram ou TikTok pour valoriser l\u2019image du maire\u2026<\/p>\n<p class=\" wall-content\">Personnalisez votre actualit\u00e9 en ajoutant vos villes et m\u00e9dias en favori avec <a href=\"https:\/\/moncompte.actu.fr\" title=\"D\u00e9couvez Mon Actu\" rel=\"nofollow noopener\" data-trk=\"{&quot;cta&quot;:{&quot;action&quot;:&quot;https:\\\/\\\/moncompte.actu.fr&quot;,&quot;category&quot;:&quot;mon compte&quot;,&quot;from&quot;:&quot;article footer&quot;,&quot;name&quot;:&quot;Mon actu&quot;,&quot;type&quot;:&quot;cta&quot;}}\" target=\"_blank\">Mon Actu<\/a>.<\/p>\n","protected":false},"excerpt":{"rendered":"Par Nicolas Zaugra Publi\u00e9 le 14 oct. 2025 \u00e0 18h49 ; mis \u00e0 jour le 14 oct. 2025&hellip;\n","protected":false},"author":2,"featured_media":463839,"comment_status":"","ping_status":"","sticky":false,"template":"","format":"standard","meta":{"footnotes":""},"categories":[1889],"tags":[1111,11,2430,4188,1777,674,1011,27,5226,5227,2428,3434,12,316,25],"class_list":{"0":"post-463838","1":"post","2":"type-post","3":"status-publish","4":"format-standard","5":"has-post-thumbnail","7":"category-lyon","8":"tag-actu","9":"tag-actualites","10":"tag-auvergne-rhone-alpes","11":"tag-elections-municipales","12":"tag-eu","13":"tag-europe","14":"tag-fr","15":"tag-france","16":"tag-gregory-doucet","17":"tag-jean-michel-aulas","18":"tag-lyon","19":"tag-municipales-2026","20":"tag-news","21":"tag-politique","22":"tag-republique-francaise"},"share_on_mastodon":{"url":"https:\/\/pubeurope.com\/@fr\/115375854228000157","error":""},"_links":{"self":[{"href":"https:\/\/www.europesays.com\/fr\/wp-json\/wp\/v2\/posts\/463838","targetHints":{"allow":["GET"]}}],"collection":[{"href":"https:\/\/www.europesays.com\/fr\/wp-json\/wp\/v2\/posts"}],"about":[{"href":"https:\/\/www.europesays.com\/fr\/wp-json\/wp\/v2\/types\/post"}],"author":[{"embeddable":true,"href":"https:\/\/www.europesays.com\/fr\/wp-json\/wp\/v2\/users\/2"}],"replies":[{"embeddable":true,"href":"https:\/\/www.europesays.com\/fr\/wp-json\/wp\/v2\/comments?post=463838"}],"version-history":[{"count":0,"href":"https:\/\/www.europesays.com\/fr\/wp-json\/wp\/v2\/posts\/463838\/revisions"}],"wp:featuredmedia":[{"embeddable":true,"href":"https:\/\/www.europesays.com\/fr\/wp-json\/wp\/v2\/media\/463839"}],"wp:attachment":[{"href":"https:\/\/www.europesays.com\/fr\/wp-json\/wp\/v2\/media?parent=463838"}],"wp:term":[{"taxonomy":"category","embeddable":true,"href":"https:\/\/www.europesays.com\/fr\/wp-json\/wp\/v2\/categories?post=463838"},{"taxonomy":"post_tag","embeddable":true,"href":"https:\/\/www.europesays.com\/fr\/wp-json\/wp\/v2\/tags?post=463838"}],"curies":[{"name":"wp","href":"https:\/\/api.w.org\/{rel}","templated":true}]}}