{"id":463849,"date":"2025-10-15T02:42:14","date_gmt":"2025-10-15T02:42:14","guid":{"rendered":"https:\/\/www.europesays.com\/fr\/463849\/"},"modified":"2025-10-15T02:42:14","modified_gmt":"2025-10-15T02:42:14","slug":"lotan-se-reunit-pour-renforcer-sa-riposte-apres-des-intrusions-russes-lexpress","status":"publish","type":"post","link":"https:\/\/www.europesays.com\/fr\/463849\/","title":{"rendered":"L&rsquo;Otan se r\u00e9unit pour renforcer sa riposte apr\u00e8s des intrusions russes \u2013 L&rsquo;Express"},"content":{"rendered":"<p class=\"paragraph article-body-paragraph article__item   article-body-paragraph--first \">Nous avons fait ce pourquoi nous sommes entra\u00een\u00e9s, et cela a march\u00e9, mais nous avons besoin de plus, a r\u00e9sum\u00e9 cette semaine le secr\u00e9taire g\u00e9n\u00e9ral de l&rsquo;Otan Mark Rutte, en \u00e9voquant la r\u00e9ponse de l&rsquo;Alliance.<\/p>\n<p class=\"paragraph article-body-paragraph article__item   \">L&rsquo;intrusion d&rsquo;une vingtaine de drones russes en septembre dans l&rsquo;espace a\u00e9rien polonais avait contraint l&rsquo;Otan \u00e0 en abattre trois, une premi\u00e8re depuis sa cr\u00e9ation en 1949. Quelques jours plus tard, les chasseurs de l&rsquo;Otan avaient escort\u00e9 trois MiG russes hors du ciel estonien, apr\u00e8s une intrusion ayant dur\u00e9 12 minutes, un record.<\/p>\n<p class=\"paragraph article-body-paragraph article__item   \">Cette r\u00e9ponse dans l&rsquo;urgence avait \u00e9t\u00e9 suivie par le lancement de l&rsquo;op\u00e9ration Eastern Sentry (sentinelle orientale) pour renforcer la surveillance du flanc est de l&rsquo;Alliance.<\/p>\n<p class=\"paragraph article-body-paragraph article__item   \">Mais plusieurs pays estiment qu&rsquo;il faut aller plus loin en am\u00e9liorant la riposte et en se donnant plus de moyens, selon des diplomates.<\/p>\n<p class=\"paragraph article-body-paragraph article__item   \">L&rsquo;Otan envisage ainsi d&rsquo;affiner ses r\u00e8gles d&rsquo;engagement en donnant davantage de flexibilit\u00e9 \u00e0 son commandement militaire. <\/p>\n<p class=\"paragraph article-body-paragraph article__item   \">L&rsquo;id\u00e9e est de simplifier les r\u00e8gles qui reposent sur des syst\u00e8mes diff\u00e9rents et qui limitent parfois la capacit\u00e9 d&rsquo;agir du commandement militaire de l&rsquo;Alliance, ont expliqu\u00e9 ces diplomates.<\/p>\n<p class=\"paragraph article-body-paragraph article__item   \">Les ministres discuteront \u00e9galement des moyens de renforcer les moyens de d\u00e9fense et de dissuasion face \u00e0 ces incursions multiples de drones russes ou non identifi\u00e9s, comme cela a \u00e9t\u00e9 le cas au Danemark avant un sommet europ\u00e9en.<\/p>\n<p class=\"paragraph article-body-paragraph article__item   \">L&rsquo;Union europ\u00e9enne, dont les ministres de la D\u00e9fense se r\u00e9uniront dans la soir\u00e9e mercredi apr\u00e8s l&rsquo;Otan, a propos\u00e9 un mur antidrones pour y faire face.<\/p>\n<p class=\"paragraph article-body-paragraph article__item   \">L&rsquo;Otan y est favorable, a assur\u00e9 son secr\u00e9taire g\u00e9n\u00e9ral, encore faut-il que cela se fasse en bonne intelligence avec l&rsquo;Alliance. Celle-ci doit rester ma\u00eetre d&rsquo;\u0153uvre, en indiquant \u00e0 l&rsquo;UE ce qu&rsquo;il convient de faire, a assur\u00e9 un diplomate.<\/p>\n<p> Des armes pour l&rsquo;Ukraine <img decoding=\"async\" src=\"https:\/\/www.europesays.com\/fr\/wp-content\/uploads\/2025\/10\/NPISV7XAI5BEFNNW4EOETNNPMY.jpg\" class=\"image-with-legend__cover-img\" alt=\"Le ministre ukrainien de la D\u00e9fense Denys Chmygal assiste \u00e0 une s\u00e9ance au Parlement ukrainien, le 17 juillet 2025 \u00e0 Kiev\" width=\"883\" height=\"0\" loading=\"lazy\"\/><\/p>\n<p class=\"image-with-legend__legend\">Le ministre ukrainien de la D\u00e9fense Denys Chmygal assiste \u00e0 une s\u00e9ance au Parlement ukrainien, le 17 juillet 2025 \u00e0 Kiev<\/p>\n<p class=\"image-with-legend__credits\"> \u00a9  \/ afp.com\/ANDRII NESTERENKO<\/p>\n<p class=\"paragraph article-body-paragraph article__item   \">Les ministres de la D\u00e9fense de l&rsquo;Alliance vont \u00e9galement rencontrer leur homologue ukrainien Denys Chmygal lors d&rsquo;un d\u00e9jeuner de travail et d&rsquo;une r\u00e9union du Groupe de contact sur l&rsquo;Ukraine. Celle-ci sera l&rsquo;occasion pour le ministre ukrainien de rappeler aux pays europ\u00e9ens de l&rsquo;Alliance tout le bien-fond\u00e9 du programme Purl, une initiative lanc\u00e9e par Washington qui permet \u00e0 Kiev d&rsquo;acheter des armes am\u00e9ricaines financ\u00e9es par les Europ\u00e9ens.<\/p>\n<p class=\"paragraph article-body-paragraph article__item   \">Ce programme est vital, et les alli\u00e9s doivent intensifier leurs efforts et contribuer d\u00e8s maintenant pour exercer une pression sur la Russie afin qu&rsquo;elle vienne \u00e0 la table des n\u00e9gociations, a d\u00e9clar\u00e9 mardi l&rsquo;ambassadeur am\u00e9ricain aupr\u00e8s de l&rsquo;Otan Matthew Whitaker.<\/p>\n<p class=\"paragraph article-body-paragraph article__item   \">Kiev a d\u00e9j\u00e0 re\u00e7u deux tranches d&rsquo;aide pour environ deux milliards de dollars, financ\u00e9s par les Pays-Bas, et plusieurs pays scandinaves.<\/p>\n<p class=\"paragraph article-body-paragraph article__item   \">L&rsquo;Allemagne et le Canada se sont engag\u00e9s \u00e0 en financer deux autres, \u00e0 hauteur de 500 millions de dollars chacun, et Kiev esp\u00e8re que deux autres tranches seront rapidement finalis\u00e9es.<\/p>\n<p class=\"paragraph article-body-paragraph article__item   \">La France ne participe pas \u00e0 ce programme, mais r\u00e9fl\u00e9chit au moyen de faire plus pour aider l&rsquo;Ukraine, au moment o\u00f9 son pr\u00e9sident, Volodymyr Zelensky, r\u00e9clame de Paris davantage de syst\u00e8mes de d\u00e9fense antia\u00e9rienne et de missiles, comme il l&rsquo;a d\u00e9clar\u00e9 dimanche lors d&rsquo;un \u00e9change t\u00e9l\u00e9phonique avec son homologue fran\u00e7ais Emmanuel Macron.<\/p>\n<p class=\"paragraph article-body-paragraph article__item   \">Le pr\u00e9sident am\u00e9ricain Donald Trump envisage de son c\u00f4t\u00e9 de permettre \u00e0 l&rsquo;Ukraine de disposer de missiles Tomahawk \u00e0 plus longue port\u00e9e et doit rencontrer le pr\u00e9sident ukrainien Volodymyr Zelensky vendredi.<\/p>\n<p class=\"paragraph article-body-paragraph article__item    article__text__endpicto\">Aucune annonce n&rsquo;est attendue sur ce point mercredi, mais la possibilit\u00e9 de frappes en profondeur pourrait amener Poutine \u00e0 revoir ses calculs, car elle mettrait en danger (&#8230;) des infrastructures \u00e9nerg\u00e9tiques importantes \u00e0 l&rsquo;int\u00e9rieur de la Russie, selon Matthew Whitaker.<\/p>\n","protected":false},"excerpt":{"rendered":"Nous avons fait ce pourquoi nous sommes entra\u00een\u00e9s, et cela a march\u00e9, mais nous avons besoin de plus,&hellip;\n","protected":false},"author":2,"featured_media":463850,"comment_status":"","ping_status":"","sticky":false,"template":"","format":"standard","meta":{"footnotes":""},"categories":[1591],"tags":[11,10944,1887,12,1885,1886,132],"class_list":{"0":"post-463849","1":"post","2":"type-post","3":"status-publish","4":"format-standard","5":"has-post-thumbnail","7":"category-russie","8":"tag-actualites","9":"tag-archives","10":"tag-federation-de-russie","11":"tag-news","12":"tag-russia","13":"tag-russian-federation","14":"tag-russie"},"share_on_mastodon":{"url":"https:\/\/pubeurope.com\/@fr\/115375882367292527","error":""},"_links":{"self":[{"href":"https:\/\/www.europesays.com\/fr\/wp-json\/wp\/v2\/posts\/463849","targetHints":{"allow":["GET"]}}],"collection":[{"href":"https:\/\/www.europesays.com\/fr\/wp-json\/wp\/v2\/posts"}],"about":[{"href":"https:\/\/www.europesays.com\/fr\/wp-json\/wp\/v2\/types\/post"}],"author":[{"embeddable":true,"href":"https:\/\/www.europesays.com\/fr\/wp-json\/wp\/v2\/users\/2"}],"replies":[{"embeddable":true,"href":"https:\/\/www.europesays.com\/fr\/wp-json\/wp\/v2\/comments?post=463849"}],"version-history":[{"count":0,"href":"https:\/\/www.europesays.com\/fr\/wp-json\/wp\/v2\/posts\/463849\/revisions"}],"wp:featuredmedia":[{"embeddable":true,"href":"https:\/\/www.europesays.com\/fr\/wp-json\/wp\/v2\/media\/463850"}],"wp:attachment":[{"href":"https:\/\/www.europesays.com\/fr\/wp-json\/wp\/v2\/media?parent=463849"}],"wp:term":[{"taxonomy":"category","embeddable":true,"href":"https:\/\/www.europesays.com\/fr\/wp-json\/wp\/v2\/categories?post=463849"},{"taxonomy":"post_tag","embeddable":true,"href":"https:\/\/www.europesays.com\/fr\/wp-json\/wp\/v2\/tags?post=463849"}],"curies":[{"name":"wp","href":"https:\/\/api.w.org\/{rel}","templated":true}]}}