{"id":463851,"date":"2025-10-15T02:43:19","date_gmt":"2025-10-15T02:43:19","guid":{"rendered":"https:\/\/www.europesays.com\/fr\/463851\/"},"modified":"2025-10-15T02:43:19","modified_gmt":"2025-10-15T02:43:19","slug":"un-convoi-de-lonu-attaque-la-production-de-petrole-russe-au-plus-bas-2","status":"publish","type":"post","link":"https:\/\/www.europesays.com\/fr\/463851\/","title":{"rendered":"Un convoi de l\u2019ONU attaqu\u00e9, la production de p\u00e9trole russe au plus bas"},"content":{"rendered":"<p class=\"mb-4 text-lg md:leading-8 break-words\"><strong>r\u00e9cap &#8211; \u00ab 20 Minutes \u00bb fait le point pour vous tous les soirs sur le conflit en Ukraine. Ce mardi, la journ\u00e9e a \u00e9t\u00e9 marqu\u00e9e par l&rsquo;attaque russe visant un convoi humanitaire de l&rsquo;ONU<\/strong><\/p>\n<p class=\"mb-4 text-lg md:leading-8 break-words\">Vous avez rat\u00e9 les derniers \u00e9v\u00e9nements sur la <a href=\"https:\/\/www.20minutes.fr\/monde\/ukraine\/?at_medium=RSS%20feed&amp;at_campaign=ynews&amp;utm_source=yahoo&amp;utm_medium=rss&amp;utm_campaign=news_feed&amp;utm_content=in_article_link\" rel=\"nofollow noopener\" target=\"_blank\" data-ylk=\"slk:guerre en Ukraine;elm:context_link;itc:0;sec:content-canvas\" class=\"link \">guerre en Ukraine<\/a> ? 20 Minutes fait le point pour vous tous les soirs. Voici l\u2019essentiel de ce mardi 14 octobre, 1.329e jour du conflit.<\/p>\n<p>Le fait du jour<\/p>\n<p class=\"mb-4 text-lg md:leading-8 break-words\">Des miracul\u00e9s. L\u2019ONU a condamn\u00e9 mardi l\u2019attaque de l\u2019un de ses convois transportant de l\u2019aide humanitaire dans la r\u00e9gion ukrainienne de Kherson (sud), d\u00e9non\u00e7ant une frappe \u00ab inacceptable \u00bb de l\u2019arm\u00e9e russe, qui, \u00e9tonnamment, n\u2019a pas fait de victimes. \u00ab De telles attaques sont totalement inacceptables. Les travailleurs humanitaires sont prot\u00e9g\u00e9s par le droit humanitaire international et ne devraient jamais \u00eatre attaqu\u00e9s \u00bb, s\u2019est indign\u00e9 Matthias Schmale, coordinateur de l\u2019aide humanitaire de l\u2019ONU pour l\u2019Ukraine.<\/p>\n<p class=\"mb-4 text-lg md:leading-8 break-words\">L\u2019attaque contre un convoi de quatre camions a eu lieu dans la commune de Bilozerka, situ\u00e9e \u00e0 quelques kilom\u00e8tres du fleuve Dniepr, qui marque la ligne de front dans ce secteur. Selon le gouverneur ukrainien de la r\u00e9gion, Oleksandr Prokoudine, l\u2019arm\u00e9e russe a attaqu\u00e9 d\u00e9lib\u00e9r\u00e9ment avec des drones et l\u2019artillerie un convoi dont les camions \u00e9taient pourtant identifiables avec des sigles des Nations unies. \u00ab Plusieurs tonnes \u00bb d\u2019aide humanitaire \u00e9taient destin\u00e9es aux civils ukrainiens, a-t-il aussi soulign\u00e9, accusant la Russie de \u00ab terrorisme \u00bb.<\/p>\n<p class=\"mb-4 text-lg md:leading-8 break-words\">Dans la m\u00eame r\u00e9gion, des frappes d\u2019artillerie russe ont tu\u00e9 trois civils ukrainiens et fait quatre bless\u00e9s ce mardi \u00e0 Kherson.<\/p>\n<p>La d\u00e9claration du jour<\/p>\n<p class=\"mb-4 text-lg md:leading-8 break-words\">Des attaques persistantes contre les infrastructures \u00e9nerg\u00e9tiques russes ont r\u00e9duit l(&#8230;)<\/p>\n<p class=\"mb-4 text-lg md:leading-8 break-words\"><a href=\"https:\/\/www.20minutes.fr\/monde\/ukraine\/4179221-20251014-guerre-ukraine-convoi-onu-attaque-production-petrole-russe-plus-bas?at_medium=RSS%20feed&amp;at_campaign=ynews&amp;utm_source=yahoo&amp;utm_medium=rss&amp;utm_campaign=news_feed&amp;utm_content=read_more_link&quot;\" rel=\"nofollow noopener\" target=\"_blank\" data-ylk=\"slk:Lire la suite sur 20minutes;elm:context_link;itc:0;sec:content-canvas\" class=\"link \">Lire la suite sur 20minutes<\/a><\/p>\n<p>\u00c0 lire aussi :<br \/><a href=\"https:\/\/www.20minutes.fr\/monde\/ukraine\/4178968-20251013-guerre-ukraine-allemagne-inquiete-possible-attaque-russe-trump-incite-impliquer-comme-gaza?at_medium=RSS%20feed&amp;at_campaign=ynews&amp;utm_source=yahoo&amp;utm_medium=rss&amp;utm_campaign=news_feed&amp;utm_content=related_content_link\" rel=\"nofollow noopener\" target=\"_blank\" data-ylk=\"slk:Guerre en Ukraine : L\u2019Allemagne s\u2019inqui\u00e8te d\u2019une attaque militaire russe, Trump incit\u00e9 \u00e0 s\u2019impliquer comme \u00e0 Gaza;elm:context_link;itc:0;sec:content-canvas\" class=\"link \">Guerre en Ukraine : L\u2019Allemagne s\u2019inqui\u00e8te d\u2019une attaque militaire russe, Trump incit\u00e9 \u00e0 s\u2019impliquer comme \u00e0 Gaza<\/a><br \/><a href=\"https:\/\/www.20minutes.fr\/politique\/4178997-20251013-gouvernement-lecornu-ii-premier-ministre-defend-depenses-militaires-hausse-malgre-contexte-economies?at_medium=RSS%20feed&amp;at_campaign=ynews&amp;utm_source=yahoo&amp;utm_medium=rss&amp;utm_campaign=news_feed&amp;utm_content=related_content_link\" rel=\"nofollow noopener\" target=\"_blank\" data-ylk=\"slk:Gouvernement Lecornu II : Le Premier ministre d\u00e9fend les d\u00e9penses militaires en hausse malgr\u00e9 le contexte d\u2019\u00e9conomies;elm:context_link;itc:0;sec:content-canvas\" class=\"link \">Gouvernement Lecornu II : Le Premier ministre d\u00e9fend les d\u00e9penses militaires en hausse malgr\u00e9 le contexte d\u2019\u00e9conomies<\/a><\/p>\n","protected":false},"excerpt":{"rendered":"r\u00e9cap &#8211; \u00ab 20 Minutes \u00bb fait le point pour vous tous les soirs sur le conflit en&hellip;\n","protected":false},"author":2,"featured_media":463852,"comment_status":"","ping_status":"","sticky":false,"template":"","format":"standard","meta":{"footnotes":""},"categories":[1590],"tags":[642,11,10240,1777,674,2794,12,220],"class_list":{"0":"post-463851","1":"post","2":"type-post","3":"status-publish","4":"format-standard","5":"has-post-thumbnail","7":"category-ukraine","8":"tag-20-minutes","9":"tag-actualites","10":"tag-convoi","11":"tag-eu","12":"tag-europe","13":"tag-la-region","14":"tag-news","15":"tag-ukraine"},"share_on_mastodon":{"url":"https:\/\/pubeurope.com\/@fr\/115375885758255929","error":""},"_links":{"self":[{"href":"https:\/\/www.europesays.com\/fr\/wp-json\/wp\/v2\/posts\/463851","targetHints":{"allow":["GET"]}}],"collection":[{"href":"https:\/\/www.europesays.com\/fr\/wp-json\/wp\/v2\/posts"}],"about":[{"href":"https:\/\/www.europesays.com\/fr\/wp-json\/wp\/v2\/types\/post"}],"author":[{"embeddable":true,"href":"https:\/\/www.europesays.com\/fr\/wp-json\/wp\/v2\/users\/2"}],"replies":[{"embeddable":true,"href":"https:\/\/www.europesays.com\/fr\/wp-json\/wp\/v2\/comments?post=463851"}],"version-history":[{"count":0,"href":"https:\/\/www.europesays.com\/fr\/wp-json\/wp\/v2\/posts\/463851\/revisions"}],"wp:featuredmedia":[{"embeddable":true,"href":"https:\/\/www.europesays.com\/fr\/wp-json\/wp\/v2\/media\/463852"}],"wp:attachment":[{"href":"https:\/\/www.europesays.com\/fr\/wp-json\/wp\/v2\/media?parent=463851"}],"wp:term":[{"taxonomy":"category","embeddable":true,"href":"https:\/\/www.europesays.com\/fr\/wp-json\/wp\/v2\/categories?post=463851"},{"taxonomy":"post_tag","embeddable":true,"href":"https:\/\/www.europesays.com\/fr\/wp-json\/wp\/v2\/tags?post=463851"}],"curies":[{"name":"wp","href":"https:\/\/api.w.org\/{rel}","templated":true}]}}