{"id":463865,"date":"2025-10-15T02:50:19","date_gmt":"2025-10-15T02:50:19","guid":{"rendered":"https:\/\/www.europesays.com\/fr\/463865\/"},"modified":"2025-10-15T02:50:19","modified_gmt":"2025-10-15T02:50:19","slug":"que-sait-on-de-sacre-coeur-le-film-chretien-propulse-par-les-medias-du-groupe-bollore-liberation","status":"publish","type":"post","link":"https:\/\/www.europesays.com\/fr\/463865\/","title":{"rendered":"Que sait-on de \u00abSacr\u00e9 C\u0153ur\u00bb, le film chr\u00e9tien propuls\u00e9 par les m\u00e9dias du groupe Bollor\u00e9\u00a0? \u2013 Lib\u00e9ration"},"content":{"rendered":"<p class=\"sc-cPiKLX AiZTS text-element\">\u00abJe vous fais la promesse que nous, on en fera une grande publicit\u00e9\u00bb, lance Jordan Florentin, journaliste <a href=\"https:\/\/www.liberation.fr\/checknews\/pour-exister-le-media-identitaire-frontieres-surjoue-la-strategie-du-clash-permanent-20250415_LWSC334SPFFGRK3S32JINYEYB4\/\" target=\"_blank\" rel=\"noreferrer noopener\" title=\"https:\/\/www.liberation.fr\/checknews\/pour-exister-le-media-identitaire-frontieres-surjoue-la-strategie-du-clash-permanent-20250415_LWSC334SPFFGRK3S32JINYEYB4\/\">du m\u00e9dia identitaire Fronti\u00e8res<\/a> sur le plateau de CNews. Ce vendredi 3 octobre, deux jours apr\u00e8s la sortie de Sacr\u00e9 C\u0153ur, Florentin prend la d\u00e9fense de ce film chr\u00e9tien apr\u00e8s le refus de la RATP et de la SNCF de r\u00e9aliser une campagne d\u2019affichage pour le promouvoir pour son caract\u00e8re \u00abconfessionnel et pros\u00e9lyte\u00bb, selon le Figaro. Il faut d\u00e9fendre ce projet \u00abmagnifique\u00bb qui fait carton plein dans les salles, pour lutter contre la \u00abhalalisation\u00bb de la soci\u00e9t\u00e9, encha\u00eene le journaliste. CheckNews retrace comment la sph\u00e8re Bollor\u00e9, entre autres, a transform\u00e9 ce docu-fiction spirituel en objet politique, se f\u00e9licitant des scores du long-m\u00e9trage au box-office. <\/p>\n<p class=\"sc-cPiKLX AiZTS text-element\">Sacr\u00e9 C\u0153ur, son r\u00e8gne n\u2019a pas de fin est un film finalement assez simple, \u00e0 petit budget, qui se donne pour vocation de transmettre \u00abun message d\u2019amour pour le monde\u00bb, explique la cor\u00e9alisatrice Sabrina Gunnell. Pendant 1 h 30, le long-m\u00e9trage met en sc\u00e8ne les r\u00e9cits d\u2019apparitions du Christ  <\/p>\n","protected":false},"excerpt":{"rendered":"\u00abJe vous fais la promesse que nous, on en fera une grande publicit\u00e9\u00bb, lance Jordan Florentin, journaliste du&hellip;\n","protected":false},"author":2,"featured_media":463866,"comment_status":"","ping_status":"","sticky":false,"template":"","format":"standard","meta":{"footnotes":""},"categories":[2],"tags":[11,1419,9722,1011,27,12,25,1022],"class_list":{"0":"post-463865","1":"post","2":"type-post","3":"status-publish","4":"format-standard","5":"has-post-thumbnail","7":"category-actualites","8":"tag-actualites","9":"tag-canal-plus","10":"tag-cnews","11":"tag-fr","12":"tag-france","13":"tag-news","14":"tag-republique-francaise","15":"tag-vincent-bollore"},"share_on_mastodon":{"url":"https:\/\/pubeurope.com\/@fr\/115375913300655658","error":""},"_links":{"self":[{"href":"https:\/\/www.europesays.com\/fr\/wp-json\/wp\/v2\/posts\/463865","targetHints":{"allow":["GET"]}}],"collection":[{"href":"https:\/\/www.europesays.com\/fr\/wp-json\/wp\/v2\/posts"}],"about":[{"href":"https:\/\/www.europesays.com\/fr\/wp-json\/wp\/v2\/types\/post"}],"author":[{"embeddable":true,"href":"https:\/\/www.europesays.com\/fr\/wp-json\/wp\/v2\/users\/2"}],"replies":[{"embeddable":true,"href":"https:\/\/www.europesays.com\/fr\/wp-json\/wp\/v2\/comments?post=463865"}],"version-history":[{"count":0,"href":"https:\/\/www.europesays.com\/fr\/wp-json\/wp\/v2\/posts\/463865\/revisions"}],"wp:featuredmedia":[{"embeddable":true,"href":"https:\/\/www.europesays.com\/fr\/wp-json\/wp\/v2\/media\/463866"}],"wp:attachment":[{"href":"https:\/\/www.europesays.com\/fr\/wp-json\/wp\/v2\/media?parent=463865"}],"wp:term":[{"taxonomy":"category","embeddable":true,"href":"https:\/\/www.europesays.com\/fr\/wp-json\/wp\/v2\/categories?post=463865"},{"taxonomy":"post_tag","embeddable":true,"href":"https:\/\/www.europesays.com\/fr\/wp-json\/wp\/v2\/tags?post=463865"}],"curies":[{"name":"wp","href":"https:\/\/api.w.org\/{rel}","templated":true}]}}