{"id":463871,"date":"2025-10-15T02:55:14","date_gmt":"2025-10-15T02:55:14","guid":{"rendered":"https:\/\/www.europesays.com\/fr\/463871\/"},"modified":"2025-10-15T02:55:14","modified_gmt":"2025-10-15T02:55:14","slug":"atp-auger-aliassime-beaucoup-de-joueurs-ne-voulaient-pas-de-la-domination-de-federer-nadal-et-djokovic-tsonga-berdych-nishikori-ferrer-faisaient-partie-de-lelite-mais-ils-nont-pas-reussi-a","status":"publish","type":"post","link":"https:\/\/www.europesays.com\/fr\/463871\/","title":{"rendered":"ATP > Auger-Aliassime : \u00ab\u00a0Beaucoup de joueurs ne voulaient pas de la domination de Federer, Nadal et Djokovic. Tsonga, Berdych, Nishikori, Ferrer faisaient partie de l&rsquo;\u00e9lite mais ils n&rsquo;ont pas r\u00e9ussi \u00e0 g\u00e2cher la f\u00eate\u00a0\u00bb"},"content":{"rendered":"<p>R\u00e9cemment de passage sur le podcast, Changeover, F\u00e9lix Auger\u2010Aliassime a notam\u00adment \u00e9voqu\u00e9 l\u2019in\u00adcroyable h\u00e9g\u00e9\u00admonie de Roger Federer, Rafael Nadal et Andy Murray.<\/p>\n<p>Et si beau\u00adcoup ont essay\u00e9 d\u2019en\u00adrayer cette domi\u00adna\u00adtion unique dans l\u2019his\u00adtoire entre trois joueurs, peu y sont parvenus.\u00a0<\/p>\n<blockquote class=\"twitter-tweet\">\n<p lang=\"en\" dir=\"ltr\">Auger\u2010Aliassime\u00a0: Many guys didn\u2019t want (Big 3 domi\u00adnance) to happen, Tsonga, Berdych, Nishikori, Ferrer, these guys were elite players, some of the best in history, but they weren\u2019t able to spoil the party (of Big 3)<br \/>via <a href=\"https:\/\/twitter.com\/changeoverpcast?ref_src=twsrc%5Etfw\" data-wpel-link=\"external\" target=\"_blank\" rel=\"nofollow external noopener\">@changeoverpcast<\/a> <a href=\"https:\/\/t.co\/oaL9J8Jdu0\" data-wpel-link=\"external\" target=\"_blank\" rel=\"nofollow external noopener\">pic.twitter.com\/oaL9J8Jdu0<\/a><\/p>\n<p>\u2014 \u4e95\u86d9\u5802 (@seiadoumogera) <a href=\"https:\/\/twitter.com\/seiadoumogera\/status\/1977969338130059671?ref_src=twsrc%5Etfw\" data-wpel-link=\"external\" target=\"_blank\" rel=\"nofollow external noopener\">October 14,\u00a02025<\/a><\/p><\/blockquote>\n<p><strong>\u00ab\u202fBeaucoup de joueurs ne voulaient pas que la domi\u00adna\u00adtion du Big 3 (Federer, Nadal et Djokovic) arrive. Tsonga, Berdych, Nishikori, Ferrer, ces joueurs faisaient partie de l\u2019\u00e9lite, ils \u00e9taient parmi les meilleurs de l\u2019his\u00adtoire, mais ils n\u2019ont pas r\u00e9ussi \u00e0 g\u00e2cher la\u00a0f\u00eate.\u202f\u00bb<\/strong><\/p>\n<p class=\"post-published-date\" style=\"color: silver; font-size: 75%; text-align: left;\">Publi\u00e9 le mardi 14 octobre 2025 \u00e0 17:41<\/p>\n<p><script async src=\"https:\/\/platform.twitter.com\/widgets.js\" charset=\"utf-8\"><\/script><\/p>\n","protected":false},"excerpt":{"rendered":"R\u00e9cemment de passage sur le podcast, Changeover, F\u00e9lix Auger\u2010Aliassime a notam\u00adment \u00e9voqu\u00e9 l\u2019in\u00adcroyable h\u00e9g\u00e9\u00admonie de Roger Federer, Rafael&hellip;\n","protected":false},"author":2,"featured_media":21049,"comment_status":"","ping_status":"","sticky":false,"template":"","format":"standard","meta":{"footnotes":""},"categories":[1415],"tags":[4737,14496,105,2199,1011,27,1960,18615,60,1467,14828],"class_list":{"0":"post-463871","1":"post","2":"type-post","3":"status-publish","4":"format-standard","5":"has-post-thumbnail","7":"category-tennis","8":"tag-andy-murray","9":"tag-auger-aliassime","10":"tag-djokovic","11":"tag-federer","12":"tag-fr","13":"tag-france","14":"tag-nadal","15":"tag-nishikori","16":"tag-sports","17":"tag-tennis","18":"tag-tsonga"},"share_on_mastodon":{"url":"https:\/\/pubeurope.com\/@fr\/115375932907421089","error":""},"_links":{"self":[{"href":"https:\/\/www.europesays.com\/fr\/wp-json\/wp\/v2\/posts\/463871","targetHints":{"allow":["GET"]}}],"collection":[{"href":"https:\/\/www.europesays.com\/fr\/wp-json\/wp\/v2\/posts"}],"about":[{"href":"https:\/\/www.europesays.com\/fr\/wp-json\/wp\/v2\/types\/post"}],"author":[{"embeddable":true,"href":"https:\/\/www.europesays.com\/fr\/wp-json\/wp\/v2\/users\/2"}],"replies":[{"embeddable":true,"href":"https:\/\/www.europesays.com\/fr\/wp-json\/wp\/v2\/comments?post=463871"}],"version-history":[{"count":0,"href":"https:\/\/www.europesays.com\/fr\/wp-json\/wp\/v2\/posts\/463871\/revisions"}],"wp:featuredmedia":[{"embeddable":true,"href":"https:\/\/www.europesays.com\/fr\/wp-json\/wp\/v2\/media\/21049"}],"wp:attachment":[{"href":"https:\/\/www.europesays.com\/fr\/wp-json\/wp\/v2\/media?parent=463871"}],"wp:term":[{"taxonomy":"category","embeddable":true,"href":"https:\/\/www.europesays.com\/fr\/wp-json\/wp\/v2\/categories?post=463871"},{"taxonomy":"post_tag","embeddable":true,"href":"https:\/\/www.europesays.com\/fr\/wp-json\/wp\/v2\/tags?post=463871"}],"curies":[{"name":"wp","href":"https:\/\/api.w.org\/{rel}","templated":true}]}}