{"id":463874,"date":"2025-10-15T02:58:13","date_gmt":"2025-10-15T02:58:13","guid":{"rendered":"https:\/\/www.europesays.com\/fr\/463874\/"},"modified":"2025-10-15T02:58:13","modified_gmt":"2025-10-15T02:58:13","slug":"f1-brown-et-mclaren-craignent-le-retour-de-verstappen-au-championnat","status":"publish","type":"post","link":"https:\/\/www.europesays.com\/fr\/463874\/","title":{"rendered":"F1 : Brown et McLaren craignent le retour de Verstappen au championnat"},"content":{"rendered":"<p data-testid=\"wcl-typoNewsPerex\" itemprop=\"description\">Zack Brown pense que le N\u00e9erlandais a encore une chance de ravir le Championnat du monde de Formule 1 \u00e0 McLaren.<\/p>\n<p>L&rsquo;\u00e9curie Papaya a remport\u00e9 le championnat des constructeurs lors du dernier Grand Prix et cherche maintenant \u00e0 cl\u00f4turer une ann\u00e9e spectaculaire avec le titre des pilotes, qui semblait acquis lors de la premi\u00e8re moiti\u00e9 de la saison, mais qui est maintenant plus ouvert avec <b><a href=\"https:\/\/www.flashscore.fr\/joueur\/verstappen-max\/UV3mgeXB\/\" target=\"_blank\" data-analytics-element=\"ARTICLE_TEXT_LINK\" data-analytics-alias=\"internal\" rel=\"noopener\">Max Verstappen<\/a>\u00a0<\/b>\u00e0 63 points du leader <b>Oscar Piastri<\/b>.<\/p>\n<p><b>Zack Brown<\/b> a appel\u00e9 au calme : <b>\u00ab\u00a0M\u00eame si nous aimerions que le titre se r\u00e9sume \u00e0 nos deux pilotes, Max est encore tr\u00e8s pr\u00e9sent. Je pense que la cl\u00e9 est que l&rsquo;\u00e9quipe est rest\u00e9e tr\u00e8s concentr\u00e9e, mais aussi tr\u00e8s humble\u00a0\u00bb<\/b>.<\/p>\n<p><b>\u00ab\u00a0Nous allons donc continuer \u00e0 faire de m\u00eame. Notre strat\u00e9gie ne changera pas parce que nous avons remport\u00e9 le championnat des constructeurs ; nous aborderons les week-ends de course restants de la m\u00eame mani\u00e8re que tous les pr\u00e9c\u00e9dents\u00a0\u00bb<\/b>, a ajout\u00e9 le patron de <b>McLaren<\/b>.<\/p>\n<p>Les Britanniques ont raison de se m\u00e9fier d&rsquo;un quadruple champion du monde. Il reste six Grands Prix pour voir si le N\u00e9erlandais peut revenir sur le devant de la sc\u00e8ne et remporter sa cinqui\u00e8me couronne.<\/p>\n","protected":false},"excerpt":{"rendered":"Zack Brown pense que le N\u00e9erlandais a encore une chance de ravir le Championnat du monde de Formule&hellip;\n","protected":false},"author":2,"featured_media":463875,"comment_status":"","ping_status":"","sticky":false,"template":"","format":"standard","meta":{"footnotes":""},"categories":[1412],"tags":[1451,1452,1453,1454,1455,1011,27,60],"class_list":{"0":"post-463874","1":"post","2":"type-post","3":"status-publish","4":"format-standard","5":"has-post-thumbnail","7":"category-f1","8":"tag-f1","9":"tag-formula-1","10":"tag-formula1","11":"tag-formule-1","12":"tag-formule1","13":"tag-fr","14":"tag-france","15":"tag-sports"},"share_on_mastodon":{"url":"https:\/\/pubeurope.com\/@fr\/115375944757130543","error":""},"_links":{"self":[{"href":"https:\/\/www.europesays.com\/fr\/wp-json\/wp\/v2\/posts\/463874","targetHints":{"allow":["GET"]}}],"collection":[{"href":"https:\/\/www.europesays.com\/fr\/wp-json\/wp\/v2\/posts"}],"about":[{"href":"https:\/\/www.europesays.com\/fr\/wp-json\/wp\/v2\/types\/post"}],"author":[{"embeddable":true,"href":"https:\/\/www.europesays.com\/fr\/wp-json\/wp\/v2\/users\/2"}],"replies":[{"embeddable":true,"href":"https:\/\/www.europesays.com\/fr\/wp-json\/wp\/v2\/comments?post=463874"}],"version-history":[{"count":0,"href":"https:\/\/www.europesays.com\/fr\/wp-json\/wp\/v2\/posts\/463874\/revisions"}],"wp:featuredmedia":[{"embeddable":true,"href":"https:\/\/www.europesays.com\/fr\/wp-json\/wp\/v2\/media\/463875"}],"wp:attachment":[{"href":"https:\/\/www.europesays.com\/fr\/wp-json\/wp\/v2\/media?parent=463874"}],"wp:term":[{"taxonomy":"category","embeddable":true,"href":"https:\/\/www.europesays.com\/fr\/wp-json\/wp\/v2\/categories?post=463874"},{"taxonomy":"post_tag","embeddable":true,"href":"https:\/\/www.europesays.com\/fr\/wp-json\/wp\/v2\/tags?post=463874"}],"curies":[{"name":"wp","href":"https:\/\/api.w.org\/{rel}","templated":true}]}}