{"id":463882,"date":"2025-10-15T03:02:12","date_gmt":"2025-10-15T03:02:12","guid":{"rendered":"https:\/\/www.europesays.com\/fr\/463882\/"},"modified":"2025-10-15T03:02:12","modified_gmt":"2025-10-15T03:02:12","slug":"venez-vous-defouler-en-balancant-de-la-peinture-avec-lets-spray","status":"publish","type":"post","link":"https:\/\/www.europesays.com\/fr\/463882\/","title":{"rendered":"venez vous d\u00e9fouler en balan\u00e7ant de la peinture avec Let&rsquo;s Spray"},"content":{"rendered":"<p>            Par<br \/>\n        <strong><br \/>\n            <a href=\"https:\/\/actu.fr\/auteur\/eaube\" title=\"Consulter tous les articles de Elo\u00efse Aub\u00e9\" target=\"_blank\" rel=\"noopener\">Elo\u00efse Aub\u00e9<\/a><br \/>\n        <\/strong><\/p>\n<p>        Publi\u00e9 le<\/p>\n<p>            14 oct. 2025 \u00e0 7h50<br \/>\n        ; mis \u00e0 jour le 14 oct. 2025 \u00e0 8h16    <\/p>\n<p>Apr\u00e8s le lancer de haches, d\u00e9couvre le lancer\u2026 de peinture\u2009! Au\u00a0<a href=\"https:\/\/actu.fr\/normandie\/le-havre_76351\" target=\"_blank\" rel=\"noopener\">Havre (Seine-Maritime)<\/a>, un nouveau lieu a ouvert ses portes dans le <a href=\"https:\/\/actu.fr\/normandie\/le-havre_76351\/pourquoi-le-quartier-saint-francois-ne-ressemble-a-aucun-autre-au-havre_62294606.html\" target=\"_blank\" rel=\"noopener\">quartier Saint-Fran\u00e7ois<\/a>\u2009: <strong>Let\u2019s Spray<\/strong>, un lieu o\u00f9 il est possible de se <strong>d\u00e9fouler en balan\u00e7ant de la peinture<\/strong>.<\/p>\n<p>Un lieu \u00ab\u2009pour se l\u00e2cher\u2009\u00bb<\/p>\n<p class=\" wall-content\">\u00c0 la t\u00eate de ce tout nouvel \u00e9tablissement, on retrouve Cyril Tasse, graffeur professionnel, d\u00e9j\u00e0 \u00e0 la t\u00eate de son entreprise Sprayvisions. Tout est parti d\u2019un constat lors d\u2019<strong>un enterrement de vie de jeune fille<\/strong> au cours duquel il proposait un atelier. \u00ab\u2009Pendant que la mari\u00e9e r\u00e9alisait sa toile, je devais proposer une activit\u00e9 aux autres personnes. Je leur ai alors laiss\u00e9 une toile et durant deux heures, j\u2019ai vu qu\u2019elles s\u2019amusaient bien plus que la mari\u00e9e\u2009! \u00c7a m\u2019a mis la puce \u00e0 l\u2019oreille\u2009\u00bb, note le Havrais.<\/p>\n<p class=\" wall-content\">Ni une ni deux, il commence alors par <strong>rechercher un local<\/strong> et son d\u00e9volu se jette sur un ancien local informatique rue Dauphine, d\u2019une surface de 25\u00a0m\u00e8tres carr\u00e9s. Apr\u00e8s trois semaines de travaux, les lieux sont d\u00e9sormais transform\u00e9s avec un espace \u00ab\u2009d\u00e9fouloir\u2009\u00bb et un espace pour se changer \/ laver.<\/p>\n<p>Comment \u00e7a fonctionne\u2009?<\/p>\n<p class=\" wall-content\">Le principe est simple\u2009: par groupe d\u2019environ 10, <strong>les participants jettent de la peinture<\/strong>, soit acrylique, soit en bombe, sur une toile affich\u00e9e sur un mur. \u00ab\u2009Les murs aussi laisseront des traces de peinture et c\u2019est \u00e7a qui est cool\u2009\u00bb, s\u2019enthousiasme le graffeur.<\/p>\n<p class=\" wall-content\">\u00c0 noter que la peinture \u00ab\u2009n\u2019est pas toxique et s\u2019en va \u00e0 l\u2019eau\u2009\u00bb.<\/p>\n<p class=\" wall-content\">Temps de d\u00e9fouloir\u2009: 1h30, incluant 15\u00a0minutes de changement (un uniforme de protection, des sur-chaussures et de lunettes sont fournis) et l\u2019\u00e9coute des consignes. Apr\u00e8s un temps de s\u00e9chage de 24\u00a0heures, les participants repartent avec leur toile. Et le patron voit loin\u2009: l\u2019organisation d\u2019EVJF, de battle un contre un\u2026<\/p>\n<p>Infos pratiques. Let\u2019s Spray, 16 rue Dauphine, ouvert le mercredi apr\u00e8s-midi et le samedi. R\u00e9servation uniquement en ligne <a href=\"https:\/\/letspray.fr\/\" target=\"_blank\" rel=\"noopener\">ici<\/a>. Comptez 25\u00a0euros par personne pour la formule avec la peinture acrylique et 35\u00a0euros pour la formule peinture acrylique et bombe.<\/p>\n<p>Votre r\u00e9gion, votre actu !<\/p>\n<p>Recevez chaque jour les infos qui comptent pour vous.<\/p>\n<p>\t<a href=\"https:\/\/actu.fr\/newsletter\" class=\"ac-btn ac-btn--corner ac-btn--medium ac-btn--blue800\" target=\"_blank\" rel=\"noopener\">S&rsquo;incrire<\/a><br \/>\nSuivez l\u2019actualit\u00e9 du\u00a0Havre sur notre <a href=\"https:\/\/www.whatsapp.com\/channel\/0029VaFqJYE8aKvLBwVrEe0o\" target=\"_blank\" rel=\"noopener\">cha\u00eene WhatsApp<\/a> et sur notre <a href=\"https:\/\/www.tiktok.com\/@76actu.fr?lang=fr\" target=\"_blank\" rel=\"noopener\">compte TikTok<\/a><\/p>\n<p class=\" wall-content\">Personnalisez votre actualit\u00e9 en ajoutant vos villes et m\u00e9dias en favori avec <a href=\"https:\/\/moncompte.actu.fr\" title=\"D\u00e9couvez Mon Actu\" rel=\"nofollow noopener\" data-trk=\"{&quot;cta&quot;:{&quot;action&quot;:&quot;https:\\\/\\\/moncompte.actu.fr&quot;,&quot;category&quot;:&quot;mon compte&quot;,&quot;from&quot;:&quot;article footer&quot;,&quot;name&quot;:&quot;Mon actu&quot;,&quot;type&quot;:&quot;cta&quot;}}\" target=\"_blank\">Mon Actu<\/a>.<\/p>\n<p>                    <script async src=\"\/\/www.tiktok.com\/embed.js\"><\/script><\/p>\n","protected":false},"excerpt":{"rendered":"Par Elo\u00efse Aub\u00e9 Publi\u00e9 le 14 oct. 2025 \u00e0 7h50 ; mis \u00e0 jour le 14 oct. 2025&hellip;\n","protected":false},"author":2,"featured_media":463883,"comment_status":"","ping_status":"","sticky":false,"template":"","format":"standard","meta":{"footnotes":""},"categories":[1358],"tags":[1348,1384,1385,28860,1386,58,59,1011,27,1652,3147],"class_list":{"0":"post-463882","1":"post","2":"type-post","3":"status-publish","4":"format-standard","5":"has-post-thumbnail","7":"category-arts-et-design","8":"tag-arts","9":"tag-arts-and-design","10":"tag-arts-et-design","11":"tag-bon-plan-au-havre","12":"tag-design","13":"tag-divertissement","14":"tag-entertainment","15":"tag-fr","16":"tag-france","17":"tag-loisirs-culture","18":"tag-nouveaux-commerces"},"share_on_mastodon":{"url":"","error":""},"_links":{"self":[{"href":"https:\/\/www.europesays.com\/fr\/wp-json\/wp\/v2\/posts\/463882","targetHints":{"allow":["GET"]}}],"collection":[{"href":"https:\/\/www.europesays.com\/fr\/wp-json\/wp\/v2\/posts"}],"about":[{"href":"https:\/\/www.europesays.com\/fr\/wp-json\/wp\/v2\/types\/post"}],"author":[{"embeddable":true,"href":"https:\/\/www.europesays.com\/fr\/wp-json\/wp\/v2\/users\/2"}],"replies":[{"embeddable":true,"href":"https:\/\/www.europesays.com\/fr\/wp-json\/wp\/v2\/comments?post=463882"}],"version-history":[{"count":0,"href":"https:\/\/www.europesays.com\/fr\/wp-json\/wp\/v2\/posts\/463882\/revisions"}],"wp:featuredmedia":[{"embeddable":true,"href":"https:\/\/www.europesays.com\/fr\/wp-json\/wp\/v2\/media\/463883"}],"wp:attachment":[{"href":"https:\/\/www.europesays.com\/fr\/wp-json\/wp\/v2\/media?parent=463882"}],"wp:term":[{"taxonomy":"category","embeddable":true,"href":"https:\/\/www.europesays.com\/fr\/wp-json\/wp\/v2\/categories?post=463882"},{"taxonomy":"post_tag","embeddable":true,"href":"https:\/\/www.europesays.com\/fr\/wp-json\/wp\/v2\/tags?post=463882"}],"curies":[{"name":"wp","href":"https:\/\/api.w.org\/{rel}","templated":true}]}}