{"id":463884,"date":"2025-10-15T03:03:17","date_gmt":"2025-10-15T03:03:17","guid":{"rendered":"https:\/\/www.europesays.com\/fr\/463884\/"},"modified":"2025-10-15T03:03:17","modified_gmt":"2025-10-15T03:03:17","slug":"ce-populaire-livre-de-recettes-fait-un-grand-retour-au-quebec","status":"publish","type":"post","link":"https:\/\/www.europesays.com\/fr\/463884\/","title":{"rendered":"Ce populaire livre de recettes fait un grand retour au Qu\u00e9bec"},"content":{"rendered":"<p class=\"article-bodystyled__StyledText-sc-19uhgql-0 bGeyRM body-paragraph\" id=\"content-element-V4OP7N7QSFAV7EILGKMIUBME6M\">Au bout du fil, Marie Parent ne cache pas sa fiert\u00e9. La pr\u00e9sidente provinciale des Cercles de fermi\u00e8res du Qu\u00e9bec se r\u00e9jouit qu\u2019un sixi\u00e8me livre Qu\u2019est-ce qu\u2019on mange? apparaisse en librairie ce jeudi 16 octobre 2025, un quart de si\u00e8cle apr\u00e8s le pr\u00e9c\u00e9dent.<\/p>\n<p class=\"article-bodystyled__StyledText-sc-19uhgql-0 bGeyRM body-paragraph\" id=\"content-element-IJWTCDZUHNA3BA35NKL66FSPCI\">Cette fois, 110 des meilleures recettes de la populaire collection ont \u00e9t\u00e9 s\u00e9lectionn\u00e9es, bonifi\u00e9es et adapt\u00e9es au go\u00fbt du jour pour cette \u00e9dition anniversaire. Entrevue suivie d\u2019une recette de pouding ch\u00f4meur classique.<\/p>\n<p class=\"article-bodystyled__StyledText-sc-19uhgql-0 bGeyRM body-paragraph\" id=\"content-element-HEKOZV354FCJ3IXVPFII6A6GYY\"><b>QUESTION \u00c0 quel point les livres <\/b><b>Qu\u2019est-ce qu\u2019on mange? <\/b><b>ont-ils connu du succ\u00e8s?<\/b><\/p>\n<p class=\"article-bodystyled__StyledText-sc-19uhgql-0 bGeyRM body-paragraph\" id=\"content-element-PM372UDJDNEP3NESYBCSGD3W74\"><b>R\u00c9PONSE <\/b>\u00c9norm\u00e9ment! Les ventes ont d\u00e9pass\u00e9 le million pour ces livres sortis entre 1979 et 2001. \u00c7\u2019a \u00e9t\u00e9 un succ\u00e8s tel que les Cercles de fermi\u00e8res ont pu acqu\u00e9rir une b\u00e2tisse pour leurs quartiers g\u00e9n\u00e9raux, en 1992. <\/p>\n<p class=\"article-bodystyled__StyledText-sc-19uhgql-0 bGeyRM body-paragraph\" id=\"content-element-FB5U564NORGJLPCJ3BVNFHS45U\">Surtout, ces livres sont demeur\u00e9s dans l\u2019imaginaire de bien des gens, de bien des g\u00e9n\u00e9rations. \u00c0 l\u2019\u00e9poque, on les voyait partout, m\u00eame \u00e0 la t\u00e9l\u00e9. Plus r\u00e9cemment, on les a vus dans la s\u00e9rie 5e rang et dans le film 1995 de Ricardo Trogi.<\/p>\n<p><img decoding=\"async\" data-chromatic=\"ignore\" alt=\"Les cinq premiers livres de la collection Qu&#x2019;est-ce qu&#x2019;on mange? des Cercles de fermi&#xE8;res du Qu&#xE9;bec.\" class=\"c-image\" loading=\"lazy\" src=\"https:\/\/www.europesays.com\/fr\/wp-content\/uploads\/2025\/10\/RJJBMJX4IZBXBPIVD5VC2JDKFQ.jpg\"  width=\"1200\" height=\"1181\"\/><\/p>\n<p class=\"image-metadata__MetadataParagraph-sc-1gfk7p2-0 cAaLKg image-metadata\">Les cinq premiers volumes de la collection Qu\u2019est-ce qu\u2019on mange? (Cercles de fermi\u00e8res du Qu\u00e9bec)<\/p>\n<p class=\"article-bodystyled__StyledText-sc-19uhgql-0 bGeyRM body-paragraph\" id=\"content-element-OOJLU72G3JAHHGP3QV3M5KSLKA\"><b>Q Comment est n\u00e9e cette collection?<\/b><\/p>\n<p class=\"article-bodystyled__StyledText-sc-19uhgql-0 bGeyRM body-paragraph\" id=\"content-element-UAY6B3ZEE5CQDLJQQYXAOTQRWU\"><b>R<\/b> Notre premier livre a \u00e9t\u00e9 publi\u00e9 dans les ann\u00e9es 1970. Ce petit bouquin noir boudin\u00e9 sans photo \u00e9tait un recueil de recettes d\u2019abord \u00e9crites sur des bouts de papier. Il ne faisait pas partie de la collection Qu\u2019est-ce qu\u2019on mange?, mais il a \u00e9t\u00e9 si populaire qu\u2019il a \u00e9t\u00e9 r\u00e9\u00e9dit\u00e9 plusieurs fois et a inspir\u00e9 cette s\u00e9rie de livres peu apr\u00e8s.<\/p>\n<p class=\"article-bodystyled__StyledText-sc-19uhgql-0 bGeyRM body-paragraph\" id=\"content-element-YKJHP4G4HNGX7OK6BQCUR5JVHM\"><b>Q D\u2019o\u00f9 vient l\u2019id\u00e9e de lancer ce nouveau livre en 2025?<\/b><\/p>\n<p class=\"article-bodystyled__StyledText-sc-19uhgql-0 bGeyRM body-paragraph\" id=\"content-element-HPAHX7EOYJEUNJCHW5JZML5YDM\"><b>R<\/b> En 2023, les \u00c9ditions de l\u2019Homme sont arriv\u00e9es avec une proposition de r\u00e9\u00e9dition. Nous avons consid\u00e9r\u00e9 que c\u2019\u00e9tait un bon moment pour partager de nouveau notre riche h\u00e9ritage culturel. Ce livre est une belle fa\u00e7on de marquer ce rare anniversaire. On est un groupe ancien qui r\u00e9siste \u00e0 toutes les temp\u00eates!<\/p>\n<p class=\"article-bodystyled__StyledText-sc-19uhgql-0 bGeyRM body-paragraph\" id=\"content-element-XWBCAMS2ENHB7PDRGS6NYGUULU\">On a demand\u00e9 \u00e0 nos membres de nous envoyer leurs recettes chouchous. L\u2019auteure du livre, Lynne Faubert, en \u00e9quipe avec les Cercles de fermi\u00e8res et les \u00c9ditions de l\u2019Homme, a fait la s\u00e9lection des recettes, qui ont ensuite \u00e9t\u00e9 test\u00e9es plusieurs fois.<\/p>\n<p><img decoding=\"async\" data-chromatic=\"ignore\" alt=\"Marie Parent, pr&#xE9;sidente provinciale des Cercles de fermi&#xE8;res du Qu&#xE9;bec\" class=\"c-image\" loading=\"lazy\" src=\"https:\/\/www.europesays.com\/fr\/wp-content\/uploads\/2025\/10\/2XUHHIYNMVFHDOTENDH42GTTFQ.png\"  width=\"1200\" height=\"675\"\/><\/p>\n<p class=\"image-metadata__MetadataParagraph-sc-1gfk7p2-0 cAaLKg image-metadata\">Marie Parent, pr\u00e9sidente provinciale des Cercles de fermi\u00e8res du Qu\u00e9bec (Cercles de fermi\u00e8res du Qu\u00e9bec)<\/p>\n<p class=\"article-bodystyled__StyledText-sc-19uhgql-0 bGeyRM body-paragraph\" id=\"content-element-4EUAFQMWXZD4XCLATOOUCK6KJM\"><b>Q Les habitudes alimentaires des Qu\u00e9b\u00e9cois ont bien \u00e9volu\u00e9. Comment avez-vous adapt\u00e9 les recettes?<\/b><\/p>\n<p class=\"article-bodystyled__StyledText-sc-19uhgql-0 bGeyRM body-paragraph\" id=\"content-element-OCVUDYRZTFAJPDTP6ZJQSZM3KA\"><b>R<\/b> Depuis notre dernier livre, beaucoup de produits sont arriv\u00e9s dans nos march\u00e9s avec le partage des cultures. Des plats provenant d\u2019Am\u00e9rique du Sud, d\u2019Asie et d\u2019ailleurs ont ouvert des portes. Il y a 25 ans, on n\u2019entendait jamais parler d\u2019\u00e9pices piri piri ou de chimichurri, par exemple.<\/p>\n<blockquote class=\"blockquote\" cite=\"\" id=\"content-element-MQ5KLIFKDJHEDG5XQVXP4OX7ZM\">\n<p class=\"secondary-font__SecondaryFontStyles-sc-jft5zj-0 kJOXaj\">\u00c0 l\u2019\u00e9poque, la margarine \u00e9tait tr\u00e8s populaire, mais aujourd\u2019hui on pr\u00e9f\u00e8re le beurre. Dans les ann\u00e9es 1980, des recettes proposaient d\u2019utiliser des l\u00e9gumes en conserve. Ce n\u2019est plus le cas maintenant avec les serres qui permettent de manger des l\u00e9gumes frais \u00e0 l\u2019ann\u00e9e.<\/p>\n<\/blockquote>\n<p class=\"article-bodystyled__StyledText-sc-19uhgql-0 bGeyRM body-paragraph\" id=\"content-element-DL226VK6SZD57GMJXBY5KZMJT4\">Dans ce livre, on pr\u00e9sente des recettes de base utiles et tr\u00e8s simples, mais on les a aussi adapt\u00e9es selon les techniques et les ingr\u00e9dients actuels. On sugg\u00e8re m\u00eame des recettes pour la friteuse \u00e0 air [air fryer] ou pour l\u2019autocuiseur. <\/p>\n<p class=\"article-bodystyled__StyledText-sc-19uhgql-0 bGeyRM body-paragraph\" id=\"content-element-TAA6YHF2CVCURJ5Y4GUI4Y7L6I\"><b>Q \u00c0 une \u00e9poque o\u00f9 les recettes pullulent sur Internet, pourquoi choisir de publier un livre?<\/b><\/p>\n<p class=\"article-bodystyled__StyledText-sc-19uhgql-0 bGeyRM body-paragraph\" id=\"content-element-F52ZI3QS7ZESTCZGFNPZTWDRYM\"><b>R <\/b>Feuilleter un livre reste toujours int\u00e9ressant. Quand on veut planifier des repas au milieu de nos horaires occup\u00e9s, on aime avoir des id\u00e9es de plats all\u00e9chants qui donnent le go\u00fbt de cuisiner. Un bon livre riche, complet, pos\u00e9 sur le comptoir pendant qu\u2019on cuisine, c\u2019est \u00e0 \u00e7a que \u00e7a sert! C\u2019est une fa\u00e7on pour que le repas familial reprenne sa place et soit remis \u00e0 l\u2019ordre du jour.<\/p>\n<p class=\"article-bodystyled__StyledText-sc-19uhgql-0 bGeyRM body-paragraph\" id=\"content-element-A5LJW7ODFZCL5C6DHUWQN36AWA\"><b>Q Quelle est votre recette pr\u00e9f\u00e9r\u00e9e de ce recueil?<\/b><\/p>\n<p class=\"article-bodystyled__StyledText-sc-19uhgql-0 bGeyRM body-paragraph\" id=\"content-element-VZXVF7EXXRDPHECXVQ3BFKNEDU\"><b>R<\/b> J\u2019aime tout ce qui concerne le poisson! Il y a une belle recette de brochettes de morue [aux fruits] qui est tr\u00e8s invitante, en plus d\u2019\u00eatre assez amusante pour faire d\u00e9couvrir le poisson aux jeunes.<\/p>\n<p class=\"article-bodystyled__StyledText-sc-19uhgql-0 bGeyRM body-paragraph\" id=\"content-element-NCJKURZOZJGH3DZLJ7HMYABV3U\"><b>Q Ce nouveau livre va-t-il relancer la s\u00e9rie <\/b><b>Qu\u2019est-ce qu\u2019on mange?<\/b><\/p>\n<p class=\"article-bodystyled__StyledText-sc-19uhgql-0 bGeyRM body-paragraph\" id=\"content-element-ZOAS4RPZAFC5TFLFKIE44M7I3M\"><b>R<\/b> Je ne vous dis ni oui ni non. Pour l\u2019instant, disons qu\u2019il s\u2019agit d\u2019un num\u00e9ro sp\u00e9cial. \u00c7a demande beaucoup d\u2019\u00e9nergie \u00e0 faire, alors que nous avons du plain sur la planche pour assurer la p\u00e9rennit\u00e9 de notre association. Ainsi, on va se concentrer sur cette sortie et on va se souhaiter un grand succ\u00e8s!<\/p>\n<p><img decoding=\"async\" data-chromatic=\"ignore\" alt=\"Le nouveau livre de la collection Qu&#x2019;est-ce qu&#x2019;on mange? des Cercles de fermi&#xE8;res du Qu&#xE9;bec.\" class=\"c-image\" loading=\"lazy\" src=\"https:\/\/www.europesays.com\/fr\/wp-content\/uploads\/2025\/10\/ZEHP2F3KYJH63N5IKDGEF5CPHA.jpg\"  width=\"600\" height=\"813\"\/><\/p>\n<p class=\"image-metadata__MetadataParagraph-sc-1gfk7p2-0 cAaLKg image-metadata\">Le nouveau livre de la collection Qu\u2019est-ce qu\u2019on mange? (Cercles de fermi\u00e8res du Qu\u00e9bec)<\/p>\n<p>\u00c0 savoir<\/p>\n<ul id=\"content-element-OSROVCM4GNHUDA33NMZY6OCZNE\" class=\"list__StyledUnorderedList-sc-1fuu2ld-2 dQMyhv\">\n<li id=\"content-element-OSROVCM4GNHUDA33NMZY6OCZNE\" class=\"list__StyledListItem-sc-1fuu2ld-0 DhbSI\">Qu\u2019est-ce qu\u2019on mange? \u00c9dition anniversaire &#8211; Le meilleur des cercles de fermi\u00e8res du Qu\u00e9bec<\/li>\n<li id=\"content-element-OSROVCM4GNHUDA33NMZY6OCZNE\" class=\"list__StyledListItem-sc-1fuu2ld-0 DhbSI\">Lynne Faubert et les Cercles de fermi\u00e8res du Qu\u00e9bec<\/li>\n<li id=\"content-element-OSROVCM4GNHUDA33NMZY6OCZNE\" class=\"list__StyledListItem-sc-1fuu2ld-0 DhbSI\">Les \u00c9ditions de l\u2019Homme<\/li>\n<li id=\"content-element-OSROVCM4GNHUDA33NMZY6OCZNE\" class=\"list__StyledListItem-sc-1fuu2ld-0 DhbSI\">256 pages<\/li>\n<li id=\"content-element-OSROVCM4GNHUDA33NMZY6OCZNE\" class=\"list__StyledListItem-sc-1fuu2ld-0 DhbSI\">39,95\u00a0$<\/li>\n<li id=\"content-element-OSROVCM4GNHUDA33NMZY6OCZNE\" class=\"list__StyledListItem-sc-1fuu2ld-0 DhbSI\">Info: <a href=\"https:\/\/cfq.qc.ca\/\" target=\"_blank\" rel=\"noreferrer nofollow noopener\" title=\"https:\/\/cfq.qc.ca\/\">cfq.qc.ca<\/a><\/li>\n<\/ul>\n<p class=\"article-bodystyled__StyledText-sc-19uhgql-0 bGeyRM body-paragraph\" id=\"content-element-PVRQXHVDERDJJOXSAO5LBKLLJE\"><b>Quelles recettes des livres de la collection <\/b><b>Qu\u2019est-ce qu\u2019on mange?<\/b><b> avez-vous essay\u00e9es et aim\u00e9es au fil des ans? Partagez vos pr\u00e9f\u00e9rences dans la section des commentaires au bas de cet article.<\/b><\/p>\n<p>RECETTE DE POUDING CH\u00d4MEUR CLASSIQUE*<\/p>\n<p class=\"article-bodystyled__StyledText-sc-19uhgql-0 bGeyRM body-paragraph\" id=\"content-element-ET5IGB222FE7ZJORFADK4VQCUE\">(15 minutes de pr\u00e9paration, 45 minutes de cuisson, donne 8 portions)<\/p>\n<p><img decoding=\"async\" data-chromatic=\"ignore\" alt=\"Une recette de pouding ch&#xF4;meur classique du nouveau livre de la collection Qu&#x2019;est-ce qu&#x2019;on mange? des Cercles de fermi&#xE8;res du Qu&#xE9;bec.\" class=\"c-image\" loading=\"lazy\" src=\"https:\/\/www.europesays.com\/fr\/wp-content\/uploads\/2025\/10\/LJ3UTT64SBH45ASQNPA73CD7AU.jpg\"  width=\"1200\" height=\"1613\"\/><\/p>\n<p class=\"image-metadata__MetadataParagraph-sc-1gfk7p2-0 cAaLKg image-metadata\">*Cette recette est tir\u00e9e du livre \u00abQu\u2019est-ce qu\u2019on mange? \u00c9dition anniversaire\u00bb, page 209. (Cercles de fermi\u00e8res du Qu\u00e9bec)<\/p>\n<p class=\"article-bodystyled__StyledText-sc-19uhgql-0 bGeyRM body-paragraph\" id=\"content-element-6MEUZZSZLJDNBASGESEW2UGFSI\"><b>INGR\u00c9DIENTS<\/b><\/p>\n<ul id=\"content-element-EEY3D33LJ5FUTFP2I5HPEHEVX4\" class=\"list__StyledUnorderedList-sc-1fuu2ld-2 dQMyhv\">\n<li id=\"content-element-EEY3D33LJ5FUTFP2I5HPEHEVX4\" class=\"list__StyledListItem-sc-1fuu2ld-0 DhbSI\">60\u00a0ml (1\/4 tasse) de beurre (et plus pour le moule)<\/li>\n<li id=\"content-element-EEY3D33LJ5FUTFP2I5HPEHEVX4\" class=\"list__StyledListItem-sc-1fuu2ld-0 DhbSI\">375\u00a0ml (1\u00a01\/2 tasse) de farine tout usage<\/li>\n<li id=\"content-element-EEY3D33LJ5FUTFP2I5HPEHEVX4\" class=\"list__StyledListItem-sc-1fuu2ld-0 DhbSI\">1 c. \u00e0 caf\u00e9 de poudre \u00e0 p\u00e2te<\/li>\n<li id=\"content-element-EEY3D33LJ5FUTFP2I5HPEHEVX4\" class=\"list__StyledListItem-sc-1fuu2ld-0 DhbSI\">250\u00a0ml (1\u00a0tasse) de sucre<\/li>\n<li id=\"content-element-EEY3D33LJ5FUTFP2I5HPEHEVX4\" class=\"list__StyledListItem-sc-1fuu2ld-0 DhbSI\">250\u00a0ml (1\u00a0tasse) de lait<\/li>\n<\/ul>\n<p class=\"article-bodystyled__StyledText-sc-19uhgql-0 bGeyRM body-paragraph\" id=\"content-element-3LADTXCJ4JCXRJRCDS3TLEZUPI\">Sauce \u00e0 l\u2019\u00e9rable<\/p>\n<ul id=\"content-element-TVYYYKYPZRGOHDQN4OG2TF4SRA\" class=\"list__StyledUnorderedList-sc-1fuu2ld-2 dQMyhv\">\n<li id=\"content-element-TVYYYKYPZRGOHDQN4OG2TF4SRA\" class=\"list__StyledListItem-sc-1fuu2ld-0 DhbSI\">250\u00a0ml (1\u00a0tasse) de sirop d\u2019\u00e9rable<\/li>\n<li id=\"content-element-TVYYYKYPZRGOHDQN4OG2TF4SRA\" class=\"list__StyledListItem-sc-1fuu2ld-0 DhbSI\">250\u00a0ml (1\u00a0tasse) de cassonade<\/li>\n<li id=\"content-element-TVYYYKYPZRGOHDQN4OG2TF4SRA\" class=\"list__StyledListItem-sc-1fuu2ld-0 DhbSI\">250\u00a0ml (1\u00a0tasse) d\u2019eau<\/li>\n<li id=\"content-element-TVYYYKYPZRGOHDQN4OG2TF4SRA\" class=\"list__StyledListItem-sc-1fuu2ld-0 DhbSI\">60\u00a0ml (1\/4 tasse) de beurre<\/li>\n<li id=\"content-element-TVYYYKYPZRGOHDQN4OG2TF4SRA\" class=\"list__StyledListItem-sc-1fuu2ld-0 DhbSI\">1\/4 c. \u00e0 caf\u00e9 de vanille<\/li>\n<\/ul>\n<p class=\"article-bodystyled__StyledText-sc-19uhgql-0 bGeyRM body-paragraph\" id=\"content-element-V7P7QB236JBO3CJC5W3GZZNKWE\"><b>PR\u00c9PARATION<\/b><\/p>\n<ol id=\"content-element-2VYJV4FLJFDG7DQLU6X4IX3P4A\" class=\"list__StyledOrderedList-sc-1fuu2ld-1 iOMdmz\">\n<li id=\"content-element-2VYJV4FLJFDG7DQLU6X4IX3P4A\" class=\"list__StyledListItem-sc-1fuu2ld-0 DhbSI\">Pr\u00e9chauffez le four \u00e0 160\u00a0\u00b0C (325\u00a0\u00b0F) et placez la grille au centre. Beurrez un moule de 33\u00d723\u00a0cm (13\u00d79\u00a0po) et r\u00e9servez.<\/li>\n<li id=\"content-element-2VYJV4FLJFDG7DQLU6X4IX3P4A\" class=\"list__StyledListItem-sc-1fuu2ld-0 DhbSI\">Dans un bol, combinez la farine et la poudre \u00e0 p\u00e2te. R\u00e9servez.<\/li>\n<li id=\"content-element-2VYJV4FLJFDG7DQLU6X4IX3P4A\" class=\"list__StyledListItem-sc-1fuu2ld-0 DhbSI\">Dans un autre bol, \u00e0 l\u2019aide d\u2019une mixette, cr\u00e9mez le beurre avec le sucre jusqu\u2019\u00e0 consistance homog\u00e8ne. En alternant, incorporez le m\u00e9lange de farine et le lait.<\/li>\n<li id=\"content-element-2VYJV4FLJFDG7DQLU6X4IX3P4A\" class=\"list__StyledListItem-sc-1fuu2ld-0 DhbSI\">Versez la p\u00e2te dans le moule pr\u00e9par\u00e9, en l\u2019\u00e9talant l\u00e9g\u00e8rement.<\/li>\n<li id=\"content-element-2VYJV4FLJFDG7DQLU6X4IX3P4A\" class=\"list__StyledListItem-sc-1fuu2ld-0 DhbSI\">Pour la sauce \u00e0 l\u2019\u00e9rable, dans une casserole, m\u00e9langez tous les ingr\u00e9dients et portez-les \u00e0 \u00e9bullition 2\u00a0minutes. Versez la sauce chaude sur la p\u00e2te.<\/li>\n<li id=\"content-element-2VYJV4FLJFDG7DQLU6X4IX3P4A\" class=\"list__StyledListItem-sc-1fuu2ld-0 DhbSI\">Faire cuire le pouding au four 45\u00a0minutes ou jusqu\u2019\u00e0 ce qu\u2019il soit dor\u00e9.<\/li>\n<li id=\"content-element-2VYJV4FLJFDG7DQLU6X4IX3P4A\" class=\"list__StyledListItem-sc-1fuu2ld-0 DhbSI\">Servez ti\u00e8de ou chaud, d\u00e9cor\u00e9 d\u2019un filet de cr\u00e8me ou d\u2019une boule de cr\u00e8me glac\u00e9e \u00e0 la vanille, si d\u00e9sir\u00e9.<\/li>\n<li id=\"content-element-2VYJV4FLJFDG7DQLU6X4IX3P4A\" class=\"list__StyledListItem-sc-1fuu2ld-0 DhbSI\">Le pouding ch\u00f4meur se conserve quelques jours, quoique la p\u00e2te aura tendance \u00e0 absorber une partie de la sauce \u00e0 l\u2019\u00e9rable. Pour savourer les restes, recouvrez le g\u00e2teau de papier d\u2019aluminium et r\u00e9chauffez-le au four au moins 15 minutes \u00e0 125 \u00b0C (250 \u00b0F). Servez-le chaud ou ti\u00e8de.<\/li>\n<\/ol>\n<p class=\"article-bodystyled__StyledText-sc-19uhgql-0 bGeyRM body-paragraph\" id=\"content-element-WDUTGIHBO5FQTKXBCK3MZRKD7Y\">Note: des passages de cette entrevue ont \u00e9t\u00e9 \u00e9dit\u00e9s et ordonn\u00e9s pour des raisons de langue, de clart\u00e9 et de concision, ainsi que pour cadrer dans un format d\u2019article questions-r\u00e9ponses.<\/p>\n","protected":false},"excerpt":{"rendered":"Au bout du fil, Marie Parent ne cache pas sa fiert\u00e9. La pr\u00e9sidente provinciale des Cercles de fermi\u00e8res&hellip;\n","protected":false},"author":2,"featured_media":463885,"comment_status":"","ping_status":"","sticky":false,"template":"","format":"standard","meta":{"footnotes":""},"categories":[1357],"tags":[1379,58,59,1011,27,1380],"class_list":{"0":"post-463884","1":"post","2":"type-post","3":"status-publish","4":"format-standard","5":"has-post-thumbnail","7":"category-livres","8":"tag-books","9":"tag-divertissement","10":"tag-entertainment","11":"tag-fr","12":"tag-france","13":"tag-livres"},"share_on_mastodon":{"url":"https:\/\/pubeurope.com\/@fr\/115375965343745317","error":""},"_links":{"self":[{"href":"https:\/\/www.europesays.com\/fr\/wp-json\/wp\/v2\/posts\/463884","targetHints":{"allow":["GET"]}}],"collection":[{"href":"https:\/\/www.europesays.com\/fr\/wp-json\/wp\/v2\/posts"}],"about":[{"href":"https:\/\/www.europesays.com\/fr\/wp-json\/wp\/v2\/types\/post"}],"author":[{"embeddable":true,"href":"https:\/\/www.europesays.com\/fr\/wp-json\/wp\/v2\/users\/2"}],"replies":[{"embeddable":true,"href":"https:\/\/www.europesays.com\/fr\/wp-json\/wp\/v2\/comments?post=463884"}],"version-history":[{"count":0,"href":"https:\/\/www.europesays.com\/fr\/wp-json\/wp\/v2\/posts\/463884\/revisions"}],"wp:featuredmedia":[{"embeddable":true,"href":"https:\/\/www.europesays.com\/fr\/wp-json\/wp\/v2\/media\/463885"}],"wp:attachment":[{"href":"https:\/\/www.europesays.com\/fr\/wp-json\/wp\/v2\/media?parent=463884"}],"wp:term":[{"taxonomy":"category","embeddable":true,"href":"https:\/\/www.europesays.com\/fr\/wp-json\/wp\/v2\/categories?post=463884"},{"taxonomy":"post_tag","embeddable":true,"href":"https:\/\/www.europesays.com\/fr\/wp-json\/wp\/v2\/tags?post=463884"}],"curies":[{"name":"wp","href":"https:\/\/api.w.org\/{rel}","templated":true}]}}