{"id":463892,"date":"2025-10-15T03:09:11","date_gmt":"2025-10-15T03:09:11","guid":{"rendered":"https:\/\/www.europesays.com\/fr\/463892\/"},"modified":"2025-10-15T03:09:11","modified_gmt":"2025-10-15T03:09:11","slug":"malgre-cristiano-ronaldo-le-portugal-perd-sa-qualification-dans-le-temps-additionnel","status":"publish","type":"post","link":"https:\/\/www.europesays.com\/fr\/463892\/","title":{"rendered":"malgr\u00e9 Cristiano Ronaldo, le Portugal perd sa qualification dans le temps additionnel"},"content":{"rendered":"<p>\n    Le Portugal a laiss\u00e9 filer sa qualification dans le temps additionnel face \u00e0 la Hongrie. Cristiano Ronaldo a inscrit un doubl\u00e9.<\/p>\n<p class=\"fig-paragraph\"><a href=\"https:\/\/www.lefigaro.fr\/sports\/football\/coupe-du-monde\/en-direct-coupe-du-monde-2026-l-espagne-l-angleterre-et-le-portugal-visent-la-qualification-l-italie-doit-battre-israel-suivez-le-multiplex-20251014?ref=cupure&amp;msockid=2338e949ff1a6caa28edff13fe766dd0\" target=\"_blank\" data-fig-type=\"Live\" rel=\"sponsored noopener\" data-gtm-custom-categorie=\"navigation\" data-gtm-custom-action=\"crossclick\" data-gtm-custom-label=\"Contextuel\" data-gtm-event=\"customEventSPE\" data-fig-domain=\"LEFIGARO\">Le Portugal<\/a>\u00a0a laiss\u00e9 filer dans le temps additionnel sa chance de se qualifier d\u00e8s mardi soir pour le<a href=\"https:\/\/www.lefigaro.fr\/sports\/football\/coupe-du-monde\" target=\"_blank\" data-fig-type=\"Section\" rel=\"sponsored noopener\" data-gtm-custom-categorie=\"navigation\" data-gtm-custom-action=\"crossclick\" data-gtm-custom-label=\"Contextuel\" data-gtm-event=\"customEventSPE\" data-fig-domain=\"LEFIGARO\">\u00a0Mondial-2026<\/a>, en permettant \u00e0 la Hongrie d&rsquo;\u00e9galiser \u00e0 2-2 (90e+1) \u00e0 Lisbonne dans le groupe F des qualifications europ\u00e9ennes.<\/p>\n<p class=\"fig-paragraph\">A la fin du temps r\u00e9glementaire, les Portugais menaient pourtant gr\u00e2ce \u00e0 deux buts de Cristiano Ronaldo et semblaient tenir fermement leur billet pour la coupe du monde aux Etats-Unis, au Canada et au Mexique.<\/p>\n<p>                                    <a class=\"fig-a11y-skip a11y-hidden\" href=\"#fig-a11y-skip-main-inarticle\"><br \/>\n        Passer la publicit\u00e9<br \/>\n    <\/a><\/p>\n<p class=\"fig-paragraph\">Mais Dominik Szoboszlai a pouss\u00e9 dans le but un ballon venu de la droite, repoussant l&rsquo;\u00e9ventuelle qualification des Portugais aux rencontres de novembre.<\/p>\n<p class=\"fig-paragraph\">Au cours de ce match, \u00abCR7\u00bb est devenu \u00e0 40 ans le meilleur buteur de l&rsquo;histoire des qualifications pour la Coupe du monde, tous continents confondus, avec d\u00e9sormais 41 buts.<\/p>\n<p class=\"fig-paragraph\">Le match a mal commenc\u00e9 pour le Portugal. Apr\u00e8s une premi\u00e8re tentative de Ronaldo, qui a vu le ballon s\u2019envoler au dessus des cages, les Hongrois ont cr\u00e9\u00e9 la surprise en ouvrant le score d\u00e8s la 9e minute gr\u00e2ce \u00e0 un but de Szalai, de la t\u00eate sur un corner de Szoboszlai.<\/p>\n<p>Cristiano Ronaldo en patron<\/p>\n<p class=\"fig-paragraph\">Mais le Portugal a rapidement r\u00e9agi. Plus entreprenants, les hommes de Roberto Martinez ont \u00e9galis\u00e9 \u00e0 la 22e minute gr\u00e2ce \u00e0 Ronaldo.<\/p>\n<p class=\"fig-paragraph\">Parfaitement plac\u00e9 dans l\u2019axe, il a marqu\u00e9 d\u2019un tir puissant en reprenant dans les six m\u00e8tres un centre tendu de la droite de Nelson Semedo.<\/p>\n<p>                                    <a class=\"fig-a11y-skip a11y-hidden\" href=\"#fig-a11y-skip-main-inarticle_mtf\"><br \/>\n        Passer la publicit\u00e9<br \/>\n    <\/a><\/p>\n<p class=\"fig-paragraph\">Juste avant la pause (45+3), le capitaine portugais a offert l\u2019avantage aux siens en reprenant un centre de Nuno Mendes.<\/p>\n<p class=\"fig-paragraph\">Les quelque 48.000 spectateurs du stade Alvalade \u00e0 Lisbonne ont explos\u00e9 de joie.<\/p>\n<p class=\"fig-paragraph\">Ce doubl\u00e9 a permis \u00e0 CR7 d\u2019entrer un peu plus dans la l\u00e9gende, en \u00e9tablissant un nouveau record historique de buts inscrits lors de phases de qualification, tous continents confondus.<\/p>\n<p class=\"fig-paragraph\">L\u2019attaquant portugais est devenu le meilleur buteur de l\u2019histoire des qualifications pour la Coupe du monde, en inscrivant ses 40e et 41e buts. Il devance ainsi le Guat\u00e9malt\u00e8que Carlos Ruiz, ancien d\u00e9tenteur du record avec 39 r\u00e9alisations.<\/p>\n<p class=\"fig-paragraph\">En deuxi\u00e8me p\u00e9riode, le Portugal a continu\u00e9 \u00e0 presser, mais sans succ\u00e8s. Malgr\u00e9 plusieurs occasions nettes, notamment des frappes de Ruben Dias et Bruno Fernandes repouss\u00e9es par les poteaux.<\/p>\n<p>                                    <a class=\"fig-a11y-skip a11y-hidden\" href=\"#fig-a11y-skip-main-inarticle_btf\"><br \/>\n        Passer la publicit\u00e9<br \/>\n    <\/a><\/p>\n<p class=\"fig-paragraph\">Mais les Hongrois sont rest\u00e9s dangereux jusqu\u2019au bout. A la 73e minute la Hongrie a fr\u00f4l\u00e9 l\u2019\u00e9galisation, mais le ballon s\u2019est \u00e9cras\u00e9 sur la barre avant d\u2019\u00eatre d\u00e9gag\u00e9 par Ruben Dias.<\/p>\n<p class=\"fig-paragraph\">La douche froide est arriv\u00e9e au d\u00e9but du temps additionnel, lorsque les Hongrois ont \u00e9galis\u00e9 gr\u00e2ce \u00e0 un but de Dominik Szoboszlai (90+1).<\/p>\n","protected":false},"excerpt":{"rendered":"Le Portugal a laiss\u00e9 filer sa qualification dans le temps additionnel face \u00e0 la Hongrie. Cristiano Ronaldo a&hellip;\n","protected":false},"author":2,"featured_media":463893,"comment_status":"","ping_status":"","sticky":false,"template":"","format":"standard","meta":{"footnotes":""},"categories":[9],"tags":[13282,1011,27,60],"class_list":{"0":"post-463892","1":"post","2":"type-post","3":"status-publish","4":"format-standard","5":"has-post-thumbnail","7":"category-sports","8":"tag-cristiano-ronaldo","9":"tag-fr","10":"tag-france","11":"tag-sports"},"share_on_mastodon":{"url":"https:\/\/pubeurope.com\/@fr\/115375988168046627","error":""},"_links":{"self":[{"href":"https:\/\/www.europesays.com\/fr\/wp-json\/wp\/v2\/posts\/463892","targetHints":{"allow":["GET"]}}],"collection":[{"href":"https:\/\/www.europesays.com\/fr\/wp-json\/wp\/v2\/posts"}],"about":[{"href":"https:\/\/www.europesays.com\/fr\/wp-json\/wp\/v2\/types\/post"}],"author":[{"embeddable":true,"href":"https:\/\/www.europesays.com\/fr\/wp-json\/wp\/v2\/users\/2"}],"replies":[{"embeddable":true,"href":"https:\/\/www.europesays.com\/fr\/wp-json\/wp\/v2\/comments?post=463892"}],"version-history":[{"count":0,"href":"https:\/\/www.europesays.com\/fr\/wp-json\/wp\/v2\/posts\/463892\/revisions"}],"wp:featuredmedia":[{"embeddable":true,"href":"https:\/\/www.europesays.com\/fr\/wp-json\/wp\/v2\/media\/463893"}],"wp:attachment":[{"href":"https:\/\/www.europesays.com\/fr\/wp-json\/wp\/v2\/media?parent=463892"}],"wp:term":[{"taxonomy":"category","embeddable":true,"href":"https:\/\/www.europesays.com\/fr\/wp-json\/wp\/v2\/categories?post=463892"},{"taxonomy":"post_tag","embeddable":true,"href":"https:\/\/www.europesays.com\/fr\/wp-json\/wp\/v2\/tags?post=463892"}],"curies":[{"name":"wp","href":"https:\/\/api.w.org\/{rel}","templated":true}]}}