{"id":463898,"date":"2025-10-15T03:12:12","date_gmt":"2025-10-15T03:12:12","guid":{"rendered":"https:\/\/www.europesays.com\/fr\/463898\/"},"modified":"2025-10-15T03:12:12","modified_gmt":"2025-10-15T03:12:12","slug":"pas-de-panique-on-vous-explique-le-message-dalerte-dorange","status":"publish","type":"post","link":"https:\/\/www.europesays.com\/fr\/463898\/","title":{"rendered":"pas de panique, on vous explique le message d&rsquo;alerte d&rsquo;Orange"},"content":{"rendered":"<p>Orange pr\u00e9vient les utilisateurs de vieux mobiles de la fin de la 2G avec un message vocal avant chaque appel. Une initiative qui part d\u2019une bonne intention mais s\u00e8me la confusion, notamment chez les seniors.<\/p>\n<p>\u00ab\u00a0Orange a annonc\u00e9 l\u2019arr\u00eat de son r\u00e9seau 2G en 2026. Vous utilisez un t\u00e9l\u00e9phone 2G, il ne fonctionnera plus d\u00e8s fin mars 2026 dans certaines communes. Pensez \u00e0 le changer d\u00e8s maintenant pour un t\u00e9l\u00e9phone compatible 4G ou 5G. RDV en boutique Orange ou au 3900 pour \u00eatre accompagn\u00e9.\u00a0\u00bb. Si vous ou l\u2019un de vos proches entendez cette phrase depuis quelques jours avant de passer un appel, pas de panique, votre t\u00e9l\u00e9phone n\u2019est pas encore bon pour la poubelle. Il s\u2019agit d\u2019une nouvelle campagne d\u2019information lanc\u00e9e par Orange pour pr\u00e9parer activement la <strong>fin de son r\u00e9seau 2G<\/strong>, pr\u00e9vue pour 2026. Une communication pro-active mais qui, dans les faits, s\u2019av\u00e8re anxiog\u00e8ne et peu claire pour les premiers concern\u00e9s.<\/p>\n<p> Un message d\u2019adieu \u00e0 la 2G qui s\u00e8me la confusion <\/p>\n<p>Depuis le 7 octobre 2025, Orange a commenc\u00e9 \u00e0 diffuser un message d\u2019avertissement automatique avant chaque appel sortant pour les clients \u00e9quip\u00e9s d\u2019un mobile 2G. Pour l\u2019instant, cette alerte ne concerne que les habitants des <strong>Landes (40)<\/strong> et des <strong>Pyr\u00e9n\u00e9es-Atlantiques (64)<\/strong>, car ce sont les premi\u00e8res zones o\u00f9 le <a href=\"https:\/\/www.01net.com\/actualites\/arret-de-la-2g-des-professionnels-tirent-la-sonnette-dalarme.html\" rel=\"nofollow noopener\" target=\"_blank\">r\u00e9seau sera coup\u00e9<\/a>.<\/p>\n<p>Si l\u2019intention est louable, la m\u00e9thode a d\u00e9j\u00e0 provoqu\u00e9 des quiproquos. Sur le forum d\u2019Orange, un internaute raconte la m\u00e9saventure de sa m\u00e8re, \u00e2g\u00e9e de 97 ans\u00a0:<\/p>\n<blockquote>\n<p>\u00ab\u00a0Elle croyait qu\u2019elle ne pouvait plus passer d\u2019appels. En fait il faut savoir qu\u2019il faut patienter jusqu\u2019\u00e0 la fin de l\u2019annonce pour avoir le d\u00e9clenchement de l\u2019appel.\u00a0\u00bb<\/p>\n<\/blockquote>\n<p>L\u2019utilisateur s\u2019inqui\u00e8te \u00e9galement de la r\u00e9p\u00e9tition incessante de ce message pendant les sept mois pr\u00e9c\u00e9dant la coupure effective dans sa commune.<\/p>\n<p> Quand la 2G sera-t-elle coup\u00e9e chez vous\u00a0? Le calendrier <\/p>\n<p>La fin de la 2G sera progressive. Voici le calendrier de d\u00e9ploiement annonc\u00e9 par Orange\u00a0:<\/p>\n<ul>\n<li><strong>31 mars 2026<\/strong> : coupure dans l\u2019agglom\u00e9ration de Biarritz, Anglet et Bayonne.<\/li>\n<li><strong>12 mai 2026<\/strong> : coupure dans le reste des Pyr\u00e9n\u00e9es-Atlantiques et dans les Landes.<\/li>\n<li><strong>9 juin 2026<\/strong> : une nouvelle vague de coupures touchera l\u2019Ari\u00e8ge (09), la Haute-Garonne (31), le Gers (32), le Lot (46), le Lot-et-Garonne (47), les Hautes-Pyr\u00e9n\u00e9es (65) et le Tarn-et-Garonne (82).<\/li>\n<li><strong>\u00c0 partir de fin septembre 2026<\/strong> : le reste de la France m\u00e9tropolitaine verra le r\u00e9seau 2G d\u2019Orange s\u2019\u00e9teindre progressivement.<\/li>\n<\/ul>\n<p>Les plannings pr\u00e9cis pour SFR et Bouygues Telecom ne sont pas encore connus. Quant \u00e0 Free, il est important de rappeler que l\u2019op\u00e9rateur <a href=\"https:\/\/www.01net.com\/actualites\/fin-du-reseau-2g-free-mobile-pousse-les-derniers-clients-a-changer-de-telephone.html\" rel=\"nofollow noopener\" target=\"_blank\">continue d\u2019utiliser les r\u00e9seaux 2G et 3G d\u2019Orange<\/a> dans le cadre d\u2019un contrat d\u2019itin\u00e9rance, et d\u00e9pend donc des \u00e9ch\u00e9ances d\u2019Orange pour la fermeture de ces r\u00e9seaux.<\/p>\n<p> Comment d\u00e9sactiver ce message (et que faire ensuite)\u00a0? <\/p>\n<p>La bonne nouvelle, c\u2019est qu\u2019il est possible de mettre fin \u00e0 cette ritournelle. Selon des informations internes rapport\u00e9es par nos confr\u00e8res d\u2019<a href=\"https:\/\/www.igen.fr\/telecoms\/2025\/10\/fin-de-la-2g-orange-commence-alerter-les-utilisateurs-de-vieux-telephones-avant-chaque-appel-152795\" target=\"_blank\" rel=\"false noopener nofollow\">iGeneration<\/a>, les abonn\u00e9s concern\u00e9s peuvent demander la <strong>d\u00e9sactivation du message automatique en contactant le service client au 3900<\/strong>.<\/p>\n<p>Attention cependant, cela ne r\u00e9sout pas le probl\u00e8me de fond. Un vieux t\u00e9l\u00e9phone 2G deviendra inutilisable \u00e0 la date butoir. Pour accompagner cette transition, Orange propose actuellement un bonus reprise de 50 euros pour l\u2019\u00e9change d\u2019un mobile 2G contre un t\u00e9l\u00e9phone 4G \u00e0 touches, comme le Doro Leva L30 ou le Hinto2. Une solution pour passer \u00e0 la modernit\u00e9 sans pour autant devoir adopter un smartphone.<\/p>\n<blockquote>\n<p class=\"text-base text-neutral-700 dark:text-neutral-300\">\ud83d\udd34 Pour ne manquer aucune actualit\u00e9 de 01net, suivez-nous sur <a href=\"https:\/\/news.google.com\/publications\/CAAqBwgKMJPsvAswoIfUAw?hl=fr&amp;gl=FR&amp;ceid=FR%3Afr\" target=\"_blank\" rel=\"nofollow noopener\">Google Actualit\u00e9s<\/a> et <a href=\"https:\/\/whatsapp.com\/channel\/0029VaH5gKg6xCSG9nQQhQ1Z\" target=\"_blank\" rel=\"nofollow noopener\">WhatsApp<\/a>.<\/p>\n<\/blockquote>\n","protected":false},"excerpt":{"rendered":"Orange pr\u00e9vient les utilisateurs de vieux mobiles de la fin de la 2G avec un message vocal avant&hellip;\n","protected":false},"author":2,"featured_media":463899,"comment_status":"","ping_status":"","sticky":false,"template":"","format":"standard","meta":{"footnotes":""},"categories":[6],"tags":[58823,35,33,34,1011,27,738],"class_list":{"0":"post-463898","1":"post","2":"type-post","3":"status-publish","4":"format-standard","5":"has-post-thumbnail","7":"category-economie","8":"tag-2g","9":"tag-business","10":"tag-economie","11":"tag-economy","12":"tag-fr","13":"tag-france","14":"tag-orange"},"share_on_mastodon":{"url":"https:\/\/pubeurope.com\/@fr\/115375999810441845","error":""},"_links":{"self":[{"href":"https:\/\/www.europesays.com\/fr\/wp-json\/wp\/v2\/posts\/463898","targetHints":{"allow":["GET"]}}],"collection":[{"href":"https:\/\/www.europesays.com\/fr\/wp-json\/wp\/v2\/posts"}],"about":[{"href":"https:\/\/www.europesays.com\/fr\/wp-json\/wp\/v2\/types\/post"}],"author":[{"embeddable":true,"href":"https:\/\/www.europesays.com\/fr\/wp-json\/wp\/v2\/users\/2"}],"replies":[{"embeddable":true,"href":"https:\/\/www.europesays.com\/fr\/wp-json\/wp\/v2\/comments?post=463898"}],"version-history":[{"count":0,"href":"https:\/\/www.europesays.com\/fr\/wp-json\/wp\/v2\/posts\/463898\/revisions"}],"wp:featuredmedia":[{"embeddable":true,"href":"https:\/\/www.europesays.com\/fr\/wp-json\/wp\/v2\/media\/463899"}],"wp:attachment":[{"href":"https:\/\/www.europesays.com\/fr\/wp-json\/wp\/v2\/media?parent=463898"}],"wp:term":[{"taxonomy":"category","embeddable":true,"href":"https:\/\/www.europesays.com\/fr\/wp-json\/wp\/v2\/categories?post=463898"},{"taxonomy":"post_tag","embeddable":true,"href":"https:\/\/www.europesays.com\/fr\/wp-json\/wp\/v2\/tags?post=463898"}],"curies":[{"name":"wp","href":"https:\/\/api.w.org\/{rel}","templated":true}]}}