{"id":463911,"date":"2025-10-15T03:20:11","date_gmt":"2025-10-15T03:20:11","guid":{"rendered":"https:\/\/www.europesays.com\/fr\/463911\/"},"modified":"2025-10-15T03:20:11","modified_gmt":"2025-10-15T03:20:11","slug":"une-retrospective-a-la-maison-pouillon-de-la-seyne","status":"publish","type":"post","link":"https:\/\/www.europesays.com\/fr\/463911\/","title":{"rendered":"une r\u00e9trospective \u00e0 la Maison Pouillon de La Seyne"},"content":{"rendered":"<p class=\"fs-5 \">Il est de ces figures embl\u00e9matiques qui ont marqu\u00e9 leur \u00e9poque et font conna\u00eetre au-del\u00e0 de nos fronti\u00e8res les reliefs et les couleurs chatoyantes de la belle et lumineuse Provence. Un des rares t\u00e9moins du mouvement culturel proven\u00e7al. Ancr\u00e9 \u00e0 la table des Ma\u00eetres proven\u00e7aux, aux c\u00f4t\u00e9s de ses r\u00e9f\u00e9rents et amis Eug\u00e8ne Baboul\u00e8ne, Henri Pertus, Robert Mendoze ou encore F\u00e9lix Tisot.<\/p>\n<p class=\"fs-5 \">Louis Arride, aujourd\u2019hui \u00e2g\u00e9 de 92 ans, avec la complicit\u00e9 de son admirateur le plus cher et artiste, son fils Daniel-Antoine, est invit\u00e9 par la ville de La Seyne \u00e0 exposer une r\u00e9trospective de son \u0153uvre, \u00e0 la Maison Pouillon.<\/p>\n<p class=\"fs-5 \">Attir\u00e9 par le dessin d\u00e8s son plus jeune \u00e2ge, le Revestois Louis Arride d\u00e9couvre le vaste monde passionnant de la peinture aux Beaux-arts toulonnais. Alors qu\u2019il fr\u00e9quente les ateliers de Baboul\u00e8ne et Pertus, il acquiert la connaissance du mouvement des Ma\u00eetres proven\u00e7aux, adopte leurs techniques qui, plus tard, l\u2019am\u00e8neront \u00e0 une vision plus personnalis\u00e9e.<\/p>\n<p>                                                                                L\u2019artiste s\u2019\u00e9mancipe de ses ma\u00eetres<\/p>\n<p class=\"fs-5 \">Au fil des ans, dans son petit atelier-maison, lov\u00e9 sur la pente des Arrosants, petit \u00e0 petit, l\u2019artiste s\u2019\u00e9mancipe de ses ma\u00eetres, encha\u00eene des s\u00e9ries \u00e9volutives, jusqu\u2019\u00e0 trouver sa propre identit\u00e9 picturale. Travaillant son propre regard, en osmose avec cette nature luxuriante, affinant son style particulier, Louis Arride s\u2019int\u00e8gre certes au mouvement, tout en imposant sa propre perception du trait et de la couleur. Ce qui en fait aujourd\u2019hui, au m\u00eame titre que ses acolytes du moment, une r\u00e9f\u00e9rence \u00e0 part enti\u00e8re dans le style.<\/p>\n<p class=\"fs-5 \">Louis Arride, \u00ab ce p\u00e8re qui partageait ses repas familiaux dominicaux sous la tonnelle, avec Paul C\u00e9zanne, avec notre voisin Eug\u00e8ne Baboul\u00e8ne, Antoni Clav\u00e9, Henri Tisot et C\u00e9sar, sculpteur du troph\u00e9e qui porte son nom \u00bb, se souvient Daniel-Antoine.<\/p>\n<p class=\"fs-5 \">Qui alors enfant espi\u00e8gle, jouait en toute innocence sous la table, \u00e0 d\u00e9faire les lacets de ces grands visionnaires. \u00ab Je me souviens aussi, Baboul\u00e8ne n\u2019ayant pas le permis, de voir mon p\u00e8re et lui partir \u00e0 bord de notre 404, \u00e0 la chasse des meilleurs postes \u00e0 Tamaris ou Saint-Elme, afin de croquer quelques vues inspirantes, qui donnaient par la suite vie \u00e0 de nouvelles s\u00e9ries picturales. Ou encore lorsque mon p\u00e8re \u00e9tait invit\u00e9 \u00e0 la table de Franck Fernandel, dans sa demeure des Mille Roses, avec Henri Salvador et la fille de Jean Gabin \u00bb.<\/p>\n<p class=\"fs-5 \">Les souvenirs, les anecdotes refont surface et s\u2019encha\u00eenent, tant de souvenirs familiers qui lui paraissaient anodins \u00e0 l\u2019\u00e9poque, qui aujourd\u2019hui r\u00e9sonnent diff\u00e9remment, lorsque l\u2019on sait que tous ces hommes ont \u00e9crit l\u2019histoire culturelle du Var et de la Provence. Des r\u00e9cits captivants, recueillis dans un ouvrage, une trilogie familiale biographique, Couleur de terre, de sang et de miel, Louis Arride et Daniel-Antoine, de Philyan Dune et Nathalie Silfio, aux \u00e9ditions des Presses du Midi.<\/p>\n<p>                                                                                Il portait toujours un regard insatisfait sur ses tableaux<\/p>\n<p class=\"fs-5 \">Affaibli depuis plusieurs mois, depuis sa derni\u00e8re exposition en 2024, Louis Arride n\u2019envisageait plus d\u2019exposer publiquement. Mais c\u2019\u00e9tait sans compter sur l\u2019admiration de son fils et l\u2019int\u00e9r\u00eat port\u00e9 par son public. Le peintre porte un regard toujours insatisfait sur ses travaux, toujours en qu\u00eate d\u2019am\u00e9lioration sur la particularit\u00e9 de son \u0153uvre. Dans l\u2019espoir qu\u2019un jour, l\u2019on reconnaisse du premier coup d\u2019\u0153il une toile d\u2019Arride, comme l\u2019on reconna\u00eet un Picasso.<\/p>\n<p class=\"fs-5 \">Peintre et sculpteur, on lui doit aussi la fameuse statue de bronze \u00e0 l\u2019effigie de Raimu (1996), rue Racine pr\u00e8s de l\u2019op\u00e9ra de Toulon, ou encore son autoportrait de bronze, expos\u00e9 ce mois-ci \u00e0 la Maison Pouillon, au c\u0153ur d\u2019une superbe r\u00e9trospective. Hommage \u00e0 Louis Arride, port\u00e9 par son fils Daniel-Antoine.<\/p>\n<p class=\"fs-5 \"><strong>&gt;Pratique <\/strong>Jusqu\u2019au 15 novembre, \u00e0 la Maison Pouillon (Sablettes). Du mardi au samedi, de 9 h \u00e0 12 h et de 14 h \u00e0 17 h 30.<\/p>\n","protected":false},"excerpt":{"rendered":"Il est de ces figures embl\u00e9matiques qui ont marqu\u00e9 leur \u00e9poque et font conna\u00eetre au-del\u00e0 de nos fronti\u00e8res&hellip;\n","protected":false},"author":2,"featured_media":463912,"comment_status":"","ping_status":"","sticky":false,"template":"","format":"standard","meta":{"footnotes":""},"categories":[9619],"tags":[1111,11,1777,674,1011,27,12,882,25,2310],"class_list":{"0":"post-463911","1":"post","2":"type-post","3":"status-publish","4":"format-standard","5":"has-post-thumbnail","7":"category-toulon","8":"tag-actu","9":"tag-actualites","10":"tag-eu","11":"tag-europe","12":"tag-fr","13":"tag-france","14":"tag-news","15":"tag-provence-alpes-cote-dazur","16":"tag-republique-francaise","17":"tag-toulon"},"share_on_mastodon":{"url":"https:\/\/pubeurope.com\/@fr\/115376031329268517","error":""},"_links":{"self":[{"href":"https:\/\/www.europesays.com\/fr\/wp-json\/wp\/v2\/posts\/463911","targetHints":{"allow":["GET"]}}],"collection":[{"href":"https:\/\/www.europesays.com\/fr\/wp-json\/wp\/v2\/posts"}],"about":[{"href":"https:\/\/www.europesays.com\/fr\/wp-json\/wp\/v2\/types\/post"}],"author":[{"embeddable":true,"href":"https:\/\/www.europesays.com\/fr\/wp-json\/wp\/v2\/users\/2"}],"replies":[{"embeddable":true,"href":"https:\/\/www.europesays.com\/fr\/wp-json\/wp\/v2\/comments?post=463911"}],"version-history":[{"count":0,"href":"https:\/\/www.europesays.com\/fr\/wp-json\/wp\/v2\/posts\/463911\/revisions"}],"wp:featuredmedia":[{"embeddable":true,"href":"https:\/\/www.europesays.com\/fr\/wp-json\/wp\/v2\/media\/463912"}],"wp:attachment":[{"href":"https:\/\/www.europesays.com\/fr\/wp-json\/wp\/v2\/media?parent=463911"}],"wp:term":[{"taxonomy":"category","embeddable":true,"href":"https:\/\/www.europesays.com\/fr\/wp-json\/wp\/v2\/categories?post=463911"},{"taxonomy":"post_tag","embeddable":true,"href":"https:\/\/www.europesays.com\/fr\/wp-json\/wp\/v2\/tags?post=463911"}],"curies":[{"name":"wp","href":"https:\/\/api.w.org\/{rel}","templated":true}]}}