{"id":463923,"date":"2025-10-15T03:28:21","date_gmt":"2025-10-15T03:28:21","guid":{"rendered":"https:\/\/www.europesays.com\/fr\/463923\/"},"modified":"2025-10-15T03:28:21","modified_gmt":"2025-10-15T03:28:21","slug":"a-rennes-lecrivain-olivier-adam-invite-a-lespace-ouest-france-ce-mercredi","status":"publish","type":"post","link":"https:\/\/www.europesays.com\/fr\/463923\/","title":{"rendered":"\u00c0 Rennes, l\u2019\u00e9crivain Olivier Adam invit\u00e9 \u00e0 l\u2019Espace Ouest-France ce mercredi"},"content":{"rendered":"<p><strong>Mercredi 15\u00a0octobre<\/strong>, \u00e0 19\u00a0h, l\u2019\u00e9crivain Olivier Adam est invit\u00e9 pour son roman paru aux \u00e9ditions Flammarion Et toute la vie devant nous, en partenariat avec la librairie Le Failler. La rencontre sera suivie d\u2019une s\u00e9ance de d\u00e9dicaces.<\/p>\n<p>Sur r\u00e9servation\u00a0:<a href=\"https:\/\/my.weezevent.com\/olivier-adam-1\" target=\"_blank\" rel=\"noopener\"> my.weezevent.com\/olivier-adam-1<\/a><\/p>\n<p><strong>Vendredi 17\u00a0octobre<\/strong>, \u00e0 19\u00a0h, \u00c9tienne Davodeau et Fran\u00e7oise Roy seront les invit\u00e9s de l\u2019espace Ouest-France, vendredi 17\u00a0octobre, \u00e0 18\u00a0h, pour leur BD, parue chez Futuropolis, L\u00e0 o\u00f9 tu vas, en partenariat avec la librairie Critic. La rencontre sera suivie d\u2019une s\u00e9ance de d\u00e9dicaces (un tirage au sort de 30\u00a0personnes sera effectu\u00e9).<\/p>\n<p>Sur r\u00e9servation\u00a0:<a href=\"https:\/\/my.weezevent.com\/etienne-davodeau-et-francoise-roy\" target=\"_blank\" rel=\"noopener\"> my.weezevent.com\/etienne-davodeau-et-francoise-roy<\/a><\/p>\n<p>Espace Ouest-France, rue du Pr\u00e9-Bott\u00e9, \u00e0 Rennes. Programme \u00e9tabli sous r\u00e9serve de modifications. Renseignements, t\u00e9l.\u00a002\u00a099\u00a029\u00a069\u00a084 ou en \u00e9crivant \u00e0 l\u2019adresse suivante\u00a0: espaceouestfrance@ouest-france.fr<\/p>\n<p>\u00a0<\/p>\n","protected":false},"excerpt":{"rendered":"Mercredi 15\u00a0octobre, \u00e0 19\u00a0h, l\u2019\u00e9crivain Olivier Adam est invit\u00e9 pour son roman paru aux \u00e9ditions Flammarion Et toute&hellip;\n","protected":false},"author":2,"featured_media":463924,"comment_status":"","ping_status":"","sticky":false,"template":"","format":"standard","meta":{"footnotes":""},"categories":[2821],"tags":[1111,11,40023,829,2005,386,1777,674,1011,27,508,6774,12,1766,7418,584,25],"class_list":{"0":"post-463923","1":"post","2":"type-post","3":"status-publish","4":"format-standard","5":"has-post-thumbnail","7":"category-rennes","8":"tag-actu","9":"tag-actualites","10":"tag-adam","11":"tag-bretagne","12":"tag-ecrivain","13":"tag-espace","14":"tag-eu","15":"tag-europe","16":"tag-fr","17":"tag-france","18":"tag-invite","19":"tag-mercredi","20":"tag-news","21":"tag-olivier","22":"tag-ouest-france","23":"tag-rennes","24":"tag-republique-francaise"},"share_on_mastodon":{"url":"https:\/\/pubeurope.com\/@fr\/115376062699730310","error":""},"_links":{"self":[{"href":"https:\/\/www.europesays.com\/fr\/wp-json\/wp\/v2\/posts\/463923","targetHints":{"allow":["GET"]}}],"collection":[{"href":"https:\/\/www.europesays.com\/fr\/wp-json\/wp\/v2\/posts"}],"about":[{"href":"https:\/\/www.europesays.com\/fr\/wp-json\/wp\/v2\/types\/post"}],"author":[{"embeddable":true,"href":"https:\/\/www.europesays.com\/fr\/wp-json\/wp\/v2\/users\/2"}],"replies":[{"embeddable":true,"href":"https:\/\/www.europesays.com\/fr\/wp-json\/wp\/v2\/comments?post=463923"}],"version-history":[{"count":0,"href":"https:\/\/www.europesays.com\/fr\/wp-json\/wp\/v2\/posts\/463923\/revisions"}],"wp:featuredmedia":[{"embeddable":true,"href":"https:\/\/www.europesays.com\/fr\/wp-json\/wp\/v2\/media\/463924"}],"wp:attachment":[{"href":"https:\/\/www.europesays.com\/fr\/wp-json\/wp\/v2\/media?parent=463923"}],"wp:term":[{"taxonomy":"category","embeddable":true,"href":"https:\/\/www.europesays.com\/fr\/wp-json\/wp\/v2\/categories?post=463923"},{"taxonomy":"post_tag","embeddable":true,"href":"https:\/\/www.europesays.com\/fr\/wp-json\/wp\/v2\/tags?post=463923"}],"curies":[{"name":"wp","href":"https:\/\/api.w.org\/{rel}","templated":true}]}}