{"id":463925,"date":"2025-10-15T03:29:55","date_gmt":"2025-10-15T03:29:55","guid":{"rendered":"https:\/\/www.europesays.com\/fr\/463925\/"},"modified":"2025-10-15T03:29:55","modified_gmt":"2025-10-15T03:29:55","slug":"grosse-perturbation-en-gare-de-rennes-retards-et-suppressions-a-prevoir","status":"publish","type":"post","link":"https:\/\/www.europesays.com\/fr\/463925\/","title":{"rendered":"grosse perturbation en gare de Rennes, retards et suppressions \u00e0 pr\u00e9voir"},"content":{"rendered":"<p>            Par<br \/>\n        <strong><br \/>\n            <a href=\"https:\/\/actu.fr\/auteur\/laurene-fertin\" title=\"Consulter tous les articles de Laur\u00e8ne Fertin\" rel=\"nofollow noopener\" target=\"_blank\">Laur\u00e8ne Fertin<\/a><br \/>\n        <\/strong><\/p>\n<p>        Publi\u00e9 le<\/p>\n<p>            14 oct. 2025 \u00e0 7h50        <\/p>\n<p>Ce mardi 14\u00a0octobre 2025, une panne de signalisation a \u00e9t\u00e9 identifi\u00e9e pr\u00e8s de Rennes, indique la SNCF, sur <a href=\"https:\/\/x.com\/TERBreizhGo\/status\/1977963410810618158\" rel=\"nofollow\">X<\/a>.<\/p>\n<p class=\" wall-content\">\u00ab\u2009Des <strong>retards<\/strong> et <strong>suppression<\/strong> sont \u00e0 pr\u00e9voir\u2009\u00bb, notamment sur la <strong>ligne Rennes \u2013 Brest<\/strong>, plus particuli\u00e8rement entre Rennes et Saint-Brieuc.<\/p>\n<p class=\" wall-content\">Selon la SNCF, les \u00ab\u2009personnels d\u2019astreinte sont sur place\u2009\u00bb afin de rechercher le \u00ab\u2009d\u00e9faut est en cours\u2009\u00bb. <strong>La reprise du trafic est estim\u00e9e \u00e0 23h,<\/strong> ce mardi soir.<\/p>\n<p class=\" wall-content\">Personnalisez votre actualit\u00e9 en ajoutant vos villes et m\u00e9dias en favori avec <a href=\"https:\/\/moncompte.actu.fr\" title=\"D\u00e9couvez Mon Actu\" rel=\"nofollow noopener\" data-trk=\"{&quot;cta&quot;:{&quot;action&quot;:&quot;https:\\\/\\\/moncompte.actu.fr&quot;,&quot;category&quot;:&quot;mon compte&quot;,&quot;from&quot;:&quot;article footer&quot;,&quot;name&quot;:&quot;Mon actu&quot;,&quot;type&quot;:&quot;cta&quot;}}\" target=\"_blank\">Mon Actu<\/a>.<\/p>\n","protected":false},"excerpt":{"rendered":"Par Laur\u00e8ne Fertin Publi\u00e9 le 14 oct. 2025 \u00e0 7h50 Ce mardi 14\u00a0octobre 2025, une panne de signalisation&hellip;\n","protected":false},"author":2,"featured_media":463926,"comment_status":"","ping_status":"","sticky":false,"template":"","format":"standard","meta":{"footnotes":""},"categories":[2821],"tags":[1111,11,829,1777,674,1011,27,12,584,25,2215,104],"class_list":{"0":"post-463925","1":"post","2":"type-post","3":"status-publish","4":"format-standard","5":"has-post-thumbnail","7":"category-rennes","8":"tag-actu","9":"tag-actualites","10":"tag-bretagne","11":"tag-eu","12":"tag-europe","13":"tag-fr","14":"tag-france","15":"tag-news","16":"tag-rennes","17":"tag-republique-francaise","18":"tag-sncf","19":"tag-societe"},"share_on_mastodon":{"url":"https:\/\/pubeurope.com\/@fr\/115376070539994885","error":""},"_links":{"self":[{"href":"https:\/\/www.europesays.com\/fr\/wp-json\/wp\/v2\/posts\/463925","targetHints":{"allow":["GET"]}}],"collection":[{"href":"https:\/\/www.europesays.com\/fr\/wp-json\/wp\/v2\/posts"}],"about":[{"href":"https:\/\/www.europesays.com\/fr\/wp-json\/wp\/v2\/types\/post"}],"author":[{"embeddable":true,"href":"https:\/\/www.europesays.com\/fr\/wp-json\/wp\/v2\/users\/2"}],"replies":[{"embeddable":true,"href":"https:\/\/www.europesays.com\/fr\/wp-json\/wp\/v2\/comments?post=463925"}],"version-history":[{"count":0,"href":"https:\/\/www.europesays.com\/fr\/wp-json\/wp\/v2\/posts\/463925\/revisions"}],"wp:featuredmedia":[{"embeddable":true,"href":"https:\/\/www.europesays.com\/fr\/wp-json\/wp\/v2\/media\/463926"}],"wp:attachment":[{"href":"https:\/\/www.europesays.com\/fr\/wp-json\/wp\/v2\/media?parent=463925"}],"wp:term":[{"taxonomy":"category","embeddable":true,"href":"https:\/\/www.europesays.com\/fr\/wp-json\/wp\/v2\/categories?post=463925"},{"taxonomy":"post_tag","embeddable":true,"href":"https:\/\/www.europesays.com\/fr\/wp-json\/wp\/v2\/tags?post=463925"}],"curies":[{"name":"wp","href":"https:\/\/api.w.org\/{rel}","templated":true}]}}